{"id":159287,"date":"2021-09-07T13:58:17","date_gmt":"2021-09-07T11:58:17","guid":{"rendered":"https:\/\/graziamagazine.com\/es\/?post_type=articles&#038;p=159287"},"modified":"2021-09-07T16:42:31","modified_gmt":"2021-09-07T14:42:31","slug":"disney-prepara-una-serie-sobre-la-vida-de-karl-lagerfeld","status":"publish","type":"articles","link":"https:\/\/graziamagazine.com\/es\/articles\/disney-prepara-una-serie-sobre-la-vida-de-karl-lagerfeld\/","title":{"rendered":"Disney+ prepara una serie sobre la vida de Karl Lagerfeld"},"content":{"rendered":"<p><span style=\"font-weight: 400\">El legendario dise\u00f1ador de moda<strong> Karl Lagerfeld,<\/strong> inmortalizado por sus creaciones como director creativo de<strong> Chanel y Fendi<\/strong>, tendr\u00e1 su propia serie en <strong>Disney+<\/strong>,<strong><em>Kaiser Karl.<\/em><\/strong><\/span><\/p>\n<p><span style=\"font-weight: 400\">Si bien han existido ya varios documentales sobre este \u00edcono de la moda, <em>Kaiser Karl<\/em> ser\u00e1 la primera serie dram\u00e1tica sobre su vida. La historia comenzar\u00e1 en 1972 y seguir\u00e1 la b\u00fasqueda de Lagerfeld para convertirse en el sucesor de <strong>Coco Chanel<\/strong>, en Chanel.\u00a0<\/span><\/p>\n<p><span style=\"font-weight: 400\">Para convertirla en una serie de culto en el mundo de la moda, la serie tambi\u00e9n abordar\u00e1 la rivalidad entre Lagerfeld y el socio de <strong>Yves Saint Laurent<\/strong>, <strong>Pierre Berge<\/strong>, as\u00ed como su historia de amor con <strong>Jacques de Bascher.<\/strong><\/span><\/p>\n<p><span style=\"font-weight: 400\">\u00abTenemos una lista europea incre\u00edblemente diversa y emocionante, y <em>Kaiser Karl<\/em> es indicativo del tipo de historias que queremos contar. Tambi\u00e9n sentimos que la historia de Lagerfeld realmente no ha recibido su merecido hasta ahora y estamos ansiosos por compartirla con nuestra audiencia de Disney Plus\u00bb, dijo Jan Koeppen, presidente de The Walt Disney Company EMEA.<\/span><\/p>\n<p><span style=\"font-weight: 400\">La serie de seis cap\u00edtulos ser\u00e1 filmada en Francia, producida por Gaumont (productora de la serie <em><strong>Lupin<\/strong><\/em>)y estar\u00e1 basada en la biograf\u00eda hom\u00f3nima de <strong>Rapha\u00eblle Bacqu\u00e9.<\/strong><\/span><\/p>\n<p><span style=\"font-weight: 400\">\u201cNos sedujo de inmediato la idea de una adaptaci\u00f3n de la biograf\u00eda de Bacqu\u00e9, que marcar\u00e1 la primera colaboraci\u00f3n entre Disney y Gaumont en un programa original franc\u00e9s. La serie muestra un momento \u00fanico de transformaci\u00f3n en la industria de la moda en Francia en los a\u00f1os 70, encarnado por un \u00edcono con m\u00faltiples metamorfosis, Karl Lagerfeld\u201d, dijo a su vez Pauline Dauvin, vicepresidenta de programaci\u00f3n y producciones originales de The Walt Disney Company, Francia.<\/span><\/p>\n<p><span style=\"font-weight: 400\">Todav\u00eda no se ha dado una fecha de estreno ni qu\u00e9 actores participar\u00e1n en este proyecto, pero te lo contaremos en cuanto sea revelado.<\/span><\/p>\n<p><em>*Imagen: Getty Images<\/em><\/p>\n","protected":false},"author":16349,"featured_media":159288,"template":"","format":"standard","categories":[14,21],"acf":[],"yoast_head":"<!-- This site is optimized with the Yoast SEO Premium plugin v18.5 (Yoast SEO v20.4) - https:\/\/yoast.com\/wordpress\/plugins\/seo\/ -->\n<title>Disney+ prepara una serie sobre la vida de Karl Lagerfeld | Grazia<\/title>\n<meta name=\"description\" content=\"El Kaiser ser\u00e1 el protagonista de esta serie de la que sabemos tendr\u00e1 a Par\u00eds como escenario de lujo.\" \/>\n<meta name=\"robots\" content=\"index, follow, max-snippet:-1, max-image-preview:large, max-video-preview:-1\" \/>\n<link rel=\"canonical\" href=\"https:\/\/graziamagazine.com\/es\/articles\/disney-prepara-una-serie-sobre-la-vida-de-karl-lagerfeld\/\" \/>\n<meta property=\"og:locale\" content=\"es_ES\" \/>\n<meta property=\"og:type\" content=\"article\" \/>\n<meta property=\"og:title\" content=\"Disney+ prepara una serie sobre la vida de Karl Lagerfeld\" \/>\n<meta property=\"og:description\" content=\"El Kaiser ser\u00e1 el protagonista de esta serie de la que sabemos tendr\u00e1 a Par\u00eds como escenario de lujo.\" \/>\n<meta property=\"og:url\" content=\"https:\/\/graziamagazine.com\/es\/articles\/disney-prepara-una-serie-sobre-la-vida-de-karl-lagerfeld\/\" \/>\n<meta property=\"og:site_name\" content=\"Grazia\" \/>\n<meta property=\"article:modified_time\" content=\"2021-09-07T14:42:31+00:00\" \/>\n<meta property=\"og:image\" content=\"https:\/\/graziamagazine.com\/es\/wp-content\/uploads\/sites\/12\/2021\/09\/horion-gettyimages-545059362_0.jpeg?fit=1140%2C855\" \/>\n\t<meta property=\"og:image:width\" content=\"1140\" \/>\n\t<meta property=\"og:image:height\" content=\"855\" \/>\n\t<meta property=\"og:image:type\" content=\"image\/jpeg\" \/>\n<meta name=\"twitter:card\" content=\"summary_large_image\" \/>\n<meta name=\"twitter:label1\" content=\"Est. reading time\" \/>\n\t<meta name=\"twitter:data1\" content=\"2 minutos\" \/>\n<script type=\"application\/ld+json\" class=\"yoast-schema-graph\">{\"@context\":\"https:\/\/schema.org\",\"@graph\":[{\"@type\":\"WebPage\",\"@id\":\"https:\/\/graziamagazine.com\/es\/articles\/disney-prepara-una-serie-sobre-la-vida-de-karl-lagerfeld\/\",\"url\":\"https:\/\/graziamagazine.com\/es\/articles\/disney-prepara-una-serie-sobre-la-vida-de-karl-lagerfeld\/\",\"name\":\"Disney+ prepara una serie sobre la vida de Karl Lagerfeld | Grazia\",\"isPartOf\":{\"@id\":\"https:\/\/graziamagazine.com\/es\/#website\"},\"datePublished\":\"2021-09-07T11:58:17+00:00\",\"dateModified\":\"2021-09-07T14:42:31+00:00\",\"description\":\"El Kaiser ser\u00e1 el protagonista de esta serie de la que sabemos tendr\u00e1 a Par\u00eds como escenario de lujo.\",\"breadcrumb\":{\"@id\":\"https:\/\/graziamagazine.com\/es\/articles\/disney-prepara-una-serie-sobre-la-vida-de-karl-lagerfeld\/#breadcrumb\"},\"inLanguage\":\"es\",\"potentialAction\":[{\"@type\":\"ReadAction\",\"target\":[\"https:\/\/graziamagazine.com\/es\/articles\/disney-prepara-una-serie-sobre-la-vida-de-karl-lagerfeld\/\"]}]},{\"@type\":\"BreadcrumbList\",\"@id\":\"https:\/\/graziamagazine.com\/es\/articles\/disney-prepara-una-serie-sobre-la-vida-de-karl-lagerfeld\/#breadcrumb\",\"itemListElement\":[{\"@type\":\"ListItem\",\"position\":1,\"name\":\"Portada\",\"item\":\"https:\/\/graziamagazine.com\/es\/\"},{\"@type\":\"ListItem\",\"position\":2,\"name\":\"Disney+ prepara una serie sobre la vida de Karl Lagerfeld\"}]},{\"@type\":\"WebSite\",\"@id\":\"https:\/\/graziamagazine.com\/es\/#website\",\"url\":\"https:\/\/graziamagazine.com\/es\/\",\"name\":\"Grazia\",\"description\":\"Moda, belleza, celebrities, estilo de vida...\",\"potentialAction\":[{\"@type\":\"SearchAction\",\"target\":{\"@type\":\"EntryPoint\",\"urlTemplate\":\"https:\/\/graziamagazine.com\/es\/?s={search_term_string}\"},\"query-input\":\"required name=search_term_string\"}],\"inLanguage\":\"es\"}]}<\/script>\n<!-- \/ Yoast SEO Premium plugin. -->","yoast_head_json":{"title":"Disney+ prepara una serie sobre la vida de Karl Lagerfeld | Grazia","description":"El Kaiser ser\u00e1 el protagonista de esta serie de la que sabemos tendr\u00e1 a Par\u00eds como escenario de lujo.","robots":{"index":"index","follow":"follow","max-snippet":"max-snippet:-1","max-image-preview":"max-image-preview:large","max-video-preview":"max-video-preview:-1"},"canonical":"https:\/\/graziamagazine.com\/es\/articles\/disney-prepara-una-serie-sobre-la-vida-de-karl-lagerfeld\/","og_locale":"es_ES","og_type":"article","og_title":"Disney+ prepara una serie sobre la vida de Karl Lagerfeld","og_description":"El Kaiser ser\u00e1 el protagonista de esta serie de la que sabemos tendr\u00e1 a Par\u00eds como escenario de lujo.","og_url":"https:\/\/graziamagazine.com\/es\/articles\/disney-prepara-una-serie-sobre-la-vida-de-karl-lagerfeld\/","og_site_name":"Grazia","article_modified_time":"2021-09-07T14:42:31+00:00","og_image":[{"width":1140,"height":855,"url":"https:\/\/graziamagazine.com\/es\/wp-content\/uploads\/sites\/12\/2021\/09\/horion-gettyimages-545059362_0.jpeg?fit=1140%2C855","type":"image\/jpeg"}],"twitter_card":"summary_large_image","twitter_misc":{"Est. reading time":"2 minutos"},"schema":{"@context":"https:\/\/schema.org","@graph":[{"@type":"WebPage","@id":"https:\/\/graziamagazine.com\/es\/articles\/disney-prepara-una-serie-sobre-la-vida-de-karl-lagerfeld\/","url":"https:\/\/graziamagazine.com\/es\/articles\/disney-prepara-una-serie-sobre-la-vida-de-karl-lagerfeld\/","name":"Disney+ prepara una serie sobre la vida de Karl Lagerfeld | Grazia","isPartOf":{"@id":"https:\/\/graziamagazine.com\/es\/#website"},"datePublished":"2021-09-07T11:58:17+00:00","dateModified":"2021-09-07T14:42:31+00:00","description":"El Kaiser ser\u00e1 el protagonista de esta serie de la que sabemos tendr\u00e1 a Par\u00eds como escenario de lujo.","breadcrumb":{"@id":"https:\/\/graziamagazine.com\/es\/articles\/disney-prepara-una-serie-sobre-la-vida-de-karl-lagerfeld\/#breadcrumb"},"inLanguage":"es","potentialAction":[{"@type":"ReadAction","target":["https:\/\/graziamagazine.com\/es\/articles\/disney-prepara-una-serie-sobre-la-vida-de-karl-lagerfeld\/"]}]},{"@type":"BreadcrumbList","@id":"https:\/\/graziamagazine.com\/es\/articles\/disney-prepara-una-serie-sobre-la-vida-de-karl-lagerfeld\/#breadcrumb","itemListElement":[{"@type":"ListItem","position":1,"name":"Portada","item":"https:\/\/graziamagazine.com\/es\/"},{"@type":"ListItem","position":2,"name":"Disney+ prepara una serie sobre la vida de Karl Lagerfeld"}]},{"@type":"WebSite","@id":"https:\/\/graziamagazine.com\/es\/#website","url":"https:\/\/graziamagazine.com\/es\/","name":"Grazia","description":"Moda, belleza, celebrities, estilo de vida...","potentialAction":[{"@type":"SearchAction","target":{"@type":"EntryPoint","urlTemplate":"https:\/\/graziamagazine.com\/es\/?s={search_term_string}"},"query-input":"required name=search_term_string"}],"inLanguage":"es"}]}},"jetpack_sharing_enabled":true,"distributor_meta":false,"distributor_terms":false,"distributor_media":false,"distributor_original_site_name":"Grazia","distributor_original_site_url":"https:\/\/graziamagazine.com\/es","push-errors":false,"_links":{"self":[{"href":"https:\/\/graziamagazine.com\/es\/wp-json\/wp\/v2\/articles\/159287"}],"collection":[{"href":"https:\/\/graziamagazine.com\/es\/wp-json\/wp\/v2\/articles"}],"about":[{"href":"https:\/\/graziamagazine.com\/es\/wp-json\/wp\/v2\/types\/articles"}],"author":[{"embeddable":true,"href":"https:\/\/graziamagazine.com\/es\/wp-json\/wp\/v2\/users\/16349"}],"wp:featuredmedia":[{"embeddable":true,"href":"https:\/\/graziamagazine.com\/es\/wp-json\/wp\/v2\/media\/159288"}],"wp:attachment":[{"href":"https:\/\/graziamagazine.com\/es\/wp-json\/wp\/v2\/media?parent=159287"}],"wp:term":[{"taxonomy":"category","embeddable":true,"href":"https:\/\/graziamagazine.com\/es\/wp-json\/wp\/v2\/categories?post=159287"}],"curies":[{"name":"wp","href":"https:\/\/api.w.org\/{rel}","templated":true}]}}