{"id":159148,"date":"2021-09-27T09:00:40","date_gmt":"2021-09-27T07:00:40","guid":{"rendered":"https:\/\/graziamagazine.com\/es\/?post_type=articles&#038;p=159148"},"modified":"2022-03-21T23:56:25","modified_gmt":"2022-03-21T22:56:25","slug":"ray-ban-y-facebook-unen-fuerzas-para-crear-lentes-de-realidad-aumentada","status":"publish","type":"articles","link":"https:\/\/graziamagazine.com\/es\/articles\/ray-ban-y-facebook-unen-fuerzas-para-crear-lentes-de-realidad-aumentada\/","title":{"rendered":"Ray-Ban Stories, las gafas en colaboraci\u00f3n con Facebook"},"content":{"rendered":"<p>Las gafas del futuro (y de esp\u00edas para los fan\u00e1ticos del cine) est\u00e1n aqu\u00ed. Estamos hablando de las nuevas <strong>Ray-Ban Stories<\/strong>, unas gafas que \u00a1graban lo que ves y escuchas sin tener altavoz!<\/p>\n<p><strong>Ray-Ban Stories<\/strong> es el resultado de la colaboraci\u00f3n de\u00a0<strong>Facebook<\/strong>, <strong>Inc<\/strong> y <strong>Ray-Ban<\/strong>, que lanzaron esta nueva generaci\u00f3n de <strong>gafas<\/strong> <strong>inteligentes<\/strong> innovando con una <strong>din\u00e1mica<\/strong> forma de capturar cada momento de una manera m\u00e1s sencilla y de escuchar y compartir cada instante. \u00a1Las queremos YA!<\/p>\n<blockquote><p>El anuncio de este lanzamiento\u00a0fue hecho por <strong>Mark Zuckerberg<\/strong> y <strong>Rocco Basilisco<\/strong> en un evento virtual donde contaron con detalle los entresijos de esta alianza, as\u00ed como sus emocionantes resultados.<\/p><\/blockquote>\n<p><strong>Ray-Ban Stories<\/strong> es un modelo con tecnolog\u00eda inteligente, cuya bater\u00eda es capaz de durar todo el d\u00eda cargada. Incluye tambi\u00e9n un chip <strong>Snapdragon<\/strong>, que no compromete su dise\u00f1o, comodidad y estilo, aunque lo mejor sin duda es su peso&#8230; \u00a1solo es de<strong> 5 gramos<\/strong> m\u00e1s que el dise\u00f1o tradicional! Por lo que podr\u00e1s llevarlos siempre contigo a donde <strong>quieras<\/strong> y grabar cada <strong>aventura<\/strong> y experiencia que vivas.<\/p>\n<p><strong>Ray-Ban Stories<\/strong> incluyen una c\u00e1mara dual de <strong>5MP<\/strong> para hacer fotos y v\u00eddeos, unos discretos altavoces y tres micr\u00f3fonos que permiten la transmisi\u00f3n de voz y audio de alta calidad para llamadas y v\u00eddeos. Adem\u00e1s del dise\u00f1o cl\u00e1sico de las m\u00edticas <strong>Wayfarer<\/strong>, esta tecnolog\u00eda se presentar\u00e1 en otros dise\u00f1os ic\u00f3nicos como<strong> Round y Meteor<\/strong> a los que se les podr\u00e1 agregar cristales graduados, solares, polarizados, <strong>Transitions\u00ae<\/strong> y transparentes.<\/p>\n<p><img loading=\"lazy\" decoding=\"async\" class=\"alignnone wp-image-101420 size-large\" src=\"https:\/\/graziamagazine.com\/mx\/wp-content\/uploads\/sites\/13\/2021\/09\/2_ray-ban_stories_round_shiny_blue_polarized_dark_blue_lenses_0rw4003_65582v.png?w=1024\" alt=\"Ray-Ban x Facebook, los lentes inteligentes del futuro\" width=\"1024\" height=\"512\" \/><\/p>\n<p>Adicional a este dise\u00f1o ic\u00f3nico desarrollado con innovadora tecnolog\u00eda, <strong>Ray-Ban Stories<\/strong> se lanza\u00a0en conjunto con la app <strong>Facebook View<\/strong> (disponible para iOS y Android), que permite una forma\u00a0sencilla de importar, editar y compartir contenido capturado con los lentes inteligentes en\u00a0<strong>Facebook<\/strong>, <strong>Instagram<\/strong>, <strong>WhatsApp<\/strong>, <strong>Messenger<\/strong>, <strong>Twitter<\/strong>, <strong>TikTok<\/strong>, <strong>Snapchat<\/strong> y m\u00e1s.<\/p>\n<blockquote><p>\u201cRay-Ban Stories est\u00e1n dise\u00f1ados para ayudar a las personas a vivir el momento y mantenerse\u00a0conectados con las personas con las que est\u00e1n y con las que desear\u00edan estar. Essilor Luxottica ha\u00a0sido nada menos que estelar en esta asociaci\u00f3n y con el compromiso con la excelencia, pudimos\u00a0cumplir con una propuesta que ofrece tanto estilo como sustancia de una manera que redefinir\u00e1\u00a0las expectativas de los lentes inteligentes. Presentamos una nueva manera para que las personas\u00a0se mantengan conectadas con el mundo que las rodea y est\u00e9n realmente presentes en los momentos\u00a0m\u00e1s importantes de la vida y verse bien mientras lo hacen\u201d, dijo <strong>Andrew Bosworth<\/strong>, Vicepresidente\u00a0de<strong> Facebook Reality Labs<\/strong>.<\/p><\/blockquote>\n<p><strong>Ray-Ban Stories<\/strong> ya est\u00e1n disponibles en tiendas<strong> Ray-Ban<\/strong> y en<a href=\"https:\/\/www.ray-ban.com\/mexico\" target=\"_blank\" rel=\"noopener\" target=\"_blank\"><strong> Ray-Ban.com<\/strong><\/a> desde el<strong> 9 de\u00a0septiembre<\/strong> en Estados Unidos, Gran Breta\u00f1a, Australia, Irlanda, Canad\u00e1 e Italia. Y desde el pasado <strong>lunes\u00a013 de septiembre<\/strong> ya se pueden conseguir en tiendas seleccionadas de las cadenas <strong>Luxottica<\/strong> como SunglassHut, LensCrafters, OPSM, David Clulow y Salmoiraghi &amp; Vigan\u00f2. Pronto tambi\u00e9n, estar\u00e1n disponibles en tiendas selectas en estos mismos pa\u00edses.<\/p>\n<p><img loading=\"lazy\" decoding=\"async\" class=\"alignnone wp-image-101419 size-large\" src=\"https:\/\/graziamagazine.com\/mx\/wp-content\/uploads\/sites\/13\/2021\/09\/RAY-BAN-STORIES-WAYFARER-PACKAGING-KIT_2.jpg?w=1024\" alt=\"Ray-Ban x Facebook, los lentes inteligentes del futuro\" width=\"1024\" height=\"768\" \/><\/p>\n<p>Sin duda esta colaboraci\u00f3n nos ha regalado el accesorio del futuro que cualquiera desear\u00eda tener. \u00a1No podemos esperar a tenerlas en nuestro poder!<\/p>\n<p><em>*Im\u00e1genes: cortes\u00eda de Ray-Ban by Luxottica<\/em><\/p>\n","protected":false},"author":11653,"featured_media":159383,"template":"","format":"standard","categories":[1],"acf":[],"yoast_head":"<!-- This site is optimized with the Yoast SEO Premium plugin v18.5 (Yoast SEO v20.4) - https:\/\/yoast.com\/wordpress\/plugins\/seo\/ -->\n<title>Ray-Ban Stories, las gafas en colaboraci\u00f3n con Facebook | Grazia<\/title>\n<meta name=\"description\" content=\"Amantes de lo geek, llega la colaboraci\u00f3n para sacar todo el partido al mundo real y virtual.\" \/>\n<meta name=\"robots\" content=\"index, follow, max-snippet:-1, max-image-preview:large, max-video-preview:-1\" \/>\n<link rel=\"canonical\" href=\"https:\/\/graziamagazine.com\/es\/articles\/ray-ban-y-facebook-unen-fuerzas-para-crear-lentes-de-realidad-aumentada\/\" \/>\n<meta property=\"og:locale\" content=\"es_ES\" \/>\n<meta property=\"og:type\" content=\"article\" \/>\n<meta property=\"og:title\" content=\"Ray-Ban Stories, las gafas en colaboraci\u00f3n con Facebook\" \/>\n<meta property=\"og:description\" content=\"Amantes de lo geek, llega la colaboraci\u00f3n para sacar todo el partido al mundo real y virtual.\" \/>\n<meta property=\"og:url\" content=\"https:\/\/graziamagazine.com\/es\/articles\/ray-ban-y-facebook-unen-fuerzas-para-crear-lentes-de-realidad-aumentada\/\" \/>\n<meta property=\"og:site_name\" content=\"Grazia\" \/>\n<meta property=\"article:modified_time\" content=\"2022-03-21T22:56:25+00:00\" \/>\n<meta property=\"og:image\" content=\"https:\/\/graziamagazine.com\/es\/wp-content\/uploads\/sites\/12\/2021\/09\/Ray-Ban-Stories-Lifestyle2.jpg?fit=1920%2C1080\" \/>\n\t<meta property=\"og:image:width\" content=\"1920\" \/>\n\t<meta property=\"og:image:height\" content=\"1080\" \/>\n\t<meta property=\"og:image:type\" content=\"image\/jpeg\" \/>\n<meta name=\"twitter:card\" content=\"summary_large_image\" \/>\n<meta name=\"twitter:label1\" content=\"Est. reading time\" \/>\n\t<meta name=\"twitter:data1\" content=\"3 minutos\" \/>\n<script type=\"application\/ld+json\" class=\"yoast-schema-graph\">{\"@context\":\"https:\/\/schema.org\",\"@graph\":[{\"@type\":\"WebPage\",\"@id\":\"https:\/\/graziamagazine.com\/es\/articles\/ray-ban-y-facebook-unen-fuerzas-para-crear-lentes-de-realidad-aumentada\/\",\"url\":\"https:\/\/graziamagazine.com\/es\/articles\/ray-ban-y-facebook-unen-fuerzas-para-crear-lentes-de-realidad-aumentada\/\",\"name\":\"Ray-Ban Stories, las gafas en colaboraci\u00f3n con Facebook | Grazia\",\"isPartOf\":{\"@id\":\"https:\/\/graziamagazine.com\/es\/#website\"},\"datePublished\":\"2021-09-27T07:00:40+00:00\",\"dateModified\":\"2022-03-21T22:56:25+00:00\",\"description\":\"Amantes de lo geek, llega la colaboraci\u00f3n para sacar todo el partido al mundo real y virtual.\",\"breadcrumb\":{\"@id\":\"https:\/\/graziamagazine.com\/es\/articles\/ray-ban-y-facebook-unen-fuerzas-para-crear-lentes-de-realidad-aumentada\/#breadcrumb\"},\"inLanguage\":\"es\",\"potentialAction\":[{\"@type\":\"ReadAction\",\"target\":[\"https:\/\/graziamagazine.com\/es\/articles\/ray-ban-y-facebook-unen-fuerzas-para-crear-lentes-de-realidad-aumentada\/\"]}]},{\"@type\":\"BreadcrumbList\",\"@id\":\"https:\/\/graziamagazine.com\/es\/articles\/ray-ban-y-facebook-unen-fuerzas-para-crear-lentes-de-realidad-aumentada\/#breadcrumb\",\"itemListElement\":[{\"@type\":\"ListItem\",\"position\":1,\"name\":\"Portada\",\"item\":\"https:\/\/graziamagazine.com\/es\/\"},{\"@type\":\"ListItem\",\"position\":2,\"name\":\"Ray-Ban Stories, las gafas en colaboraci\u00f3n con Facebook\"}]},{\"@type\":\"WebSite\",\"@id\":\"https:\/\/graziamagazine.com\/es\/#website\",\"url\":\"https:\/\/graziamagazine.com\/es\/\",\"name\":\"Grazia\",\"description\":\"Moda, belleza, celebrities, estilo de vida...\",\"potentialAction\":[{\"@type\":\"SearchAction\",\"target\":{\"@type\":\"EntryPoint\",\"urlTemplate\":\"https:\/\/graziamagazine.com\/es\/?s={search_term_string}\"},\"query-input\":\"required name=search_term_string\"}],\"inLanguage\":\"es\"}]}<\/script>\n<!-- \/ Yoast SEO Premium plugin. -->","yoast_head_json":{"title":"Ray-Ban Stories, las gafas en colaboraci\u00f3n con Facebook | Grazia","description":"Amantes de lo geek, llega la colaboraci\u00f3n para sacar todo el partido al mundo real y virtual.","robots":{"index":"index","follow":"follow","max-snippet":"max-snippet:-1","max-image-preview":"max-image-preview:large","max-video-preview":"max-video-preview:-1"},"canonical":"https:\/\/graziamagazine.com\/es\/articles\/ray-ban-y-facebook-unen-fuerzas-para-crear-lentes-de-realidad-aumentada\/","og_locale":"es_ES","og_type":"article","og_title":"Ray-Ban Stories, las gafas en colaboraci\u00f3n con Facebook","og_description":"Amantes de lo geek, llega la colaboraci\u00f3n para sacar todo el partido al mundo real y virtual.","og_url":"https:\/\/graziamagazine.com\/es\/articles\/ray-ban-y-facebook-unen-fuerzas-para-crear-lentes-de-realidad-aumentada\/","og_site_name":"Grazia","article_modified_time":"2022-03-21T22:56:25+00:00","og_image":[{"width":1920,"height":1080,"url":"https:\/\/graziamagazine.com\/es\/wp-content\/uploads\/sites\/12\/2021\/09\/Ray-Ban-Stories-Lifestyle2.jpg?fit=1920%2C1080","type":"image\/jpeg"}],"twitter_card":"summary_large_image","twitter_misc":{"Est. reading time":"3 minutos"},"schema":{"@context":"https:\/\/schema.org","@graph":[{"@type":"WebPage","@id":"https:\/\/graziamagazine.com\/es\/articles\/ray-ban-y-facebook-unen-fuerzas-para-crear-lentes-de-realidad-aumentada\/","url":"https:\/\/graziamagazine.com\/es\/articles\/ray-ban-y-facebook-unen-fuerzas-para-crear-lentes-de-realidad-aumentada\/","name":"Ray-Ban Stories, las gafas en colaboraci\u00f3n con Facebook | Grazia","isPartOf":{"@id":"https:\/\/graziamagazine.com\/es\/#website"},"datePublished":"2021-09-27T07:00:40+00:00","dateModified":"2022-03-21T22:56:25+00:00","description":"Amantes de lo geek, llega la colaboraci\u00f3n para sacar todo el partido al mundo real y virtual.","breadcrumb":{"@id":"https:\/\/graziamagazine.com\/es\/articles\/ray-ban-y-facebook-unen-fuerzas-para-crear-lentes-de-realidad-aumentada\/#breadcrumb"},"inLanguage":"es","potentialAction":[{"@type":"ReadAction","target":["https:\/\/graziamagazine.com\/es\/articles\/ray-ban-y-facebook-unen-fuerzas-para-crear-lentes-de-realidad-aumentada\/"]}]},{"@type":"BreadcrumbList","@id":"https:\/\/graziamagazine.com\/es\/articles\/ray-ban-y-facebook-unen-fuerzas-para-crear-lentes-de-realidad-aumentada\/#breadcrumb","itemListElement":[{"@type":"ListItem","position":1,"name":"Portada","item":"https:\/\/graziamagazine.com\/es\/"},{"@type":"ListItem","position":2,"name":"Ray-Ban Stories, las gafas en colaboraci\u00f3n con Facebook"}]},{"@type":"WebSite","@id":"https:\/\/graziamagazine.com\/es\/#website","url":"https:\/\/graziamagazine.com\/es\/","name":"Grazia","description":"Moda, belleza, celebrities, estilo de vida...","potentialAction":[{"@type":"SearchAction","target":{"@type":"EntryPoint","urlTemplate":"https:\/\/graziamagazine.com\/es\/?s={search_term_string}"},"query-input":"required name=search_term_string"}],"inLanguage":"es"}]}},"jetpack_sharing_enabled":true,"distributor_meta":false,"distributor_terms":false,"distributor_media":false,"distributor_original_site_name":"Grazia","distributor_original_site_url":"https:\/\/graziamagazine.com\/es","push-errors":false,"_links":{"self":[{"href":"https:\/\/graziamagazine.com\/es\/wp-json\/wp\/v2\/articles\/159148"}],"collection":[{"href":"https:\/\/graziamagazine.com\/es\/wp-json\/wp\/v2\/articles"}],"about":[{"href":"https:\/\/graziamagazine.com\/es\/wp-json\/wp\/v2\/types\/articles"}],"author":[{"embeddable":true,"href":"https:\/\/graziamagazine.com\/es\/wp-json\/wp\/v2\/users\/11653"}],"wp:featuredmedia":[{"embeddable":true,"href":"https:\/\/graziamagazine.com\/es\/wp-json\/wp\/v2\/media\/159383"}],"wp:attachment":[{"href":"https:\/\/graziamagazine.com\/es\/wp-json\/wp\/v2\/media?parent=159148"}],"wp:term":[{"taxonomy":"category","embeddable":true,"href":"https:\/\/graziamagazine.com\/es\/wp-json\/wp\/v2\/categories?post=159148"}],"curies":[{"name":"wp","href":"https:\/\/api.w.org\/{rel}","templated":true}]}}