{"id":159134,"date":"2021-08-03T15:37:23","date_gmt":"2021-08-03T13:37:23","guid":{"rendered":"https:\/\/graziamagazine.com\/es\/?post_type=articles&#038;p=159134"},"modified":"2021-08-03T15:37:44","modified_gmt":"2021-08-03T13:37:44","slug":"este-es-el-tandem-perfecto-para-lucir-una-mirada-llena-de-luz-este-verano","status":"publish","type":"articles","link":"https:\/\/graziamagazine.com\/es\/articles\/este-es-el-tandem-perfecto-para-lucir-una-mirada-llena-de-luz-este-verano\/","title":{"rendered":"Este es el t\u00e1ndem perfecto para lucir una mirada llena de luz este verano"},"content":{"rendered":"<p>La piel del contorno de ojos es\u00a0<strong>5 veces m\u00e1s fina que la del resto del rostro y hasta 10 m\u00e1s que la del resto del cuerpo<\/strong>. Tambi\u00e9n cuenta con menor n\u00famero de gl\u00e1ndulas seb\u00e1ceas y se renueva m\u00e1s lentamente. Por eso es necesario tratar esta zona tan delicada de la cara de forma espec\u00edfica y, en ocasiones, utilizar un producto flash que act\u00fae de forma instant\u00e1nea para lograr un efecto buena cara inmediato y lucir una mirada descansada en cualquier situaci\u00f3n.<\/p>\n<p>Para cuidarla hemos descubierto dos nuevos productos de la empresa Saluvital, con los que vamos a reducir bolsas y ojeras al instante y que se va a convertir en tu aliado perfecto si eres de las que pasas malas noches, no duermes bien y quieres hacer desaparecer al instante la imagen de cansancio en tu piel.<\/p>\n<p>Toma nota porque te vamos a hablar de dos productos m\u00e1gicos.<\/p>\n<h3><strong>Gel Instant Bolsas y Ojeras<\/strong><\/h3>\n<p>Est\u00e1 formulado con col\u00e1geno, una proteasa espec\u00edfica y activos descongestivos 100% naturales que mejoran el aspecto natural de la piel, ya que tienen propiedades calmantes, antiinflamatorias, vasoprotectoras e hidratantes, y reducen de manera eficaz las bolsas y ojeras al instante, tensando la piel, reduciendo contracciones musculares y disminuyendo el exceso de l\u00edquidos.<\/p>\n<div><strong>Modo de empleo:<\/strong> Aplica una peque\u00f1a cantidad de producto en la zona inferior de los ojos extendi\u00e9ndolo de dentro a afuera con ligeros toques hasta su completa absorci\u00f3n. Mant\u00e9n la piel quieta durante unos 2-3 minutos hasta el producto est\u00e9 completamente seco. Cuando esto ocurre, ya puedes aplicar tu maquillaje sobre esta zona del rostro.<\/div>\n<div><\/div>\n<div><img loading=\"lazy\" decoding=\"async\" class=\"aligncenter wp-image-159135 size-full\" src=\"https:\/\/graziamagazine.com\/es\/wp-content\/uploads\/sites\/12\/2021\/08\/fffdeaaf-4aa9-f353-81bf-25b4205dc956-e1627997382235.jpg\" alt=\"Este es el t\u00e1ndem perfecto para lucir una mirada llena de luz este verano\" width=\"1496\" height=\"1440\" \/><\/div>\n<div><\/div>\n<div>Su precio es de <strong>13,90 euros<\/strong>.<\/div>\n<div><\/div>\n<div>\n<h3><strong>Crema Contorno de Ojos y Labios\u2013 PVPR 10 ml: 8 \u20ac<\/strong><\/h3>\n<p>Esta crema es uno de esos productos beauty que no deben faltar en tu bolso nunca, ya que regenera, rellena y nutre gracias a su formulaci\u00f3n, que incluye a<span style=\"font-family: -apple-system, BlinkMacSystemFont, 'Segoe UI', Roboto, Oxygen-Sans, Ubuntu, Cantarell, 'Helvetica Neue', sans-serif\">ceite de Rosa de Mosqueta, <\/span><span style=\"font-family: -apple-system, BlinkMacSystemFont, 'Segoe UI', Roboto, Oxygen-Sans, Ubuntu, Cantarell, 'Helvetica Neue', sans-serif\">\u00c1cido Hialur\u00f3nico y calcio. Adem\u00e1s, nos encanta porque no<\/span><span style=\"font-family: -apple-system, BlinkMacSystemFont, 'Segoe UI', Roboto, Oxygen-Sans, Ubuntu, Cantarell, 'Helvetica Neue', sans-serif\">\u00a0contiene parabenes ni aceites minerales.<\/span><\/p>\n<p><img loading=\"lazy\" decoding=\"async\" class=\"aligncenter wp-image-159136 size-full\" src=\"https:\/\/graziamagazine.com\/es\/wp-content\/uploads\/sites\/12\/2021\/08\/5d454697-533a-8224-bf38-514c74206783-e1627997538116.jpg\" alt=\"\" width=\"2941\" height=\"2256\" \/><\/p>\n<\/div>\n<div><\/div>\n<div>Su precio es de <strong>8 euros<\/strong>.<\/div>\n<div><\/div>\n<div><em>*Im\u00e1genes: Unsplash y cortes\u00eda de Saluvital<\/em><\/div>\n","protected":false},"author":11653,"featured_media":159137,"template":"","format":"standard","categories":[7],"acf":[],"yoast_head":"<!-- This site is optimized with the Yoast SEO Premium plugin v18.5 (Yoast SEO v20.4) - https:\/\/yoast.com\/wordpress\/plugins\/seo\/ -->\n<title>Este es el t\u00e1ndem perfecto para lucir una mirada llena de luz este verano | Grazia<\/title>\n<meta name=\"description\" content=\"Te descubrimos dos productos de Saluvital a los que te vas a volver adicta porque vas a lucir una mirada resplandeciente de forma inmediata.\" \/>\n<meta name=\"robots\" content=\"index, follow, max-snippet:-1, max-image-preview:large, max-video-preview:-1\" \/>\n<link rel=\"canonical\" href=\"https:\/\/graziamagazine.com\/es\/articles\/este-es-el-tandem-perfecto-para-lucir-una-mirada-llena-de-luz-este-verano\/\" \/>\n<meta property=\"og:locale\" content=\"es_ES\" \/>\n<meta property=\"og:type\" content=\"article\" \/>\n<meta property=\"og:title\" content=\"Este es el t\u00e1ndem perfecto para lucir una mirada llena de luz este verano\" \/>\n<meta property=\"og:description\" content=\"Te descubrimos dos productos de Saluvital a los que te vas a volver adicta porque vas a lucir una mirada resplandeciente de forma inmediata.\" \/>\n<meta property=\"og:url\" content=\"https:\/\/graziamagazine.com\/es\/articles\/este-es-el-tandem-perfecto-para-lucir-una-mirada-llena-de-luz-este-verano\/\" \/>\n<meta property=\"og:site_name\" content=\"Grazia\" \/>\n<meta property=\"article:modified_time\" content=\"2021-08-03T13:37:44+00:00\" \/>\n<meta property=\"og:image\" content=\"https:\/\/graziamagazine.com\/es\/wp-content\/uploads\/sites\/12\/2021\/08\/yunona-uritsky-ajM1jHa0dlg-unsplash.jpeg?fit=1920%2C1609\" \/>\n\t<meta property=\"og:image:width\" content=\"1920\" \/>\n\t<meta property=\"og:image:height\" content=\"1609\" \/>\n\t<meta property=\"og:image:type\" content=\"image\/jpeg\" \/>\n<meta name=\"twitter:card\" content=\"summary_large_image\" \/>\n<meta name=\"twitter:label1\" content=\"Est. reading time\" \/>\n\t<meta name=\"twitter:data1\" content=\"2 minutos\" \/>\n<script type=\"application\/ld+json\" class=\"yoast-schema-graph\">{\"@context\":\"https:\/\/schema.org\",\"@graph\":[{\"@type\":\"WebPage\",\"@id\":\"https:\/\/graziamagazine.com\/es\/articles\/este-es-el-tandem-perfecto-para-lucir-una-mirada-llena-de-luz-este-verano\/\",\"url\":\"https:\/\/graziamagazine.com\/es\/articles\/este-es-el-tandem-perfecto-para-lucir-una-mirada-llena-de-luz-este-verano\/\",\"name\":\"Este es el t\u00e1ndem perfecto para lucir una mirada llena de luz este verano | Grazia\",\"isPartOf\":{\"@id\":\"https:\/\/graziamagazine.com\/es\/#website\"},\"datePublished\":\"2021-08-03T13:37:23+00:00\",\"dateModified\":\"2021-08-03T13:37:44+00:00\",\"description\":\"Te descubrimos dos productos de Saluvital a los que te vas a volver adicta porque vas a lucir una mirada resplandeciente de forma inmediata.\",\"breadcrumb\":{\"@id\":\"https:\/\/graziamagazine.com\/es\/articles\/este-es-el-tandem-perfecto-para-lucir-una-mirada-llena-de-luz-este-verano\/#breadcrumb\"},\"inLanguage\":\"es\",\"potentialAction\":[{\"@type\":\"ReadAction\",\"target\":[\"https:\/\/graziamagazine.com\/es\/articles\/este-es-el-tandem-perfecto-para-lucir-una-mirada-llena-de-luz-este-verano\/\"]}]},{\"@type\":\"BreadcrumbList\",\"@id\":\"https:\/\/graziamagazine.com\/es\/articles\/este-es-el-tandem-perfecto-para-lucir-una-mirada-llena-de-luz-este-verano\/#breadcrumb\",\"itemListElement\":[{\"@type\":\"ListItem\",\"position\":1,\"name\":\"Portada\",\"item\":\"https:\/\/graziamagazine.com\/es\/\"},{\"@type\":\"ListItem\",\"position\":2,\"name\":\"Este es el t\u00e1ndem perfecto para lucir una mirada llena de luz este verano\"}]},{\"@type\":\"WebSite\",\"@id\":\"https:\/\/graziamagazine.com\/es\/#website\",\"url\":\"https:\/\/graziamagazine.com\/es\/\",\"name\":\"Grazia\",\"description\":\"Moda, belleza, celebrities, estilo de vida...\",\"potentialAction\":[{\"@type\":\"SearchAction\",\"target\":{\"@type\":\"EntryPoint\",\"urlTemplate\":\"https:\/\/graziamagazine.com\/es\/?s={search_term_string}\"},\"query-input\":\"required name=search_term_string\"}],\"inLanguage\":\"es\"}]}<\/script>\n<!-- \/ Yoast SEO Premium plugin. -->","yoast_head_json":{"title":"Este es el t\u00e1ndem perfecto para lucir una mirada llena de luz este verano | Grazia","description":"Te descubrimos dos productos de Saluvital a los que te vas a volver adicta porque vas a lucir una mirada resplandeciente de forma inmediata.","robots":{"index":"index","follow":"follow","max-snippet":"max-snippet:-1","max-image-preview":"max-image-preview:large","max-video-preview":"max-video-preview:-1"},"canonical":"https:\/\/graziamagazine.com\/es\/articles\/este-es-el-tandem-perfecto-para-lucir-una-mirada-llena-de-luz-este-verano\/","og_locale":"es_ES","og_type":"article","og_title":"Este es el t\u00e1ndem perfecto para lucir una mirada llena de luz este verano","og_description":"Te descubrimos dos productos de Saluvital a los que te vas a volver adicta porque vas a lucir una mirada resplandeciente de forma inmediata.","og_url":"https:\/\/graziamagazine.com\/es\/articles\/este-es-el-tandem-perfecto-para-lucir-una-mirada-llena-de-luz-este-verano\/","og_site_name":"Grazia","article_modified_time":"2021-08-03T13:37:44+00:00","og_image":[{"width":1920,"height":1609,"url":"https:\/\/graziamagazine.com\/es\/wp-content\/uploads\/sites\/12\/2021\/08\/yunona-uritsky-ajM1jHa0dlg-unsplash.jpeg?fit=1920%2C1609","type":"image\/jpeg"}],"twitter_card":"summary_large_image","twitter_misc":{"Est. reading time":"2 minutos"},"schema":{"@context":"https:\/\/schema.org","@graph":[{"@type":"WebPage","@id":"https:\/\/graziamagazine.com\/es\/articles\/este-es-el-tandem-perfecto-para-lucir-una-mirada-llena-de-luz-este-verano\/","url":"https:\/\/graziamagazine.com\/es\/articles\/este-es-el-tandem-perfecto-para-lucir-una-mirada-llena-de-luz-este-verano\/","name":"Este es el t\u00e1ndem perfecto para lucir una mirada llena de luz este verano | Grazia","isPartOf":{"@id":"https:\/\/graziamagazine.com\/es\/#website"},"datePublished":"2021-08-03T13:37:23+00:00","dateModified":"2021-08-03T13:37:44+00:00","description":"Te descubrimos dos productos de Saluvital a los que te vas a volver adicta porque vas a lucir una mirada resplandeciente de forma inmediata.","breadcrumb":{"@id":"https:\/\/graziamagazine.com\/es\/articles\/este-es-el-tandem-perfecto-para-lucir-una-mirada-llena-de-luz-este-verano\/#breadcrumb"},"inLanguage":"es","potentialAction":[{"@type":"ReadAction","target":["https:\/\/graziamagazine.com\/es\/articles\/este-es-el-tandem-perfecto-para-lucir-una-mirada-llena-de-luz-este-verano\/"]}]},{"@type":"BreadcrumbList","@id":"https:\/\/graziamagazine.com\/es\/articles\/este-es-el-tandem-perfecto-para-lucir-una-mirada-llena-de-luz-este-verano\/#breadcrumb","itemListElement":[{"@type":"ListItem","position":1,"name":"Portada","item":"https:\/\/graziamagazine.com\/es\/"},{"@type":"ListItem","position":2,"name":"Este es el t\u00e1ndem perfecto para lucir una mirada llena de luz este verano"}]},{"@type":"WebSite","@id":"https:\/\/graziamagazine.com\/es\/#website","url":"https:\/\/graziamagazine.com\/es\/","name":"Grazia","description":"Moda, belleza, celebrities, estilo de vida...","potentialAction":[{"@type":"SearchAction","target":{"@type":"EntryPoint","urlTemplate":"https:\/\/graziamagazine.com\/es\/?s={search_term_string}"},"query-input":"required name=search_term_string"}],"inLanguage":"es"}]}},"jetpack_sharing_enabled":true,"distributor_meta":false,"distributor_terms":false,"distributor_media":false,"distributor_original_site_name":"Grazia","distributor_original_site_url":"https:\/\/graziamagazine.com\/es","push-errors":false,"_links":{"self":[{"href":"https:\/\/graziamagazine.com\/es\/wp-json\/wp\/v2\/articles\/159134"}],"collection":[{"href":"https:\/\/graziamagazine.com\/es\/wp-json\/wp\/v2\/articles"}],"about":[{"href":"https:\/\/graziamagazine.com\/es\/wp-json\/wp\/v2\/types\/articles"}],"author":[{"embeddable":true,"href":"https:\/\/graziamagazine.com\/es\/wp-json\/wp\/v2\/users\/11653"}],"wp:featuredmedia":[{"embeddable":true,"href":"https:\/\/graziamagazine.com\/es\/wp-json\/wp\/v2\/media\/159137"}],"wp:attachment":[{"href":"https:\/\/graziamagazine.com\/es\/wp-json\/wp\/v2\/media?parent=159134"}],"wp:term":[{"taxonomy":"category","embeddable":true,"href":"https:\/\/graziamagazine.com\/es\/wp-json\/wp\/v2\/categories?post=159134"}],"curies":[{"name":"wp","href":"https:\/\/api.w.org\/{rel}","templated":true}]}}