{"id":158590,"date":"2021-06-02T17:55:02","date_gmt":"2021-06-02T15:55:02","guid":{"rendered":"https:\/\/graziamagazine.com\/es\/?post_type=articles&#038;p=158590"},"modified":"2021-06-02T17:55:02","modified_gmt":"2021-06-02T15:55:02","slug":"el-vestido-con-mensaje-y-compromiso-social-de-la-reina-letizia","status":"publish","type":"articles","link":"https:\/\/graziamagazine.com\/es\/articles\/el-vestido-con-mensaje-y-compromiso-social-de-la-reina-letizia\/","title":{"rendered":"El vestido con mensaje y compromiso social de la reina Letizia"},"content":{"rendered":"<p>Hoy la reina Letizia ha dado un nuevo paso al frente en su compromiso social y ha estrenado un vestido que estamos seguras de que se va convertir en viral, como muchos de los looks que estrena.<\/p>\n<p>El de hoy, adem\u00e1s, tiene un mensaje muy emotivo detr\u00e1s. Para asistir a la reuni\u00f3n de trabajo con el Patronato de la Fundaci\u00f3n de Ayuda Contra la Drogadicci\u00f3n, <strong>do\u00f1a Letizia ha estrenado un vestido del dise\u00f1ador Ulises M\u00e9rida que forma parte de su colecci\u00f3n &#8216;Libres&#8217;<\/strong> que vimos sobre la pasarela de la Mercedes Benz Fashion Week Madrid para oto\u00f1o-invierno 2021-2022.<\/p>\n<p class=\"selectionShareable\">Se trata de un vestido con mensaje y compromiso social, ya que est\u00e1 hecho por mujeres que han sobrevivido la c\u00e1rcel. Do\u00f1a Letizia ha usado una vez su truco m\u00e1s visto, acompa\u00f1arlo de un cintur\u00f3n fino que transforma la silueta <em>oversize<\/em>, y lo ha combinado con sus <strong>salones negros de Magrit y su cartera de Carolina Herrera<\/strong>.<\/p>\n<p><img loading=\"lazy\" decoding=\"async\" class=\"aligncenter size-full wp-image-158592\" src=\"https:\/\/graziamagazine.com\/es\/wp-content\/uploads\/sites\/12\/2021\/06\/1366_2000-2.jpeg\" alt=\"El vestido con mensaje y compromiso social de la reina Letizia\" width=\"1024\" height=\"1536\" \/><\/p>\n<h3>La colecci\u00f3n &#8216;Libres&#8217;<\/h3>\n<p class=\"selectionShareable\">El dise\u00f1ador Ulises M\u00e9rida quiso con esta colecci\u00f3n lanzar un mensaje de superaci\u00f3n, y para ello cont\u00f3 con <strong>12 mujeres que hab\u00edan estado en la c\u00e1rcel<\/strong> y hab\u00edan salido adelante tras esa p\u00e9rdida de libertad. Sobre la pasarela de la MBFWMadrid vimos 70 siluetas , entre las que por supuesto estaba el vestido usado hoy por la reina. Las ventas \u00edntegras de esta colecci\u00f3n van destinadas a la ONG APRAMP, Asociaci\u00f3n para la Prevenci\u00f3n, Reinserci\u00f3n y Atenci\u00f3n a la Mujer Prostituida, dedicada a combatir la trata de personas.<\/p>\n<p><img loading=\"lazy\" decoding=\"async\" class=\"aligncenter size-full wp-image-158591\" src=\"https:\/\/graziamagazine.com\/es\/wp-content\/uploads\/sites\/12\/2021\/06\/ulisesmerida010a-a.jpeg\" alt=\"El vestido con mensaje y compromiso social de la reina Letizia\" width=\"567\" height=\"850\" \/><\/p>\n<p><em>*Im\u00e1genes: Casa Real, Getty Images y MBFWMAdrid\u00a0<\/em><\/p>\n","protected":false},"author":11653,"featured_media":158593,"template":"","format":"standard","categories":[2147],"acf":[],"yoast_head":"<!-- This site is optimized with the Yoast SEO Premium plugin v18.5 (Yoast SEO v20.4) - https:\/\/yoast.com\/wordpress\/plugins\/seo\/ -->\n<title>El vestido con mensaje y compromiso social de la reina Letizia | Grazia<\/title>\n<meta name=\"description\" content=\"La reina ha vuelto a apostar por la moda espa\u00f1ola esta vez con un vestido que esconde una historia de superaci\u00f3n.\" \/>\n<meta name=\"robots\" content=\"index, follow, max-snippet:-1, max-image-preview:large, max-video-preview:-1\" \/>\n<link rel=\"canonical\" href=\"https:\/\/graziamagazine.com\/es\/articles\/el-vestido-con-mensaje-y-compromiso-social-de-la-reina-letizia\/\" \/>\n<meta property=\"og:locale\" content=\"es_ES\" \/>\n<meta property=\"og:type\" content=\"article\" \/>\n<meta property=\"og:title\" content=\"El vestido con mensaje y compromiso social de la reina Letizia\" \/>\n<meta property=\"og:description\" content=\"La reina ha vuelto a apostar por la moda espa\u00f1ola esta vez con un vestido que esconde una historia de superaci\u00f3n.\" \/>\n<meta property=\"og:url\" content=\"https:\/\/graziamagazine.com\/es\/articles\/el-vestido-con-mensaje-y-compromiso-social-de-la-reina-letizia\/\" \/>\n<meta property=\"og:site_name\" content=\"Grazia\" \/>\n<meta property=\"og:image\" content=\"https:\/\/graziamagazine.com\/es\/wp-content\/uploads\/sites\/12\/2021\/06\/E23j_lhWEAEWOGy.jpeg?fit=2048%2C1366\" \/>\n\t<meta property=\"og:image:width\" content=\"2048\" \/>\n\t<meta property=\"og:image:height\" content=\"1366\" \/>\n\t<meta property=\"og:image:type\" content=\"image\/jpeg\" \/>\n<meta name=\"twitter:card\" content=\"summary_large_image\" \/>\n<meta name=\"twitter:label1\" content=\"Est. reading time\" \/>\n\t<meta name=\"twitter:data1\" content=\"1 minuto\" \/>\n<script type=\"application\/ld+json\" class=\"yoast-schema-graph\">{\"@context\":\"https:\/\/schema.org\",\"@graph\":[{\"@type\":\"WebPage\",\"@id\":\"https:\/\/graziamagazine.com\/es\/articles\/el-vestido-con-mensaje-y-compromiso-social-de-la-reina-letizia\/\",\"url\":\"https:\/\/graziamagazine.com\/es\/articles\/el-vestido-con-mensaje-y-compromiso-social-de-la-reina-letizia\/\",\"name\":\"El vestido con mensaje y compromiso social de la reina Letizia | Grazia\",\"isPartOf\":{\"@id\":\"https:\/\/graziamagazine.com\/es\/#website\"},\"datePublished\":\"2021-06-02T15:55:02+00:00\",\"dateModified\":\"2021-06-02T15:55:02+00:00\",\"description\":\"La reina ha vuelto a apostar por la moda espa\u00f1ola esta vez con un vestido que esconde una historia de superaci\u00f3n.\",\"breadcrumb\":{\"@id\":\"https:\/\/graziamagazine.com\/es\/articles\/el-vestido-con-mensaje-y-compromiso-social-de-la-reina-letizia\/#breadcrumb\"},\"inLanguage\":\"es\",\"potentialAction\":[{\"@type\":\"ReadAction\",\"target\":[\"https:\/\/graziamagazine.com\/es\/articles\/el-vestido-con-mensaje-y-compromiso-social-de-la-reina-letizia\/\"]}]},{\"@type\":\"BreadcrumbList\",\"@id\":\"https:\/\/graziamagazine.com\/es\/articles\/el-vestido-con-mensaje-y-compromiso-social-de-la-reina-letizia\/#breadcrumb\",\"itemListElement\":[{\"@type\":\"ListItem\",\"position\":1,\"name\":\"Portada\",\"item\":\"https:\/\/graziamagazine.com\/es\/\"},{\"@type\":\"ListItem\",\"position\":2,\"name\":\"El vestido con mensaje y compromiso social de la reina Letizia\"}]},{\"@type\":\"WebSite\",\"@id\":\"https:\/\/graziamagazine.com\/es\/#website\",\"url\":\"https:\/\/graziamagazine.com\/es\/\",\"name\":\"Grazia\",\"description\":\"Moda, belleza, celebrities, estilo de vida...\",\"potentialAction\":[{\"@type\":\"SearchAction\",\"target\":{\"@type\":\"EntryPoint\",\"urlTemplate\":\"https:\/\/graziamagazine.com\/es\/?s={search_term_string}\"},\"query-input\":\"required name=search_term_string\"}],\"inLanguage\":\"es\"}]}<\/script>\n<!-- \/ Yoast SEO Premium plugin. -->","yoast_head_json":{"title":"El vestido con mensaje y compromiso social de la reina Letizia | Grazia","description":"La reina ha vuelto a apostar por la moda espa\u00f1ola esta vez con un vestido que esconde una historia de superaci\u00f3n.","robots":{"index":"index","follow":"follow","max-snippet":"max-snippet:-1","max-image-preview":"max-image-preview:large","max-video-preview":"max-video-preview:-1"},"canonical":"https:\/\/graziamagazine.com\/es\/articles\/el-vestido-con-mensaje-y-compromiso-social-de-la-reina-letizia\/","og_locale":"es_ES","og_type":"article","og_title":"El vestido con mensaje y compromiso social de la reina Letizia","og_description":"La reina ha vuelto a apostar por la moda espa\u00f1ola esta vez con un vestido que esconde una historia de superaci\u00f3n.","og_url":"https:\/\/graziamagazine.com\/es\/articles\/el-vestido-con-mensaje-y-compromiso-social-de-la-reina-letizia\/","og_site_name":"Grazia","og_image":[{"width":2048,"height":1366,"url":"https:\/\/graziamagazine.com\/es\/wp-content\/uploads\/sites\/12\/2021\/06\/E23j_lhWEAEWOGy.jpeg?fit=2048%2C1366","type":"image\/jpeg"}],"twitter_card":"summary_large_image","twitter_misc":{"Est. reading time":"1 minuto"},"schema":{"@context":"https:\/\/schema.org","@graph":[{"@type":"WebPage","@id":"https:\/\/graziamagazine.com\/es\/articles\/el-vestido-con-mensaje-y-compromiso-social-de-la-reina-letizia\/","url":"https:\/\/graziamagazine.com\/es\/articles\/el-vestido-con-mensaje-y-compromiso-social-de-la-reina-letizia\/","name":"El vestido con mensaje y compromiso social de la reina Letizia | Grazia","isPartOf":{"@id":"https:\/\/graziamagazine.com\/es\/#website"},"datePublished":"2021-06-02T15:55:02+00:00","dateModified":"2021-06-02T15:55:02+00:00","description":"La reina ha vuelto a apostar por la moda espa\u00f1ola esta vez con un vestido que esconde una historia de superaci\u00f3n.","breadcrumb":{"@id":"https:\/\/graziamagazine.com\/es\/articles\/el-vestido-con-mensaje-y-compromiso-social-de-la-reina-letizia\/#breadcrumb"},"inLanguage":"es","potentialAction":[{"@type":"ReadAction","target":["https:\/\/graziamagazine.com\/es\/articles\/el-vestido-con-mensaje-y-compromiso-social-de-la-reina-letizia\/"]}]},{"@type":"BreadcrumbList","@id":"https:\/\/graziamagazine.com\/es\/articles\/el-vestido-con-mensaje-y-compromiso-social-de-la-reina-letizia\/#breadcrumb","itemListElement":[{"@type":"ListItem","position":1,"name":"Portada","item":"https:\/\/graziamagazine.com\/es\/"},{"@type":"ListItem","position":2,"name":"El vestido con mensaje y compromiso social de la reina Letizia"}]},{"@type":"WebSite","@id":"https:\/\/graziamagazine.com\/es\/#website","url":"https:\/\/graziamagazine.com\/es\/","name":"Grazia","description":"Moda, belleza, celebrities, estilo de vida...","potentialAction":[{"@type":"SearchAction","target":{"@type":"EntryPoint","urlTemplate":"https:\/\/graziamagazine.com\/es\/?s={search_term_string}"},"query-input":"required name=search_term_string"}],"inLanguage":"es"}]}},"jetpack_sharing_enabled":true,"distributor_meta":false,"distributor_terms":false,"distributor_media":false,"distributor_original_site_name":"Grazia","distributor_original_site_url":"https:\/\/graziamagazine.com\/es","push-errors":false,"_links":{"self":[{"href":"https:\/\/graziamagazine.com\/es\/wp-json\/wp\/v2\/articles\/158590"}],"collection":[{"href":"https:\/\/graziamagazine.com\/es\/wp-json\/wp\/v2\/articles"}],"about":[{"href":"https:\/\/graziamagazine.com\/es\/wp-json\/wp\/v2\/types\/articles"}],"author":[{"embeddable":true,"href":"https:\/\/graziamagazine.com\/es\/wp-json\/wp\/v2\/users\/11653"}],"wp:featuredmedia":[{"embeddable":true,"href":"https:\/\/graziamagazine.com\/es\/wp-json\/wp\/v2\/media\/158593"}],"wp:attachment":[{"href":"https:\/\/graziamagazine.com\/es\/wp-json\/wp\/v2\/media?parent=158590"}],"wp:term":[{"taxonomy":"category","embeddable":true,"href":"https:\/\/graziamagazine.com\/es\/wp-json\/wp\/v2\/categories?post=158590"}],"curies":[{"name":"wp","href":"https:\/\/api.w.org\/{rel}","templated":true}]}}