{"id":158359,"date":"2021-05-04T19:06:36","date_gmt":"2021-05-04T17:06:36","guid":{"rendered":"https:\/\/graziamagazine.com\/es\/?post_type=articles&#038;p=158359"},"modified":"2021-05-04T19:06:36","modified_gmt":"2021-05-04T17:06:36","slug":"zara-lanza-su-primera-coleccion-de-cosmetica-asi-es-zara-beauty","status":"publish","type":"articles","link":"https:\/\/graziamagazine.com\/es\/articles\/zara-lanza-su-primera-coleccion-de-cosmetica-asi-es-zara-beauty\/","title":{"rendered":"Zara lanza su primera colecci\u00f3n de cosm\u00e9tica: as\u00ed es Zara Beauty"},"content":{"rendered":"<p>Si algo le faltaba a Zara, por decirlo de alguna manera porque cada semana nos seduce con nuevos objetos de deseo, era una colecci\u00f3n de belleza completa. Pr\u00e1cticamente todas las marcas del Grupo Inditex han ido ampliando su oferta de producto, incluidos los productos cosm\u00e9ticos. En Zara ya exist\u00edan algunos productos de belleza, perfumes, pero a partir del <strong>pr\u00f3ximo 12 de mayo<\/strong> llega su primera colecci\u00f3n beauty completa, que promete ser todo un acontecimiento.<\/p>\n<p><strong>Zara Beauty no ha querido dejar a nadie fuera<\/strong>, y en un mundo cada vez m\u00e1s inclusivo, apuesta por productos que cualquier persona, independientemente de su color de piel, g\u00e9nero, edad o estilo personal, querr\u00e1 utilizar, abrazando la individualidad y una nueva visi\u00f3n del concepto de belleza. Para desarrollar esta nueva l\u00ednea de productos para ojos, rostro, labios y u\u00f1as<strong> han contando con Diane Kendal<\/strong>, una de las maquilladoras m\u00e1s famosas de las pasarelas del mundo, con quien la marca espa\u00f1ola lleva m\u00e1s de un a\u00f1o trabajando, y creando relaciones entre las oficinas de Espa\u00f1a y el equipo de Diane en Nueva York.<\/p>\n<p><img loading=\"lazy\" decoding=\"async\" class=\"alignnone wp-image-96411 size-large\" src=\"https:\/\/graziamagazine.com\/mx\/wp-content\/uploads\/sites\/13\/2021\/05\/zara-beauty-02-1619776965.jpeg?w=683\" alt=\"Zara lanza su primera colecci\u00f3n de belleza inclusiva\" width=\"683\" height=\"1024\" \/><\/p>\n<p>\u00ab<em>Cuando Zara me ofreci\u00f3 liderar la direcci\u00f3n creativa de Zara Beauty, vi una oportunidad para crear algo que todo el mundo querr\u00eda utilizar. Zara siempre ha llegado a un gran p\u00fablico, y yo quer\u00eda llevar esa misma gran visi\u00f3n al mundo de la belleza, con una colecci\u00f3n que fuera limpia, sostenible y accesible para todos. Estoy muy orgullosa de lo que hemos creado: una amplia gama de f\u00f3rmulas \u00fanicas para ojos, labios, cara y u\u00f1as. Haber podido desarrollar una l\u00ednea de colorido tan extensa que aporta una gran sensaci\u00f3n de diversi\u00f3n, mientras que se mantiene el respeto por los ingredientes de la m\u00e1s alta calidad, es algo incre\u00edble que realmente no ha existido antes. A trav\u00e9s de esta diversidad de rostros y miradas, la colecci\u00f3n celebra lo que creo que es m\u00e1s importante en nuestra industria: \u201cThere is no beauty only beauties<\/em>\u201d \u00bb Diane Kendal.<\/p>\n<blockquote><p>El resultado es una l\u00ednea de productos basados en f\u00f3rmulas limpias, en envases recargables con una paleta de m\u00e1s de 130 colores.<\/p><\/blockquote>\n<p>Una serie de &#8216;looks&#8217;, creados por Diane, aparecen en un portafolio de im\u00e1genes que celebran la diversidad de interpretaciones en torno a la belleza, capturadas por nueve fot\u00f3grafos: Steven Meisel, David Sims, Marilyn Minter, Oliver Hadlee Pearch, Zo\u00eb Ghertner, Craig McDean, Nadine Ijewere, Mario Sorrenti y Fabien Baron, donde cada uno de ellos comparten su propia visi\u00f3n personal de la belleza.<\/p>\n<p><img loading=\"lazy\" decoding=\"async\" class=\"alignnone wp-image-96414 size-large\" src=\"https:\/\/graziamagazine.com\/mx\/wp-content\/uploads\/sites\/13\/2021\/05\/zara-beauty-01-1619776835.jpeg?w=768\" alt=\"Zara lanza su primera colecci\u00f3n de belleza inclusiva\" width=\"768\" height=\"512\" \/><\/p>\n<h3>La colecci\u00f3n<\/h3>\n<p>El <em>packaging<\/em> ha sido desarrollado por la agencia creativa\u00a0<em><strong>Baron &amp; Baron<\/strong><\/em>, inspir\u00e1ndose en la ic\u00f3nica Z del logo de Zara, y ese grado de inclinaci\u00f3n tan caracter\u00edstico de la marca espa\u00f1ola. Encontramos aceites labiales para hidratar y dar volumen, paletas de sombras, d\u00faos recargables, labiales, esmaltes de u\u00f1as en 39 tonos, eye liner e incluso polvos bronceadores.<\/p>\n<p><img loading=\"lazy\" decoding=\"async\" class=\"alignnone wp-image-96409 size-large\" src=\"https:\/\/graziamagazine.com\/mx\/wp-content\/uploads\/sites\/13\/2021\/05\/zara-beauty-pintalabios-728.jpeg?w=728\" alt=\"Zara lanza su primera colecci\u00f3n de belleza inclusiva\" width=\"728\" height=\"345\" \/><\/p>\n<p><img loading=\"lazy\" decoding=\"async\" class=\"alignnone wp-image-96412 size-large\" src=\"https:\/\/graziamagazine.com\/mx\/wp-content\/uploads\/sites\/13\/2021\/05\/zara-beauty-03-1619776910.jpeg?w=683\" alt=\"Zara lanza su primera colecci\u00f3n de belleza inclusiva\" width=\"683\" height=\"1024\" \/><\/p>\n<p>Nuestro favorito la colecci\u00f3n de 6 pinceles disponibles: pincel rubor peque\u00f1o, pincel de polvo grande, pincel de sombreado grande, pincel difuminador, pincel labial y pincel de sombreado plano. \u00a1Algo totalmente nuevo en Inditex!<\/p>\n<p><img loading=\"lazy\" decoding=\"async\" class=\"alignnone wp-image-96410 size-large\" src=\"https:\/\/graziamagazine.com\/mx\/wp-content\/uploads\/sites\/13\/2021\/05\/zara-beauty-04-1619776986.jpeg?w=683\" alt=\"Zara lanza su primera colecci\u00f3n de belleza inclusiva\" width=\"683\" height=\"1024\" \/><\/p>\n<p>Zara Beauty estar\u00e1 <strong>disponible el 12 de mayo en tiendas f\u00edsicas y online<\/strong> en Europa, Estados Unidos, Canad\u00e1, M\u00e9xico, China y Corea del Sur, Jap\u00f3n, Australia, Nueva Zelanda, y posteriormente en OrienteMedio a partir de junio de 2021, con una experiencia de compra hol\u00edstica que incluye un try on virtual integrado Zara.com, as\u00ed como \u00e1reas dedicadas a belleza dentro de tiendas seleccionadas.<\/p>\n<p><em><strong>*IM\u00c1GENES: Cortes\u00eda de Zara\u00a0<\/strong><\/em><\/p>\n","protected":false},"author":11653,"featured_media":158360,"template":"","format":"standard","categories":[7],"acf":[],"yoast_head":"<!-- This site is optimized with the Yoast SEO Premium plugin v18.5 (Yoast SEO v20.4) - https:\/\/yoast.com\/wordpress\/plugins\/seo\/ -->\n<title>Zara lanza su primera colecci\u00f3n de cosm\u00e9tica: as\u00ed es Zara Beauty | Grazia<\/title>\n<meta name=\"description\" content=\"El gigante de Inditex da un paso m\u00e1s y se adentra en el mercado de la cosm\u00e9tica con esta colecci\u00f3n disponible desde el pr\u00f3ximo 12 de mayo.\" \/>\n<meta name=\"robots\" content=\"index, follow, max-snippet:-1, max-image-preview:large, max-video-preview:-1\" \/>\n<link rel=\"canonical\" href=\"https:\/\/graziamagazine.com\/es\/articles\/zara-lanza-su-primera-coleccion-de-cosmetica-asi-es-zara-beauty\/\" \/>\n<meta property=\"og:locale\" content=\"es_ES\" \/>\n<meta property=\"og:type\" content=\"article\" \/>\n<meta property=\"og:title\" content=\"Zara lanza su primera colecci\u00f3n de cosm\u00e9tica: as\u00ed es Zara Beauty\" \/>\n<meta property=\"og:description\" content=\"El gigante de Inditex da un paso m\u00e1s y se adentra en el mercado de la cosm\u00e9tica con esta colecci\u00f3n disponible desde el pr\u00f3ximo 12 de mayo.\" \/>\n<meta property=\"og:url\" content=\"https:\/\/graziamagazine.com\/es\/articles\/zara-lanza-su-primera-coleccion-de-cosmetica-asi-es-zara-beauty\/\" \/>\n<meta property=\"og:site_name\" content=\"Grazia\" \/>\n<meta property=\"og:image\" content=\"https:\/\/graziamagazine.com\/es\/wp-content\/uploads\/sites\/12\/2021\/05\/home-1619776632.jpg?fit=980%2C980\" \/>\n\t<meta property=\"og:image:width\" content=\"980\" \/>\n\t<meta property=\"og:image:height\" content=\"980\" \/>\n\t<meta property=\"og:image:type\" content=\"image\/jpeg\" \/>\n<meta name=\"twitter:card\" content=\"summary_large_image\" \/>\n<meta name=\"twitter:label1\" content=\"Est. reading time\" \/>\n\t<meta name=\"twitter:data1\" content=\"3 minutos\" \/>\n<script type=\"application\/ld+json\" class=\"yoast-schema-graph\">{\"@context\":\"https:\/\/schema.org\",\"@graph\":[{\"@type\":\"WebPage\",\"@id\":\"https:\/\/graziamagazine.com\/es\/articles\/zara-lanza-su-primera-coleccion-de-cosmetica-asi-es-zara-beauty\/\",\"url\":\"https:\/\/graziamagazine.com\/es\/articles\/zara-lanza-su-primera-coleccion-de-cosmetica-asi-es-zara-beauty\/\",\"name\":\"Zara lanza su primera colecci\u00f3n de cosm\u00e9tica: as\u00ed es Zara Beauty | Grazia\",\"isPartOf\":{\"@id\":\"https:\/\/graziamagazine.com\/es\/#website\"},\"datePublished\":\"2021-05-04T17:06:36+00:00\",\"dateModified\":\"2021-05-04T17:06:36+00:00\",\"description\":\"El gigante de Inditex da un paso m\u00e1s y se adentra en el mercado de la cosm\u00e9tica con esta colecci\u00f3n disponible desde el pr\u00f3ximo 12 de mayo.\",\"breadcrumb\":{\"@id\":\"https:\/\/graziamagazine.com\/es\/articles\/zara-lanza-su-primera-coleccion-de-cosmetica-asi-es-zara-beauty\/#breadcrumb\"},\"inLanguage\":\"es\",\"potentialAction\":[{\"@type\":\"ReadAction\",\"target\":[\"https:\/\/graziamagazine.com\/es\/articles\/zara-lanza-su-primera-coleccion-de-cosmetica-asi-es-zara-beauty\/\"]}]},{\"@type\":\"BreadcrumbList\",\"@id\":\"https:\/\/graziamagazine.com\/es\/articles\/zara-lanza-su-primera-coleccion-de-cosmetica-asi-es-zara-beauty\/#breadcrumb\",\"itemListElement\":[{\"@type\":\"ListItem\",\"position\":1,\"name\":\"Portada\",\"item\":\"https:\/\/graziamagazine.com\/es\/\"},{\"@type\":\"ListItem\",\"position\":2,\"name\":\"Zara lanza su primera colecci\u00f3n de cosm\u00e9tica: as\u00ed es Zara Beauty\"}]},{\"@type\":\"WebSite\",\"@id\":\"https:\/\/graziamagazine.com\/es\/#website\",\"url\":\"https:\/\/graziamagazine.com\/es\/\",\"name\":\"Grazia\",\"description\":\"Moda, belleza, celebrities, estilo de vida...\",\"potentialAction\":[{\"@type\":\"SearchAction\",\"target\":{\"@type\":\"EntryPoint\",\"urlTemplate\":\"https:\/\/graziamagazine.com\/es\/?s={search_term_string}\"},\"query-input\":\"required name=search_term_string\"}],\"inLanguage\":\"es\"}]}<\/script>\n<!-- \/ Yoast SEO Premium plugin. -->","yoast_head_json":{"title":"Zara lanza su primera colecci\u00f3n de cosm\u00e9tica: as\u00ed es Zara Beauty | Grazia","description":"El gigante de Inditex da un paso m\u00e1s y se adentra en el mercado de la cosm\u00e9tica con esta colecci\u00f3n disponible desde el pr\u00f3ximo 12 de mayo.","robots":{"index":"index","follow":"follow","max-snippet":"max-snippet:-1","max-image-preview":"max-image-preview:large","max-video-preview":"max-video-preview:-1"},"canonical":"https:\/\/graziamagazine.com\/es\/articles\/zara-lanza-su-primera-coleccion-de-cosmetica-asi-es-zara-beauty\/","og_locale":"es_ES","og_type":"article","og_title":"Zara lanza su primera colecci\u00f3n de cosm\u00e9tica: as\u00ed es Zara Beauty","og_description":"El gigante de Inditex da un paso m\u00e1s y se adentra en el mercado de la cosm\u00e9tica con esta colecci\u00f3n disponible desde el pr\u00f3ximo 12 de mayo.","og_url":"https:\/\/graziamagazine.com\/es\/articles\/zara-lanza-su-primera-coleccion-de-cosmetica-asi-es-zara-beauty\/","og_site_name":"Grazia","og_image":[{"width":980,"height":980,"url":"https:\/\/graziamagazine.com\/es\/wp-content\/uploads\/sites\/12\/2021\/05\/home-1619776632.jpg?fit=980%2C980","type":"image\/jpeg"}],"twitter_card":"summary_large_image","twitter_misc":{"Est. reading time":"3 minutos"},"schema":{"@context":"https:\/\/schema.org","@graph":[{"@type":"WebPage","@id":"https:\/\/graziamagazine.com\/es\/articles\/zara-lanza-su-primera-coleccion-de-cosmetica-asi-es-zara-beauty\/","url":"https:\/\/graziamagazine.com\/es\/articles\/zara-lanza-su-primera-coleccion-de-cosmetica-asi-es-zara-beauty\/","name":"Zara lanza su primera colecci\u00f3n de cosm\u00e9tica: as\u00ed es Zara Beauty | Grazia","isPartOf":{"@id":"https:\/\/graziamagazine.com\/es\/#website"},"datePublished":"2021-05-04T17:06:36+00:00","dateModified":"2021-05-04T17:06:36+00:00","description":"El gigante de Inditex da un paso m\u00e1s y se adentra en el mercado de la cosm\u00e9tica con esta colecci\u00f3n disponible desde el pr\u00f3ximo 12 de mayo.","breadcrumb":{"@id":"https:\/\/graziamagazine.com\/es\/articles\/zara-lanza-su-primera-coleccion-de-cosmetica-asi-es-zara-beauty\/#breadcrumb"},"inLanguage":"es","potentialAction":[{"@type":"ReadAction","target":["https:\/\/graziamagazine.com\/es\/articles\/zara-lanza-su-primera-coleccion-de-cosmetica-asi-es-zara-beauty\/"]}]},{"@type":"BreadcrumbList","@id":"https:\/\/graziamagazine.com\/es\/articles\/zara-lanza-su-primera-coleccion-de-cosmetica-asi-es-zara-beauty\/#breadcrumb","itemListElement":[{"@type":"ListItem","position":1,"name":"Portada","item":"https:\/\/graziamagazine.com\/es\/"},{"@type":"ListItem","position":2,"name":"Zara lanza su primera colecci\u00f3n de cosm\u00e9tica: as\u00ed es Zara Beauty"}]},{"@type":"WebSite","@id":"https:\/\/graziamagazine.com\/es\/#website","url":"https:\/\/graziamagazine.com\/es\/","name":"Grazia","description":"Moda, belleza, celebrities, estilo de vida...","potentialAction":[{"@type":"SearchAction","target":{"@type":"EntryPoint","urlTemplate":"https:\/\/graziamagazine.com\/es\/?s={search_term_string}"},"query-input":"required name=search_term_string"}],"inLanguage":"es"}]}},"jetpack_sharing_enabled":true,"distributor_meta":false,"distributor_terms":false,"distributor_media":false,"distributor_original_site_name":"Grazia","distributor_original_site_url":"https:\/\/graziamagazine.com\/es","push-errors":false,"_links":{"self":[{"href":"https:\/\/graziamagazine.com\/es\/wp-json\/wp\/v2\/articles\/158359"}],"collection":[{"href":"https:\/\/graziamagazine.com\/es\/wp-json\/wp\/v2\/articles"}],"about":[{"href":"https:\/\/graziamagazine.com\/es\/wp-json\/wp\/v2\/types\/articles"}],"author":[{"embeddable":true,"href":"https:\/\/graziamagazine.com\/es\/wp-json\/wp\/v2\/users\/11653"}],"wp:featuredmedia":[{"embeddable":true,"href":"https:\/\/graziamagazine.com\/es\/wp-json\/wp\/v2\/media\/158360"}],"wp:attachment":[{"href":"https:\/\/graziamagazine.com\/es\/wp-json\/wp\/v2\/media?parent=158359"}],"wp:term":[{"taxonomy":"category","embeddable":true,"href":"https:\/\/graziamagazine.com\/es\/wp-json\/wp\/v2\/categories?post=158359"}],"curies":[{"name":"wp","href":"https:\/\/api.w.org\/{rel}","templated":true}]}}