{"id":158172,"date":"2021-04-16T04:20:45","date_gmt":"2021-04-16T02:20:45","guid":{"rendered":"https:\/\/graziamagazine.com\/es\/?post_type=articles&#038;p=158172"},"modified":"2021-04-16T04:20:45","modified_gmt":"2021-04-16T02:20:45","slug":"gucci-aria-asi-es-la-coleccion-mas-atrevida-de-gucci-junto-a-balenciaga","status":"publish","type":"articles","link":"https:\/\/graziamagazine.com\/es\/articles\/gucci-aria-asi-es-la-coleccion-mas-atrevida-de-gucci-junto-a-balenciaga\/","title":{"rendered":"Gucci Aria: as\u00ed es la colecci\u00f3n m\u00e1s atrevida de Gucci junto a Balenciaga"},"content":{"rendered":"<p>La colaboraci\u00f3n de <strong>Gucci y Balenciaga<\/strong>: el rumor de la moda m\u00e1s emocionante del a\u00f1o se hizo realidad. <strong>Alessandro Michele <\/strong>marc\u00f3 con esta colecci\u00f3n \u2014denominada <strong><em>Gucci Aria<\/em><\/strong>\u2014 uno de los momentos m\u00e1s importantes para la firma italiana, junto al dise\u00f1ador georgiano <strong>Demna Gvasalia<\/strong>.<\/p>\n<p>Todos nos pregunt\u00e1bamos hace unos d\u00edas c\u00f3mo ser\u00eda una fusi\u00f3n de dos marcas completamente distintas, de dos grandes culturas de la moda y c\u00f3mo funcionar\u00edan juntas dos visiones y procesos de dise\u00f1o diferentes. El resultado finalmente est\u00e1 aqu\u00ed, lleg\u00f3 para sorprendernos a todos y convertirse en nuestra nueva obsesi\u00f3n.<\/p>\n<p>Como parte de la celebraci\u00f3n por su centenario, ambas marcas de lujo se unieron para crear algo completamente \u00fanico. Sin dejar atr\u00e1s esa vibra setentera tan caracter\u00edstica de Gucci, Alessandro y Demna fusionaron dos est\u00e9ticas totalmente diferentes y tradujeron los c\u00f3digos de ambas casas de moda en una emocionante y dram\u00e1tica colecci\u00f3n, llena de brillo, <em>monograms<\/em> y prendas <em>oversized<\/em>.<\/p>\n<div class=\"content-gallery\"><div class=\"gallery-placeholder\"><div class=\"spinner\"><\/div><\/div><span class=\"gallery-pagination\"><\/span><div id=\"gallery-1\" class=\"gallery galleryid-158172 gallery-columns- gallery-size-medium\"><figure class=\"gallery-item\"><div class=\"gallery-icon landscape\"><img loading=\"lazy\" decoding=\"async\" width=\"829\" height=\"1244\" src=\"https:\/\/graziamagazine.com\/es\/wp-content\/uploads\/sites\/12\/2021\/04\/07_GregAvenel_1979.jpeg\" class=\"lazy\" alt=\"Gucci Aria: as\u00ed es la colecci\u00f3n m\u00e1s atrevida de Gucci junto a Balenciaga\" \/><\/div><\/figure><figure class=\"gallery-item\"><div class=\"gallery-icon landscape\"><img loading=\"lazy\" decoding=\"async\" width=\"829\" height=\"1244\" src=\"https:\/\/graziamagazine.com\/es\/wp-content\/uploads\/sites\/12\/2021\/04\/76_GregAvenel_6749.jpeg\" class=\"lazy\" alt=\"Gucci Aria: as\u00ed es la colecci\u00f3n m\u00e1s atrevida de Gucci junto a Balenciaga\" \/><\/div><\/figure><figure class=\"gallery-item\"><div class=\"gallery-icon landscape\"><img loading=\"lazy\" decoding=\"async\" width=\"829\" height=\"1244\" src=\"https:\/\/graziamagazine.com\/es\/wp-content\/uploads\/sites\/12\/2021\/04\/43_GregAvenel_2810.jpeg\" class=\"lazy\" alt=\"Gucci Aria: as\u00ed es la colecci\u00f3n m\u00e1s atrevida de Gucci junto a Balenciaga\" \/><\/div><\/figure><\/div><\/div>\n<p>Los hombros cuadrados ochenteros e incrustaciones de cristal son el elemento que conecta todas las piezas entre s\u00ed, conviviendo con arneses y cascos para montar. Los adornos, aplicaciones y estampados ic\u00f3nicos de Gucci esta vez se fusionan con los accesorios y siluetas siempre presentes en las propuestas de Balenciaga.<\/p>\n<p>Adem\u00e1s de textiles r\u00edgidos y construcciones estructuradas, las plumas se usaron para crear volumen y complementar algunos <em>looks<\/em>.<\/p>\n<div class=\"content-gallery\"><div class=\"gallery-placeholder\"><div class=\"spinner\"><\/div><\/div><span class=\"gallery-pagination\"><\/span><div id=\"gallery-2\" class=\"gallery galleryid-158172 gallery-columns- gallery-size-medium\"><figure class=\"gallery-item\"><div class=\"gallery-icon landscape\"><img loading=\"lazy\" decoding=\"async\" width=\"829\" height=\"1244\" src=\"https:\/\/graziamagazine.com\/es\/wp-content\/uploads\/sites\/12\/2021\/04\/47_GregAvenel_2891.jpeg\" class=\"lazy\" alt=\"Gucci Aria: as\u00ed es la colecci\u00f3n m\u00e1s atrevida de Gucci junto a Balenciaga\" \/><\/div><\/figure><figure class=\"gallery-item\"><div class=\"gallery-icon landscape\"><img loading=\"lazy\" decoding=\"async\" width=\"829\" height=\"1244\" src=\"https:\/\/graziamagazine.com\/es\/wp-content\/uploads\/sites\/12\/2021\/04\/59_GregAvenel_6461.jpeg\" class=\"lazy\" alt=\"Gucci Aria: as\u00ed es la colecci\u00f3n m\u00e1s atrevida de Gucci junto a Balenciaga\" \/><\/div><\/figure><figure class=\"gallery-item\"><div class=\"gallery-icon landscape\"><img loading=\"lazy\" decoding=\"async\" width=\"829\" height=\"1244\" src=\"https:\/\/graziamagazine.com\/es\/wp-content\/uploads\/sites\/12\/2021\/04\/10_GregAvenel_2924.jpeg\" class=\"lazy\" alt=\"Gucci Aria: as\u00ed es la colecci\u00f3n m\u00e1s atrevida de Gucci junto a Balenciaga\" \/><\/div><\/figure><\/div><\/div>\n<p>Las cl\u00e1sicas botas altas de Balenciaga se reimaginaron en el estampado floral tan ic\u00f3nico de Gucci, ahora con su monogram incluido. Cadenas con mucho brillo y los nombres de ambas casas fueron protagonistas, y creemos que reinar\u00e1n el <em>street style<\/em> m\u00e1s r\u00e1pido de lo que todos imaginan.<\/p>\n<div class=\"content-gallery\"><div class=\"gallery-placeholder\"><div class=\"spinner\"><\/div><\/div><span class=\"gallery-pagination\"><\/span><div id=\"gallery-3\" class=\"gallery galleryid-158172 gallery-columns- gallery-size-medium\"><figure class=\"gallery-item\"><div class=\"gallery-icon landscape\"><img loading=\"lazy\" decoding=\"async\" width=\"876\" height=\"1313\" src=\"https:\/\/graziamagazine.com\/es\/wp-content\/uploads\/sites\/12\/2021\/04\/GasparLindberg_5483.jpeg\" class=\"lazy\" alt=\"Gucci Aria: as\u00ed es la colecci\u00f3n m\u00e1s atrevida de Gucci junto a Balenciaga\" \/><\/div><\/figure><figure class=\"gallery-item\"><div class=\"gallery-icon landscape\"><img loading=\"lazy\" decoding=\"async\" width=\"876\" height=\"1313\" src=\"https:\/\/graziamagazine.com\/es\/wp-content\/uploads\/sites\/12\/2021\/04\/FrancescTen_5051.jpeg\" class=\"lazy\" alt=\"Gucci Aria: as\u00ed es la colecci\u00f3n m\u00e1s atrevida de Gucci junto a Balenciaga\" \/><\/div><\/figure><figure class=\"gallery-item\"><div class=\"gallery-icon landscape\"><img loading=\"lazy\" decoding=\"async\" width=\"876\" height=\"1313\" src=\"https:\/\/graziamagazine.com\/es\/wp-content\/uploads\/sites\/12\/2021\/04\/GASPARLINDBERG_1516.jpeg\" class=\"lazy\" alt=\"Gucci Aria: as\u00ed es la colecci\u00f3n m\u00e1s atrevida de Gucci junto a Balenciaga\" \/><\/div><\/figure><\/div><\/div>\n<p>Una colaboraci\u00f3n as\u00ed emociona a cualquier amante de la moda. Cada firma de lujo tiene su propio encanto, pero ver dos c\u00f3digos complement\u00e1ndose y conviviendo en armon\u00eda en la misma colecci\u00f3n, a todos nos tiene emocionados. \u00bfSer\u00e1 este el futuro de la moda tras la pandemia?<\/p>\n<p>No te pierdas aqu\u00ed el desfile completo:<\/p>\n<p><iframe loading=\"lazy\" title=\"Gucci Aria\" width=\"500\" height=\"281\" src=\"https:\/\/www.youtube.com\/embed\/H14DatRx0Uo?feature=oembed\" frameborder=\"0\" allow=\"accelerometer; autoplay; clipboard-write; encrypted-media; gyroscope; picture-in-picture\" allowfullscreen><\/iframe><\/p>\n<h5><em>*IM\u00c1GENES: Cortes\u00eda Gucci<\/em><\/h5>\n","protected":false},"author":11656,"featured_media":158174,"template":"","format":"standard","categories":[1],"acf":[],"yoast_head":"<!-- This site is optimized with the Yoast SEO Premium plugin v18.5 (Yoast SEO v20.4) - https:\/\/yoast.com\/wordpress\/plugins\/seo\/ -->\n<title>Gucci Aria: as\u00ed es la colecci\u00f3n m\u00e1s atrevida de Gucci junto a Balenciaga | Grazia<\/title>\n<meta name=\"description\" content=\"La colaboraci\u00f3n de Gucci y Balenciaga: el rumor de la moda m\u00e1s emocionante del a\u00f1o se hizo realidad. Alessandro Michele marc\u00f3 con esta colecci\u00f3n\" \/>\n<meta name=\"robots\" content=\"index, follow, max-snippet:-1, max-image-preview:large, max-video-preview:-1\" \/>\n<link rel=\"canonical\" href=\"https:\/\/graziamagazine.com\/es\/articles\/gucci-aria-asi-es-la-coleccion-mas-atrevida-de-gucci-junto-a-balenciaga\/\" \/>\n<meta property=\"og:locale\" content=\"es_ES\" \/>\n<meta property=\"og:type\" content=\"article\" \/>\n<meta property=\"og:title\" content=\"Gucci Aria: as\u00ed es la colecci\u00f3n m\u00e1s atrevida de Gucci junto a Balenciaga\" \/>\n<meta property=\"og:description\" content=\"La colaboraci\u00f3n de Gucci y Balenciaga: el rumor de la moda m\u00e1s emocionante del a\u00f1o se hizo realidad. Alessandro Michele marc\u00f3 con esta colecci\u00f3n\" \/>\n<meta property=\"og:url\" content=\"https:\/\/graziamagazine.com\/es\/articles\/gucci-aria-asi-es-la-coleccion-mas-atrevida-de-gucci-junto-a-balenciaga\/\" \/>\n<meta property=\"og:site_name\" content=\"Grazia\" \/>\n<meta property=\"og:image\" content=\"https:\/\/graziamagazine.com\/es\/wp-content\/uploads\/sites\/12\/2021\/04\/desfile-oi-2021-de-gucci_bfa38998_1280x853.jpeg?fit=1280%2C853\" \/>\n\t<meta property=\"og:image:width\" content=\"1280\" \/>\n\t<meta property=\"og:image:height\" content=\"853\" \/>\n\t<meta property=\"og:image:type\" content=\"image\/jpeg\" \/>\n<meta name=\"twitter:card\" content=\"summary_large_image\" \/>\n<meta name=\"twitter:label1\" content=\"Est. reading time\" \/>\n\t<meta name=\"twitter:data1\" content=\"2 minutos\" \/>\n<script type=\"application\/ld+json\" class=\"yoast-schema-graph\">{\"@context\":\"https:\/\/schema.org\",\"@graph\":[{\"@type\":\"WebPage\",\"@id\":\"https:\/\/graziamagazine.com\/es\/articles\/gucci-aria-asi-es-la-coleccion-mas-atrevida-de-gucci-junto-a-balenciaga\/\",\"url\":\"https:\/\/graziamagazine.com\/es\/articles\/gucci-aria-asi-es-la-coleccion-mas-atrevida-de-gucci-junto-a-balenciaga\/\",\"name\":\"Gucci Aria: as\u00ed es la colecci\u00f3n m\u00e1s atrevida de Gucci junto a Balenciaga | Grazia\",\"isPartOf\":{\"@id\":\"https:\/\/graziamagazine.com\/es\/#website\"},\"datePublished\":\"2021-04-16T02:20:45+00:00\",\"dateModified\":\"2021-04-16T02:20:45+00:00\",\"description\":\"La colaboraci\u00f3n de Gucci y Balenciaga: el rumor de la moda m\u00e1s emocionante del a\u00f1o se hizo realidad. Alessandro Michele marc\u00f3 con esta colecci\u00f3n\",\"breadcrumb\":{\"@id\":\"https:\/\/graziamagazine.com\/es\/articles\/gucci-aria-asi-es-la-coleccion-mas-atrevida-de-gucci-junto-a-balenciaga\/#breadcrumb\"},\"inLanguage\":\"es\",\"potentialAction\":[{\"@type\":\"ReadAction\",\"target\":[\"https:\/\/graziamagazine.com\/es\/articles\/gucci-aria-asi-es-la-coleccion-mas-atrevida-de-gucci-junto-a-balenciaga\/\"]}]},{\"@type\":\"BreadcrumbList\",\"@id\":\"https:\/\/graziamagazine.com\/es\/articles\/gucci-aria-asi-es-la-coleccion-mas-atrevida-de-gucci-junto-a-balenciaga\/#breadcrumb\",\"itemListElement\":[{\"@type\":\"ListItem\",\"position\":1,\"name\":\"Portada\",\"item\":\"https:\/\/graziamagazine.com\/es\/\"},{\"@type\":\"ListItem\",\"position\":2,\"name\":\"Gucci Aria: as\u00ed es la colecci\u00f3n m\u00e1s atrevida de Gucci junto a Balenciaga\"}]},{\"@type\":\"WebSite\",\"@id\":\"https:\/\/graziamagazine.com\/es\/#website\",\"url\":\"https:\/\/graziamagazine.com\/es\/\",\"name\":\"Grazia\",\"description\":\"Moda, belleza, celebrities, estilo de vida...\",\"potentialAction\":[{\"@type\":\"SearchAction\",\"target\":{\"@type\":\"EntryPoint\",\"urlTemplate\":\"https:\/\/graziamagazine.com\/es\/?s={search_term_string}\"},\"query-input\":\"required name=search_term_string\"}],\"inLanguage\":\"es\"}]}<\/script>\n<!-- \/ Yoast SEO Premium plugin. -->","yoast_head_json":{"title":"Gucci Aria: as\u00ed es la colecci\u00f3n m\u00e1s atrevida de Gucci junto a Balenciaga | Grazia","description":"La colaboraci\u00f3n de Gucci y Balenciaga: el rumor de la moda m\u00e1s emocionante del a\u00f1o se hizo realidad. Alessandro Michele marc\u00f3 con esta colecci\u00f3n","robots":{"index":"index","follow":"follow","max-snippet":"max-snippet:-1","max-image-preview":"max-image-preview:large","max-video-preview":"max-video-preview:-1"},"canonical":"https:\/\/graziamagazine.com\/es\/articles\/gucci-aria-asi-es-la-coleccion-mas-atrevida-de-gucci-junto-a-balenciaga\/","og_locale":"es_ES","og_type":"article","og_title":"Gucci Aria: as\u00ed es la colecci\u00f3n m\u00e1s atrevida de Gucci junto a Balenciaga","og_description":"La colaboraci\u00f3n de Gucci y Balenciaga: el rumor de la moda m\u00e1s emocionante del a\u00f1o se hizo realidad. Alessandro Michele marc\u00f3 con esta colecci\u00f3n","og_url":"https:\/\/graziamagazine.com\/es\/articles\/gucci-aria-asi-es-la-coleccion-mas-atrevida-de-gucci-junto-a-balenciaga\/","og_site_name":"Grazia","og_image":[{"width":1280,"height":853,"url":"https:\/\/graziamagazine.com\/es\/wp-content\/uploads\/sites\/12\/2021\/04\/desfile-oi-2021-de-gucci_bfa38998_1280x853.jpeg?fit=1280%2C853","type":"image\/jpeg"}],"twitter_card":"summary_large_image","twitter_misc":{"Est. reading time":"2 minutos"},"schema":{"@context":"https:\/\/schema.org","@graph":[{"@type":"WebPage","@id":"https:\/\/graziamagazine.com\/es\/articles\/gucci-aria-asi-es-la-coleccion-mas-atrevida-de-gucci-junto-a-balenciaga\/","url":"https:\/\/graziamagazine.com\/es\/articles\/gucci-aria-asi-es-la-coleccion-mas-atrevida-de-gucci-junto-a-balenciaga\/","name":"Gucci Aria: as\u00ed es la colecci\u00f3n m\u00e1s atrevida de Gucci junto a Balenciaga | Grazia","isPartOf":{"@id":"https:\/\/graziamagazine.com\/es\/#website"},"datePublished":"2021-04-16T02:20:45+00:00","dateModified":"2021-04-16T02:20:45+00:00","description":"La colaboraci\u00f3n de Gucci y Balenciaga: el rumor de la moda m\u00e1s emocionante del a\u00f1o se hizo realidad. Alessandro Michele marc\u00f3 con esta colecci\u00f3n","breadcrumb":{"@id":"https:\/\/graziamagazine.com\/es\/articles\/gucci-aria-asi-es-la-coleccion-mas-atrevida-de-gucci-junto-a-balenciaga\/#breadcrumb"},"inLanguage":"es","potentialAction":[{"@type":"ReadAction","target":["https:\/\/graziamagazine.com\/es\/articles\/gucci-aria-asi-es-la-coleccion-mas-atrevida-de-gucci-junto-a-balenciaga\/"]}]},{"@type":"BreadcrumbList","@id":"https:\/\/graziamagazine.com\/es\/articles\/gucci-aria-asi-es-la-coleccion-mas-atrevida-de-gucci-junto-a-balenciaga\/#breadcrumb","itemListElement":[{"@type":"ListItem","position":1,"name":"Portada","item":"https:\/\/graziamagazine.com\/es\/"},{"@type":"ListItem","position":2,"name":"Gucci Aria: as\u00ed es la colecci\u00f3n m\u00e1s atrevida de Gucci junto a Balenciaga"}]},{"@type":"WebSite","@id":"https:\/\/graziamagazine.com\/es\/#website","url":"https:\/\/graziamagazine.com\/es\/","name":"Grazia","description":"Moda, belleza, celebrities, estilo de vida...","potentialAction":[{"@type":"SearchAction","target":{"@type":"EntryPoint","urlTemplate":"https:\/\/graziamagazine.com\/es\/?s={search_term_string}"},"query-input":"required name=search_term_string"}],"inLanguage":"es"}]}},"jetpack_sharing_enabled":true,"distributor_meta":false,"distributor_terms":false,"distributor_media":false,"distributor_original_site_name":"Grazia","distributor_original_site_url":"https:\/\/graziamagazine.com\/es","push-errors":false,"_links":{"self":[{"href":"https:\/\/graziamagazine.com\/es\/wp-json\/wp\/v2\/articles\/158172"}],"collection":[{"href":"https:\/\/graziamagazine.com\/es\/wp-json\/wp\/v2\/articles"}],"about":[{"href":"https:\/\/graziamagazine.com\/es\/wp-json\/wp\/v2\/types\/articles"}],"author":[{"embeddable":true,"href":"https:\/\/graziamagazine.com\/es\/wp-json\/wp\/v2\/users\/11656"}],"wp:featuredmedia":[{"embeddable":true,"href":"https:\/\/graziamagazine.com\/es\/wp-json\/wp\/v2\/media\/158174"}],"wp:attachment":[{"href":"https:\/\/graziamagazine.com\/es\/wp-json\/wp\/v2\/media?parent=158172"}],"wp:term":[{"taxonomy":"category","embeddable":true,"href":"https:\/\/graziamagazine.com\/es\/wp-json\/wp\/v2\/categories?post=158172"}],"curies":[{"name":"wp","href":"https:\/\/api.w.org\/{rel}","templated":true}]}}