{"id":158128,"date":"2021-04-14T08:00:21","date_gmt":"2021-04-14T06:00:21","guid":{"rendered":"https:\/\/graziamagazine.com\/es\/?post_type=articles&#038;p=158128"},"modified":"2021-04-13T22:27:21","modified_gmt":"2021-04-13T20:27:21","slug":"nuevo-objeto-de-deseo-el-le-pliage-filet-de-longchamp","status":"publish","type":"articles","link":"https:\/\/graziamagazine.com\/es\/articles\/nuevo-objeto-de-deseo-el-le-pliage-filet-de-longchamp\/","title":{"rendered":"Nuevo objeto de deseo: el Le Pliage Filet de Longchamp"},"content":{"rendered":"<p>Con la llegada de la nueva estaci\u00f3n no solo cambiamos de armario, tambi\u00e9n de bolsos para el d\u00eda a d\u00eda. Las principales marcas de moda lo saben, y temporada tras temporada nos hacen caer en la tentaci\u00f3n de sumar nuevos accesorios a nuestro d\u00eda a d\u00eda.<\/p>\n<p>Esta primavera 2021 tenemos una nueva obsesi\u00f3n a la que es casi imposible no caer rendidos. Su nombre, ap\u00fantalo bien porque va a dar que hablar, es Le Pliage Filet. S\u00ed, has escuchado bien, es una versi\u00f3n del cl\u00e1sico Le Pliage de Longchamp, ese bolso plegable que todos amamos, pero en versi\u00f3n artesanal.<\/p>\n<p><img loading=\"lazy\" decoding=\"async\" class=\"aligncenter size-full wp-image-158154\" src=\"https:\/\/graziamagazine.com\/es\/wp-content\/uploads\/sites\/12\/2021\/04\/longchamp-ss21-brand-content-le-pliage-filet_2-jpg..jpg\" alt=\"Nuevo objeto de deseo: el Le Pliage Filet de Longchamp\" width=\"1024\" height=\"1434\" \/><\/p>\n<p>En esta nueva pieza representa a la perfecci\u00f3n el llamado savoir-faire franc\u00e9s, ya que en ella confluyen el buen hacer de una marca como Longchamp y su m\u00edtico bolso producido en los talleres de la maison en el Valle del Loira, y por otro la ic\u00f3nica bolsa de red Filt, fabricada en Normand\u00eda desde 1860.<\/p>\n<blockquote><p>\u00abEs raro que una colaboraci\u00f3n re\u00fana dos bolsos. Pero me gusta la idea de una uni\u00f3n entre dos iconos que se combinan para exaltar un encanto, una personalidad y un poco\u00a0de humor\u00bb, dice Sophie Delafontaine, Directora Art\u00edstica de la Maison\u00a0<span class=\"markxr7rcbl9l\" data-markjs=\"true\" data-ogac=\"\" data-ogab=\"\" data-ogsc=\"\" data-ogsb=\"\">Longchamp<\/span>.<\/p><\/blockquote>\n<p>Una tradici\u00f3n que regresa esta temporada estival convertida en un<em> It bag<\/em> que puedes elegir en 6 colores -negro, blanco, rosa, naranja, azul y khaki- perfectos para cualquier look y cualquier momento de la primavera y verano, tanto para pasear por la ciudad como para ir a la playa o sentarte en una terraza.<\/p>\n<div class=\"content-gallery\"><div class=\"gallery-placeholder\"><div class=\"spinner\"><\/div><\/div><span class=\"gallery-pagination\"><\/span><div id=\"gallery-1\" class=\"gallery galleryid-158128 gallery-columns- gallery-size-medium\"><figure class=\"gallery-item\"><div class=\"gallery-icon landscape\"><img loading=\"lazy\" decoding=\"async\" width=\"1768\" height=\"1176\" src=\"https:\/\/graziamagazine.com\/es\/wp-content\/uploads\/sites\/12\/2021\/04\/Captura-de-pantalla-2021-04-13-a-las-15.17.27.png\" class=\"lazy\" alt=\"Nuevo objeto de deseo: el Le Pliage Filet de Longchamp\" \/><\/div><\/figure><figure class=\"gallery-item\"><div class=\"gallery-icon landscape\"><img loading=\"lazy\" decoding=\"async\" width=\"1762\" height=\"1160\" src=\"https:\/\/graziamagazine.com\/es\/wp-content\/uploads\/sites\/12\/2021\/04\/Captura-de-pantalla-2021-04-13-a-las-15.17.15.png\" class=\"lazy\" alt=\"Nuevo objeto de deseo: el Le Pliage Filet de Longchamp\" \/><\/div><\/figure><figure class=\"gallery-item\"><div class=\"gallery-icon landscape\"><img loading=\"lazy\" decoding=\"async\" width=\"1768\" height=\"1170\" src=\"https:\/\/graziamagazine.com\/es\/wp-content\/uploads\/sites\/12\/2021\/04\/Captura-de-pantalla-2021-04-13-a-las-15.16.59.png\" class=\"lazy\" alt=\"Nuevo objeto de deseo: el Le Pliage Filet de Longchamp\" \/><\/div><\/figure><figure class=\"gallery-item\"><div class=\"gallery-icon landscape\"><img loading=\"lazy\" decoding=\"async\" width=\"1740\" height=\"1156\" src=\"https:\/\/graziamagazine.com\/es\/wp-content\/uploads\/sites\/12\/2021\/04\/Captura-de-pantalla-2021-04-13-a-las-15.16.47.png\" class=\"lazy\" alt=\"Nuevo objeto de deseo: el Le Pliage Filet de Longchamp\" \/><\/div><\/figure><figure class=\"gallery-item\"><div class=\"gallery-icon landscape\"><img loading=\"lazy\" decoding=\"async\" width=\"1770\" height=\"1186\" src=\"https:\/\/graziamagazine.com\/es\/wp-content\/uploads\/sites\/12\/2021\/04\/Captura-de-pantalla-2021-04-13-a-las-15.16.35.png\" class=\"lazy\" alt=\"Nuevo objeto de deseo: el Le Pliage Filet de Longchamp\" \/><\/div><\/figure><figure class=\"gallery-item\"><div class=\"gallery-icon landscape\"><img loading=\"lazy\" decoding=\"async\" width=\"1754\" height=\"1168\" src=\"https:\/\/graziamagazine.com\/es\/wp-content\/uploads\/sites\/12\/2021\/04\/Captura-de-pantalla-2021-04-13-a-las-15.16.25.png\" class=\"lazy\" alt=\"Nuevo objeto de deseo: el Le Pliage Filet de Longchamp\" \/><\/div><\/figure><\/div><\/div>\n<p>*Tip Grazia: Ten cuidado con lo que llevas, y no olvides que tiene que tener cierto volumen, pero una vez que lo tengas controlado, no te vas a querer separar de tu nuevo bolso\/bolsa<\/p>\n<p>Su precio es de <strong>75 euros<\/strong> y puedes hacerte con el tuyo <a href=\"https:\/\/www.longchamp.com\/es\/es\/products\/bolso-con-asa-superior-10121HVH037.html\" target=\"_blank\">en las tiendas Longchamp o su tienda online<\/a>.<\/p>\n<p><em>*Im\u00e1genes: Cortes\u00eda de Longchamp<\/em><\/p>\n<p>&nbsp;<\/p>\n","protected":false},"author":11653,"featured_media":158129,"template":"","format":"standard","categories":[3611,1],"acf":[],"yoast_head":"<!-- This site is optimized with the Yoast SEO Premium plugin v18.5 (Yoast SEO v20.4) - https:\/\/yoast.com\/wordpress\/plugins\/seo\/ -->\n<title>Nuevo objeto de deseo: el Le Pliage Filet de Longchamp | Grazia<\/title>\n<meta name=\"description\" content=\"Estamos seguros que esta pieza se va a convertir en el It Bag de la temporada estival, as\u00ed que no te quedes atr\u00e1s. \u00a1Te damos los detalles para que caigas rendida!\" \/>\n<meta name=\"robots\" content=\"index, follow, max-snippet:-1, max-image-preview:large, max-video-preview:-1\" \/>\n<link rel=\"canonical\" href=\"https:\/\/graziamagazine.com\/es\/articles\/nuevo-objeto-de-deseo-el-le-pliage-filet-de-longchamp\/\" \/>\n<meta property=\"og:locale\" content=\"es_ES\" \/>\n<meta property=\"og:type\" content=\"article\" \/>\n<meta property=\"og:title\" content=\"Nuevo objeto de deseo: el Le Pliage Filet de Longchamp\" \/>\n<meta property=\"og:description\" content=\"Estamos seguros que esta pieza se va a convertir en el It Bag de la temporada estival, as\u00ed que no te quedes atr\u00e1s. \u00a1Te damos los detalles para que caigas rendida!\" \/>\n<meta property=\"og:url\" content=\"https:\/\/graziamagazine.com\/es\/articles\/nuevo-objeto-de-deseo-el-le-pliage-filet-de-longchamp\/\" \/>\n<meta property=\"og:site_name\" content=\"Grazia\" \/>\n<meta property=\"article:modified_time\" content=\"2021-04-13T20:27:21+00:00\" \/>\n<meta property=\"og:image\" content=\"https:\/\/graziamagazine.com\/es\/wp-content\/uploads\/sites\/12\/2021\/04\/4c80601e-17bb-4ce6-85e0-435dbfe5f6cf.jpg?fit=1200%2C900\" \/>\n\t<meta property=\"og:image:width\" content=\"1200\" \/>\n\t<meta property=\"og:image:height\" content=\"900\" \/>\n\t<meta property=\"og:image:type\" content=\"image\/jpeg\" \/>\n<meta name=\"twitter:card\" content=\"summary_large_image\" \/>\n<meta name=\"twitter:label1\" content=\"Est. reading time\" \/>\n\t<meta name=\"twitter:data1\" content=\"2 minutos\" \/>\n<script type=\"application\/ld+json\" class=\"yoast-schema-graph\">{\"@context\":\"https:\/\/schema.org\",\"@graph\":[{\"@type\":\"WebPage\",\"@id\":\"https:\/\/graziamagazine.com\/es\/articles\/nuevo-objeto-de-deseo-el-le-pliage-filet-de-longchamp\/\",\"url\":\"https:\/\/graziamagazine.com\/es\/articles\/nuevo-objeto-de-deseo-el-le-pliage-filet-de-longchamp\/\",\"name\":\"Nuevo objeto de deseo: el Le Pliage Filet de Longchamp | Grazia\",\"isPartOf\":{\"@id\":\"https:\/\/graziamagazine.com\/es\/#website\"},\"datePublished\":\"2021-04-14T06:00:21+00:00\",\"dateModified\":\"2021-04-13T20:27:21+00:00\",\"description\":\"Estamos seguros que esta pieza se va a convertir en el It Bag de la temporada estival, as\u00ed que no te quedes atr\u00e1s. \u00a1Te damos los detalles para que caigas rendida!\",\"breadcrumb\":{\"@id\":\"https:\/\/graziamagazine.com\/es\/articles\/nuevo-objeto-de-deseo-el-le-pliage-filet-de-longchamp\/#breadcrumb\"},\"inLanguage\":\"es\",\"potentialAction\":[{\"@type\":\"ReadAction\",\"target\":[\"https:\/\/graziamagazine.com\/es\/articles\/nuevo-objeto-de-deseo-el-le-pliage-filet-de-longchamp\/\"]}]},{\"@type\":\"BreadcrumbList\",\"@id\":\"https:\/\/graziamagazine.com\/es\/articles\/nuevo-objeto-de-deseo-el-le-pliage-filet-de-longchamp\/#breadcrumb\",\"itemListElement\":[{\"@type\":\"ListItem\",\"position\":1,\"name\":\"Portada\",\"item\":\"https:\/\/graziamagazine.com\/es\/\"},{\"@type\":\"ListItem\",\"position\":2,\"name\":\"Nuevo objeto de deseo: el Le Pliage Filet de Longchamp\"}]},{\"@type\":\"WebSite\",\"@id\":\"https:\/\/graziamagazine.com\/es\/#website\",\"url\":\"https:\/\/graziamagazine.com\/es\/\",\"name\":\"Grazia\",\"description\":\"Moda, belleza, celebrities, estilo de vida...\",\"potentialAction\":[{\"@type\":\"SearchAction\",\"target\":{\"@type\":\"EntryPoint\",\"urlTemplate\":\"https:\/\/graziamagazine.com\/es\/?s={search_term_string}\"},\"query-input\":\"required name=search_term_string\"}],\"inLanguage\":\"es\"}]}<\/script>\n<!-- \/ Yoast SEO Premium plugin. -->","yoast_head_json":{"title":"Nuevo objeto de deseo: el Le Pliage Filet de Longchamp | Grazia","description":"Estamos seguros que esta pieza se va a convertir en el It Bag de la temporada estival, as\u00ed que no te quedes atr\u00e1s. \u00a1Te damos los detalles para que caigas rendida!","robots":{"index":"index","follow":"follow","max-snippet":"max-snippet:-1","max-image-preview":"max-image-preview:large","max-video-preview":"max-video-preview:-1"},"canonical":"https:\/\/graziamagazine.com\/es\/articles\/nuevo-objeto-de-deseo-el-le-pliage-filet-de-longchamp\/","og_locale":"es_ES","og_type":"article","og_title":"Nuevo objeto de deseo: el Le Pliage Filet de Longchamp","og_description":"Estamos seguros que esta pieza se va a convertir en el It Bag de la temporada estival, as\u00ed que no te quedes atr\u00e1s. \u00a1Te damos los detalles para que caigas rendida!","og_url":"https:\/\/graziamagazine.com\/es\/articles\/nuevo-objeto-de-deseo-el-le-pliage-filet-de-longchamp\/","og_site_name":"Grazia","article_modified_time":"2021-04-13T20:27:21+00:00","og_image":[{"width":1200,"height":900,"url":"https:\/\/graziamagazine.com\/es\/wp-content\/uploads\/sites\/12\/2021\/04\/4c80601e-17bb-4ce6-85e0-435dbfe5f6cf.jpg?fit=1200%2C900","type":"image\/jpeg"}],"twitter_card":"summary_large_image","twitter_misc":{"Est. reading time":"2 minutos"},"schema":{"@context":"https:\/\/schema.org","@graph":[{"@type":"WebPage","@id":"https:\/\/graziamagazine.com\/es\/articles\/nuevo-objeto-de-deseo-el-le-pliage-filet-de-longchamp\/","url":"https:\/\/graziamagazine.com\/es\/articles\/nuevo-objeto-de-deseo-el-le-pliage-filet-de-longchamp\/","name":"Nuevo objeto de deseo: el Le Pliage Filet de Longchamp | Grazia","isPartOf":{"@id":"https:\/\/graziamagazine.com\/es\/#website"},"datePublished":"2021-04-14T06:00:21+00:00","dateModified":"2021-04-13T20:27:21+00:00","description":"Estamos seguros que esta pieza se va a convertir en el It Bag de la temporada estival, as\u00ed que no te quedes atr\u00e1s. \u00a1Te damos los detalles para que caigas rendida!","breadcrumb":{"@id":"https:\/\/graziamagazine.com\/es\/articles\/nuevo-objeto-de-deseo-el-le-pliage-filet-de-longchamp\/#breadcrumb"},"inLanguage":"es","potentialAction":[{"@type":"ReadAction","target":["https:\/\/graziamagazine.com\/es\/articles\/nuevo-objeto-de-deseo-el-le-pliage-filet-de-longchamp\/"]}]},{"@type":"BreadcrumbList","@id":"https:\/\/graziamagazine.com\/es\/articles\/nuevo-objeto-de-deseo-el-le-pliage-filet-de-longchamp\/#breadcrumb","itemListElement":[{"@type":"ListItem","position":1,"name":"Portada","item":"https:\/\/graziamagazine.com\/es\/"},{"@type":"ListItem","position":2,"name":"Nuevo objeto de deseo: el Le Pliage Filet de Longchamp"}]},{"@type":"WebSite","@id":"https:\/\/graziamagazine.com\/es\/#website","url":"https:\/\/graziamagazine.com\/es\/","name":"Grazia","description":"Moda, belleza, celebrities, estilo de vida...","potentialAction":[{"@type":"SearchAction","target":{"@type":"EntryPoint","urlTemplate":"https:\/\/graziamagazine.com\/es\/?s={search_term_string}"},"query-input":"required name=search_term_string"}],"inLanguage":"es"}]}},"jetpack_sharing_enabled":true,"distributor_meta":false,"distributor_terms":false,"distributor_media":false,"distributor_original_site_name":"Grazia","distributor_original_site_url":"https:\/\/graziamagazine.com\/es","push-errors":false,"_links":{"self":[{"href":"https:\/\/graziamagazine.com\/es\/wp-json\/wp\/v2\/articles\/158128"}],"collection":[{"href":"https:\/\/graziamagazine.com\/es\/wp-json\/wp\/v2\/articles"}],"about":[{"href":"https:\/\/graziamagazine.com\/es\/wp-json\/wp\/v2\/types\/articles"}],"author":[{"embeddable":true,"href":"https:\/\/graziamagazine.com\/es\/wp-json\/wp\/v2\/users\/11653"}],"wp:featuredmedia":[{"embeddable":true,"href":"https:\/\/graziamagazine.com\/es\/wp-json\/wp\/v2\/media\/158129"}],"wp:attachment":[{"href":"https:\/\/graziamagazine.com\/es\/wp-json\/wp\/v2\/media?parent=158128"}],"wp:term":[{"taxonomy":"category","embeddable":true,"href":"https:\/\/graziamagazine.com\/es\/wp-json\/wp\/v2\/categories?post=158128"}],"curies":[{"name":"wp","href":"https:\/\/api.w.org\/{rel}","templated":true}]}}