{"id":158089,"date":"2021-04-07T19:27:17","date_gmt":"2021-04-07T17:27:17","guid":{"rendered":"https:\/\/graziamagazine.com\/es\/?post_type=articles&#038;p=158089"},"modified":"2021-04-07T19:28:36","modified_gmt":"2021-04-07T17:28:36","slug":"geox-asi-es-la-coleccion-de-abrigos-y-chaquetas-para-vestir-todos-los-momentos-de-primavera","status":"publish","type":"articles","link":"https:\/\/graziamagazine.com\/es\/articles\/geox-asi-es-la-coleccion-de-abrigos-y-chaquetas-para-vestir-todos-los-momentos-de-primavera\/","title":{"rendered":"Geox: as\u00ed es la colecci\u00f3n de abrigos y chaquetas para vestir todos los momentos de primavera"},"content":{"rendered":"<p>Despu\u00e9s de un invierno m\u00e1s bien triste en el que a menudo descuidamos el estilo, lleg\u00f3 el momento de animarse y regresar a enfrentar los retos cotidianos con el esp\u00edritu id\u00f3neo (adem\u00e1s del look ideal). No podr\u00edamos decir que nuestro guardarropa est\u00e1 realmente completo sin la selecci\u00f3n de ropa para exteriores ligera que hay que sacar del armario con la llegada la primavera.<\/p>\n<p>De hecho, vestirse bien es el primer paso para sentirse mejor; recuperar la seguridad y elegir piezas que nos representen al 100% es el secreto para tener \u00e9xito y <strong>expresar lo mejor de nosotras mismas y de nuestro estilo<\/strong>.<\/p>\n<div style=\"width: 1920px;\" class=\"wp-video\"><video class=\"wp-video-shortcode\" id=\"video-158089-1\" width=\"1920\" height=\"1080\" preload=\"metadata\" controls=\"controls\"><source type=\"video\/mp4\" src=\"https:\/\/graziamagazine.com\/es\/wp-content\/uploads\/sites\/12\/2021\/04\/05_Lifestyle_-Summer-2_SS21_WOMAN_O.mp4?_=1\" \/><\/video><\/div>\n<p>No solo lo decimos nosotras, tambi\u00e9n nos lo aseguran desde <a href=\"https:\/\/www.geox.com\/es-ES\/mujer\/ropa\/?utm_source=grazia&amp;utm_medium=native&amp;utm_campaign=WM_ES_Native_SS21_product_Apparel-W\" target=\"_blank\"><strong>Geox<\/strong>, quien <strong>nos invita a creer m\u00e1s en nosotras y en nuestro potencial<\/strong><\/a>, a ser mas audaces, a no tener miedo de mostrarnos por lo que somos y a elegir s\u00f3lo piezas que nos hagan sentir a nuestras anchas e impecables en cualquier situaci\u00f3n.<\/p>\n<p>De hecho, <em>Express your world<\/em> es el <strong>lema de esta marca<\/strong> que, para dar la bienvenida a la m\u00e1s atractiva de todas las estaciones, ha lanzado una nueva colecci\u00f3n de <strong><em>outerwear<\/em><\/strong> pensada para responder a las exigencias de cada mujer y compuesta por abrigos y cazadoras <em>trendy<\/em>, muy coloridas y confortables, perfectas para afrontar con la mejor actitud los pr\u00f3ximos eventos en tu agenda estival.<\/p>\n<h3>chaquetas geox: las estrellas de la nueva colecci\u00f3n primavera-verano 2021<\/h3>\n<p><img loading=\"lazy\" decoding=\"async\" class=\"aligncenter size-full wp-image-158091\" src=\"https:\/\/graziamagazine.com\/es\/wp-content\/uploads\/sites\/12\/2021\/04\/geox_1.jpg\" alt=\"Geox 1\" width=\"837\" height=\"624\" \/><\/p>\n<p><em>Chaquetas cortas acolchadas, en nylon color rosa blush.<\/em><\/p>\n<p>En el armario primaveral no pueden faltar nunca un parka, un <em>trench<\/em>, una <em>bomber<\/em> o un impermeable: son los mejores aliados para darle nueva vida a tus looks diarios sin tener miedo de los cambios imprevistos del clima o de las temperaturas fluctuantes. Todas las piezas de la nueva colecci\u00f3n de Geox son <strong>ligeras, con telas que dejan respirar y son <em>eco-friendly<\/em><\/strong> ya que est\u00e1n hechas con una mezcla de materiales innovadores y tejidos naturales.<\/p>\n<p><img loading=\"lazy\" decoding=\"async\" class=\"aligncenter size-full wp-image-158092\" src=\"https:\/\/graziamagazine.com\/es\/wp-content\/uploads\/sites\/12\/2021\/04\/geox_2.jpg\" alt=\"\" width=\"834\" height=\"625\" \/><\/p>\n<p><em>Cazadora corta azul en nylon tornasolado.<\/em><\/p>\n<p>Entre las grandes estrellas de la nueva colecci\u00f3n de Geox, est\u00e1n <strong>el parka con capucha<\/strong> y <strong>la sahariana con el cuello vuelto<\/strong> en tafet\u00e1n prearrugado; el <strong>parka efecto lurex<\/strong> con capucha removible, un <em>passepartout<\/em> adaptado a cualquier ocasi\u00f3n y <strong>la bomber en sat\u00e9n<\/strong> con cierre estampado animal, que te puedes poner para cualquier ocasi\u00f3n, desde la ma\u00f1ana hasta la noche.<\/p>\n<p><img loading=\"lazy\" decoding=\"async\" class=\"aligncenter size-full wp-image-158093\" src=\"https:\/\/graziamagazine.com\/es\/wp-content\/uploads\/sites\/12\/2021\/04\/geox_3.jpg\" alt=\"\" width=\"836\" height=\"625\" \/><\/p>\n<p><em>Sahariana con cuello vuelto y cintur\u00f3n.<\/em><\/p>\n<p>La gabardina o <strong>trench<\/strong>, un <em>must<\/em> para la primavera, est\u00e1 lista para resolver todas las exigencias de estilo y viene en dos versiones: una <strong>corta<\/strong>, en tela jacquard y con estampado interior de lunares; la otra <em>oversize<\/em>, confeccionada en sarga y con un dise\u00f1o <strong>\u00a0extralargo que llega a los tobillos<\/strong>. Estos dos modelos van bien con todo y se pueden llevar con jeans o pantal\u00f3n recto, pero tambi\u00e9n acompa\u00f1ando a una falda o un vestido m\u00e1s femenino.<\/p>\n<p><img loading=\"lazy\" decoding=\"async\" class=\"aligncenter size-full wp-image-158094\" src=\"https:\/\/graziamagazine.com\/es\/wp-content\/uploads\/sites\/12\/2021\/04\/geox_4.jpg\" alt=\"\" width=\"836\" height=\"627\" \/><\/p>\n<p><em>Impermeable resistente al agua con forro de tela estampada con lunares.<\/em><\/p>\n<p>Manufacturadas espec\u00edficamente para esta estaci\u00f3n m\u00e1s c\u00e1lida, las nuevas piezas cuentan con tejidos tecnol\u00f3gicos que son <strong>un gui\u00f1o al medioambiente<\/strong> y est\u00e1n enriquecidos con detalles divertidos como forros con diversos estampados.<\/p>\n<p><img loading=\"lazy\" decoding=\"async\" class=\"aligncenter size-full wp-image-158095\" src=\"https:\/\/graziamagazine.com\/es\/wp-content\/uploads\/sites\/12\/2021\/04\/geox_5.jpg\" alt=\"\" width=\"838\" height=\"625\" \/><\/p>\n<p><em>Parka largo con capucha en tela arrugada brillante.<\/em><\/p>\n<p>Realizadas con tecnolog\u00eda <em>AMPHIBIOX<\/em>, que une la tela a una sutil membrana de poliuretano, tanto la <strong>chaqueta acinturada<\/strong> sin forro como la <strong>gabardina con corte trapecio<\/strong> dejan transpirar y son resistentes al agua. Mientras que la cazadora acolchada de reflejos opalescentes con <em>EcologicWarm<\/em> est\u00e1 hecha con un material ecol\u00f3gico obtenido del pl\u00e1stico reciclado.<\/p>\n<p><img loading=\"lazy\" decoding=\"async\" class=\"aligncenter size-full wp-image-158096\" src=\"https:\/\/graziamagazine.com\/es\/wp-content\/uploads\/sites\/12\/2021\/04\/geox_6.jpg\" alt=\"\" width=\"831\" height=\"623\" \/><\/p>\n<p><em>Parka contra lluvia en poly-algod\u00f3n con forro animal print.<\/em><\/p>\n<p>Entre nuestras piezas favoritas, est\u00e1 tambi\u00e9n el <strong>chaleco metalizado <\/strong>en tela arrugada que ocupa poqu\u00edsimo espacio en la maleta y se puede doblar y guardar dentro de su ri\u00f1onera a juego. Una soluci\u00f3n perfecta especialmente para cuando est\u00e1s de viaje y para que la lluvia de primavera no te sorprenda en ning\u00fan lugar.<\/p>\n<p><em>*Im\u00e1genes: cortes\u00eda de GEOX<\/em><\/p>\n","protected":false},"author":16349,"featured_media":158100,"template":"","format":"standard","categories":[1],"acf":[],"yoast_head":"<!-- This site is optimized with the Yoast SEO Premium plugin v18.5 (Yoast SEO v20.4) - https:\/\/yoast.com\/wordpress\/plugins\/seo\/ -->\n<title>Geox: as\u00ed es la colecci\u00f3n de abrigos y chaquetas para vestir todos los momentos de primavera | Grazia<\/title>\n<meta name=\"description\" content=\"Bombers, gabardinas ligeras, parkas impermeables y saharianas son algunas de las prendas estrella de la colecci\u00f3n de primavera de la casa italiana que deja claro su compromiso con el medio ambiente.\" \/>\n<meta name=\"robots\" content=\"index, follow, max-snippet:-1, max-image-preview:large, max-video-preview:-1\" \/>\n<link rel=\"canonical\" href=\"https:\/\/graziamagazine.com\/es\/articles\/geox-asi-es-la-coleccion-de-abrigos-y-chaquetas-para-vestir-todos-los-momentos-de-primavera\/\" \/>\n<meta property=\"og:locale\" content=\"es_ES\" \/>\n<meta property=\"og:type\" content=\"article\" \/>\n<meta property=\"og:title\" content=\"Geox: as\u00ed es la colecci\u00f3n de abrigos y chaquetas para vestir todos los momentos de primavera\" \/>\n<meta property=\"og:description\" content=\"Bombers, gabardinas ligeras, parkas impermeables y saharianas son algunas de las prendas estrella de la colecci\u00f3n de primavera de la casa italiana que deja claro su compromiso con el medio ambiente.\" \/>\n<meta property=\"og:url\" content=\"https:\/\/graziamagazine.com\/es\/articles\/geox-asi-es-la-coleccion-de-abrigos-y-chaquetas-para-vestir-todos-los-momentos-de-primavera\/\" \/>\n<meta property=\"og:site_name\" content=\"Grazia\" \/>\n<meta property=\"article:modified_time\" content=\"2021-04-07T17:28:36+00:00\" \/>\n<meta property=\"og:image\" content=\"https:\/\/graziamagazine.com\/es\/wp-content\/uploads\/sites\/12\/2021\/04\/Captura-de-pantalla-2021-04-05-a-las-12.46.35-copia.jpg?fit=2262%2C1456\" \/>\n\t<meta property=\"og:image:width\" content=\"2262\" \/>\n\t<meta property=\"og:image:height\" content=\"1456\" \/>\n\t<meta property=\"og:image:type\" content=\"image\/jpeg\" \/>\n<meta name=\"twitter:card\" content=\"summary_large_image\" \/>\n<meta name=\"twitter:label1\" content=\"Est. reading time\" \/>\n\t<meta name=\"twitter:data1\" content=\"3 minutos\" \/>\n<script type=\"application\/ld+json\" class=\"yoast-schema-graph\">{\"@context\":\"https:\/\/schema.org\",\"@graph\":[{\"@type\":\"WebPage\",\"@id\":\"https:\/\/graziamagazine.com\/es\/articles\/geox-asi-es-la-coleccion-de-abrigos-y-chaquetas-para-vestir-todos-los-momentos-de-primavera\/\",\"url\":\"https:\/\/graziamagazine.com\/es\/articles\/geox-asi-es-la-coleccion-de-abrigos-y-chaquetas-para-vestir-todos-los-momentos-de-primavera\/\",\"name\":\"Geox: as\u00ed es la colecci\u00f3n de abrigos y chaquetas para vestir todos los momentos de primavera | Grazia\",\"isPartOf\":{\"@id\":\"https:\/\/graziamagazine.com\/es\/#website\"},\"datePublished\":\"2021-04-07T17:27:17+00:00\",\"dateModified\":\"2021-04-07T17:28:36+00:00\",\"description\":\"Bombers, gabardinas ligeras, parkas impermeables y saharianas son algunas de las prendas estrella de la colecci\u00f3n de primavera de la casa italiana que deja claro su compromiso con el medio ambiente.\",\"breadcrumb\":{\"@id\":\"https:\/\/graziamagazine.com\/es\/articles\/geox-asi-es-la-coleccion-de-abrigos-y-chaquetas-para-vestir-todos-los-momentos-de-primavera\/#breadcrumb\"},\"inLanguage\":\"es\",\"potentialAction\":[{\"@type\":\"ReadAction\",\"target\":[\"https:\/\/graziamagazine.com\/es\/articles\/geox-asi-es-la-coleccion-de-abrigos-y-chaquetas-para-vestir-todos-los-momentos-de-primavera\/\"]}]},{\"@type\":\"BreadcrumbList\",\"@id\":\"https:\/\/graziamagazine.com\/es\/articles\/geox-asi-es-la-coleccion-de-abrigos-y-chaquetas-para-vestir-todos-los-momentos-de-primavera\/#breadcrumb\",\"itemListElement\":[{\"@type\":\"ListItem\",\"position\":1,\"name\":\"Portada\",\"item\":\"https:\/\/graziamagazine.com\/es\/\"},{\"@type\":\"ListItem\",\"position\":2,\"name\":\"Geox: as\u00ed es la colecci\u00f3n de abrigos y chaquetas para vestir todos los momentos de primavera\"}]},{\"@type\":\"WebSite\",\"@id\":\"https:\/\/graziamagazine.com\/es\/#website\",\"url\":\"https:\/\/graziamagazine.com\/es\/\",\"name\":\"Grazia\",\"description\":\"Moda, belleza, celebrities, estilo de vida...\",\"potentialAction\":[{\"@type\":\"SearchAction\",\"target\":{\"@type\":\"EntryPoint\",\"urlTemplate\":\"https:\/\/graziamagazine.com\/es\/?s={search_term_string}\"},\"query-input\":\"required name=search_term_string\"}],\"inLanguage\":\"es\"}]}<\/script>\n<!-- \/ Yoast SEO Premium plugin. -->","yoast_head_json":{"title":"Geox: as\u00ed es la colecci\u00f3n de abrigos y chaquetas para vestir todos los momentos de primavera | Grazia","description":"Bombers, gabardinas ligeras, parkas impermeables y saharianas son algunas de las prendas estrella de la colecci\u00f3n de primavera de la casa italiana que deja claro su compromiso con el medio ambiente.","robots":{"index":"index","follow":"follow","max-snippet":"max-snippet:-1","max-image-preview":"max-image-preview:large","max-video-preview":"max-video-preview:-1"},"canonical":"https:\/\/graziamagazine.com\/es\/articles\/geox-asi-es-la-coleccion-de-abrigos-y-chaquetas-para-vestir-todos-los-momentos-de-primavera\/","og_locale":"es_ES","og_type":"article","og_title":"Geox: as\u00ed es la colecci\u00f3n de abrigos y chaquetas para vestir todos los momentos de primavera","og_description":"Bombers, gabardinas ligeras, parkas impermeables y saharianas son algunas de las prendas estrella de la colecci\u00f3n de primavera de la casa italiana que deja claro su compromiso con el medio ambiente.","og_url":"https:\/\/graziamagazine.com\/es\/articles\/geox-asi-es-la-coleccion-de-abrigos-y-chaquetas-para-vestir-todos-los-momentos-de-primavera\/","og_site_name":"Grazia","article_modified_time":"2021-04-07T17:28:36+00:00","og_image":[{"width":2262,"height":1456,"url":"https:\/\/graziamagazine.com\/es\/wp-content\/uploads\/sites\/12\/2021\/04\/Captura-de-pantalla-2021-04-05-a-las-12.46.35-copia.jpg?fit=2262%2C1456","type":"image\/jpeg"}],"twitter_card":"summary_large_image","twitter_misc":{"Est. reading time":"3 minutos"},"schema":{"@context":"https:\/\/schema.org","@graph":[{"@type":"WebPage","@id":"https:\/\/graziamagazine.com\/es\/articles\/geox-asi-es-la-coleccion-de-abrigos-y-chaquetas-para-vestir-todos-los-momentos-de-primavera\/","url":"https:\/\/graziamagazine.com\/es\/articles\/geox-asi-es-la-coleccion-de-abrigos-y-chaquetas-para-vestir-todos-los-momentos-de-primavera\/","name":"Geox: as\u00ed es la colecci\u00f3n de abrigos y chaquetas para vestir todos los momentos de primavera | Grazia","isPartOf":{"@id":"https:\/\/graziamagazine.com\/es\/#website"},"datePublished":"2021-04-07T17:27:17+00:00","dateModified":"2021-04-07T17:28:36+00:00","description":"Bombers, gabardinas ligeras, parkas impermeables y saharianas son algunas de las prendas estrella de la colecci\u00f3n de primavera de la casa italiana que deja claro su compromiso con el medio ambiente.","breadcrumb":{"@id":"https:\/\/graziamagazine.com\/es\/articles\/geox-asi-es-la-coleccion-de-abrigos-y-chaquetas-para-vestir-todos-los-momentos-de-primavera\/#breadcrumb"},"inLanguage":"es","potentialAction":[{"@type":"ReadAction","target":["https:\/\/graziamagazine.com\/es\/articles\/geox-asi-es-la-coleccion-de-abrigos-y-chaquetas-para-vestir-todos-los-momentos-de-primavera\/"]}]},{"@type":"BreadcrumbList","@id":"https:\/\/graziamagazine.com\/es\/articles\/geox-asi-es-la-coleccion-de-abrigos-y-chaquetas-para-vestir-todos-los-momentos-de-primavera\/#breadcrumb","itemListElement":[{"@type":"ListItem","position":1,"name":"Portada","item":"https:\/\/graziamagazine.com\/es\/"},{"@type":"ListItem","position":2,"name":"Geox: as\u00ed es la colecci\u00f3n de abrigos y chaquetas para vestir todos los momentos de primavera"}]},{"@type":"WebSite","@id":"https:\/\/graziamagazine.com\/es\/#website","url":"https:\/\/graziamagazine.com\/es\/","name":"Grazia","description":"Moda, belleza, celebrities, estilo de vida...","potentialAction":[{"@type":"SearchAction","target":{"@type":"EntryPoint","urlTemplate":"https:\/\/graziamagazine.com\/es\/?s={search_term_string}"},"query-input":"required name=search_term_string"}],"inLanguage":"es"}]}},"jetpack_sharing_enabled":true,"distributor_meta":false,"distributor_terms":false,"distributor_media":false,"distributor_original_site_name":"Grazia","distributor_original_site_url":"https:\/\/graziamagazine.com\/es","push-errors":false,"_links":{"self":[{"href":"https:\/\/graziamagazine.com\/es\/wp-json\/wp\/v2\/articles\/158089"}],"collection":[{"href":"https:\/\/graziamagazine.com\/es\/wp-json\/wp\/v2\/articles"}],"about":[{"href":"https:\/\/graziamagazine.com\/es\/wp-json\/wp\/v2\/types\/articles"}],"author":[{"embeddable":true,"href":"https:\/\/graziamagazine.com\/es\/wp-json\/wp\/v2\/users\/16349"}],"wp:featuredmedia":[{"embeddable":true,"href":"https:\/\/graziamagazine.com\/es\/wp-json\/wp\/v2\/media\/158100"}],"wp:attachment":[{"href":"https:\/\/graziamagazine.com\/es\/wp-json\/wp\/v2\/media?parent=158089"}],"wp:term":[{"taxonomy":"category","embeddable":true,"href":"https:\/\/graziamagazine.com\/es\/wp-json\/wp\/v2\/categories?post=158089"}],"curies":[{"name":"wp","href":"https:\/\/api.w.org\/{rel}","templated":true}]}}