{"id":158085,"date":"2021-04-05T05:54:51","date_gmt":"2021-04-05T03:54:51","guid":{"rendered":"https:\/\/graziamagazine.com\/es\/?post_type=articles&#038;p=158085"},"modified":"2021-04-05T05:54:51","modified_gmt":"2021-04-05T03:54:51","slug":"snapchat-lanza-tres-mascarillas-de-realidad-aumentada-disenadas-por-off-white","status":"publish","type":"articles","link":"https:\/\/graziamagazine.com\/es\/articles\/snapchat-lanza-tres-mascarillas-de-realidad-aumentada-disenadas-por-off-white\/","title":{"rendered":"Snapchat lanza tres mascarillas de realidad aumentada dise\u00f1adas por Off-White"},"content":{"rendered":"<p><span style=\"font-weight: 400\">La realidad est\u00e1 una vez m\u00e1s superando a lo virtual. La pandemia ha durado tanto tiempo y la recomendaci\u00f3n general por parte de las autoridades sanitarias es que a pesar de la existencia de vacunas, el uso de mascarillas y medidas sanitarias en general es por tiempo indefinido, que <\/span><b>Snapchat <\/b><span style=\"font-weight: 400\">se ha modernizado e inclu\u00eddo entre sus funciones emojis de personas con tres dise\u00f1os distintos de cubrebocas. \u00a1Win!<\/span><\/p>\n<p><span style=\"font-weight: 400\">Esta medida ha sido lanzada justo en medio de la llamada \u201ctercera ola\u201d que varios pa\u00edses europeos han comenzado a experimentar, y que seguramente llegar\u00e1 a Am\u00e9rica luego de las vacaciones de Semana Santa. As\u00ed, los usuarios de esta red social podr\u00e1n modernizarse e interactuar con sus conocidos muy apropiadamente con una mascarilla virtual.\u00a0<\/span><\/p>\n<p><span style=\"font-weight: 400\">Los 3 estilos a elegir para los cubrebocas que portan los emojis de <\/span><b>Bitmoji<\/b><span style=\"font-weight: 400\">, fueron dise\u00f1ados por la marca de ropa <\/span><b>Off-White<\/b><span style=\"font-weight: 400\">, del dise\u00f1ador estadounidense <\/span><b>Virgil Abloh<\/b><span style=\"font-weight: 400\">, marcando la primera de una serie de colaboraciones para lentes de realidad aumentada que tendr\u00e1n a lo largo de este a\u00f1o.<\/span><\/p>\n<p><span style=\"font-weight: 400\">\u201cM\u00e1s formas de mostrar tu seguridad y estilo con estas mascarillas @Bitmoji de @OffWht\u201d, escribi\u00f3 en un <\/span><i><span style=\"font-weight: 400\">tweet<\/span><\/i><span style=\"font-weight: 400\"> la cuenta oficial de Snapchat. Y a su vez, la cuenta de Bitmoji tuite\u00f3 \u201cEnmasc\u00e1rate en @Snapchat con nuestras nuevas \u00a1M\u00e1scaras Bitmoji Selfie! de @OffWht. Dir\u00edgete a tu perfil de Snapchat y toca \u00abSeleccionar selfie\u00bb para elegir tu dise\u00f1o favorito\u201d.\u00a0<\/span><\/p>\n<blockquote class=\"twitter-tweet\" data-width=\"500\" data-dnt=\"true\">\n<p lang=\"en\" dir=\"ltr\">Mask up on <a href=\"https:\/\/twitter.com\/Snapchat?ref_src=twsrc%5Etfw\" target=\"_blank\">@Snapchat<\/a> with our new <a href=\"https:\/\/twitter.com\/OffWht?ref_src=twsrc%5Etfw\" target=\"_blank\">@OffWht<\/a> Bitmoji Selfie masks! <\/p>\n<p>Head to your Snapchat Profile and tap on \u2018Select Selfie\u2019 to pick your favorite design \ud83d\ude0e <a href=\"https:\/\/t.co\/fkxgIcBqL8\" target=\"_blank\">pic.twitter.com\/fkxgIcBqL8<\/a><\/p>\n<p>&mdash; Bitmoji (@Bitmoji) <a href=\"https:\/\/twitter.com\/Bitmoji\/status\/1377295469752283136?ref_src=twsrc%5Etfw\" target=\"_blank\">March 31, 2021<\/a><\/p><\/blockquote>\n<p><script async src=\"https:\/\/platform.twitter.com\/widgets.js\" charset=\"utf-8\"><\/script><\/p>\n<p><span style=\"font-weight: 400\">Esta lente permite a los usuarios de la red social probarse de forma virtual una selecci\u00f3n de 3 mascarillas de Off-White en realidad aumentada. \u201cLos modelos est\u00e1n inspirados en las piezas f\u00edsicas de la colecci\u00f3n de primavera\/verano 2021 de la marca as\u00ed que tambi\u00e9n se podr\u00e1n comprar en la vida real en la tienda online de la firma\u201d, se lee en el comunicado del anuncio. De igual manera, las mascarillas funcionar\u00e1n en las selfies que comparten con sus amigos.\u00a0<\/span><\/p>\n<p><img loading=\"lazy\" decoding=\"async\" class=\"alignnone size-medium wp-image-95272\" src=\"https:\/\/graziamagazine.com\/mx\/wp-content\/uploads\/sites\/13\/2021\/03\/1366_2000-1.png?w=320\" alt=\"Snapchat lanza tres mascarillas virtuales dise\u00f1adas por Off-White\" width=\"320\" height=\"320\" \/><\/p>\n<p><span style=\"font-weight: 400\">Esta colaboraci\u00f3n con Off-White es una m\u00e1s de las colaboraciones para la creaci\u00f3n de filtros y lentes que Snapchat ha planeado con otras marcas y artistas como <\/span><b>Damien Hirst, Christian Marclay, Alex Israel y Harmony Korine<\/b><span style=\"font-weight: 400\">, para mostrar esta fusi\u00f3n cada vez m\u00e1s actual entre los planos reales y virtuales.<\/span><\/p>\n<p><span style=\"font-weight: 400\">\u00bfLe entras?<\/span><\/p>\n<p><em><strong>*IMAGEN: Cortes\u00eda Snapchat<\/strong><\/em><\/p>\n","protected":false},"author":11653,"featured_media":158087,"template":"","format":"standard","categories":[2971],"acf":{"banner":null},"yoast_head":"<!-- This site is optimized with the Yoast SEO Premium plugin v18.5 (Yoast SEO v20.4) - https:\/\/yoast.com\/wordpress\/plugins\/seo\/ -->\n<title>Snapchat lanza tres mascarillas de realidad aumentada dise\u00f1adas por Off-White | Grazia<\/title>\n<meta name=\"description\" content=\"La realidad est\u00e1 una vez m\u00e1s superando a lo virtual. La pandemia ha durado tanto tiempo y la recomendaci\u00f3n general por parte de las autoridades sanitarias\" \/>\n<meta name=\"robots\" content=\"index, follow, max-snippet:-1, max-image-preview:large, max-video-preview:-1\" \/>\n<link rel=\"canonical\" href=\"https:\/\/graziamagazine.com\/es\/articles\/snapchat-lanza-tres-mascarillas-de-realidad-aumentada-disenadas-por-off-white\/\" \/>\n<meta property=\"og:locale\" content=\"es_ES\" \/>\n<meta property=\"og:type\" content=\"article\" \/>\n<meta property=\"og:title\" content=\"Snapchat lanza tres mascarillas de realidad aumentada dise\u00f1adas por Off-White\" \/>\n<meta property=\"og:description\" content=\"La realidad est\u00e1 una vez m\u00e1s superando a lo virtual. La pandemia ha durado tanto tiempo y la recomendaci\u00f3n general por parte de las autoridades sanitarias\" \/>\n<meta property=\"og:url\" content=\"https:\/\/graziamagazine.com\/es\/articles\/snapchat-lanza-tres-mascarillas-de-realidad-aumentada-disenadas-por-off-white\/\" \/>\n<meta property=\"og:site_name\" content=\"Grazia\" \/>\n<meta property=\"og:image\" content=\"https:\/\/graziamagazine.com\/es\/wp-content\/uploads\/sites\/12\/2021\/04\/1366_2000.png?fit=1360%2C377\" \/>\n\t<meta property=\"og:image:width\" content=\"1360\" \/>\n\t<meta property=\"og:image:height\" content=\"377\" \/>\n\t<meta property=\"og:image:type\" content=\"image\/png\" \/>\n<meta name=\"twitter:card\" content=\"summary_large_image\" \/>\n<meta name=\"twitter:label1\" content=\"Est. reading time\" \/>\n\t<meta name=\"twitter:data1\" content=\"2 minutos\" \/>\n<script type=\"application\/ld+json\" class=\"yoast-schema-graph\">{\"@context\":\"https:\/\/schema.org\",\"@graph\":[{\"@type\":\"WebPage\",\"@id\":\"https:\/\/graziamagazine.com\/es\/articles\/snapchat-lanza-tres-mascarillas-de-realidad-aumentada-disenadas-por-off-white\/\",\"url\":\"https:\/\/graziamagazine.com\/es\/articles\/snapchat-lanza-tres-mascarillas-de-realidad-aumentada-disenadas-por-off-white\/\",\"name\":\"Snapchat lanza tres mascarillas de realidad aumentada dise\u00f1adas por Off-White | Grazia\",\"isPartOf\":{\"@id\":\"https:\/\/graziamagazine.com\/es\/#website\"},\"datePublished\":\"2021-04-05T03:54:51+00:00\",\"dateModified\":\"2021-04-05T03:54:51+00:00\",\"description\":\"La realidad est\u00e1 una vez m\u00e1s superando a lo virtual. La pandemia ha durado tanto tiempo y la recomendaci\u00f3n general por parte de las autoridades sanitarias\",\"breadcrumb\":{\"@id\":\"https:\/\/graziamagazine.com\/es\/articles\/snapchat-lanza-tres-mascarillas-de-realidad-aumentada-disenadas-por-off-white\/#breadcrumb\"},\"inLanguage\":\"es\",\"potentialAction\":[{\"@type\":\"ReadAction\",\"target\":[\"https:\/\/graziamagazine.com\/es\/articles\/snapchat-lanza-tres-mascarillas-de-realidad-aumentada-disenadas-por-off-white\/\"]}]},{\"@type\":\"BreadcrumbList\",\"@id\":\"https:\/\/graziamagazine.com\/es\/articles\/snapchat-lanza-tres-mascarillas-de-realidad-aumentada-disenadas-por-off-white\/#breadcrumb\",\"itemListElement\":[{\"@type\":\"ListItem\",\"position\":1,\"name\":\"Portada\",\"item\":\"https:\/\/graziamagazine.com\/es\/\"},{\"@type\":\"ListItem\",\"position\":2,\"name\":\"Snapchat lanza tres mascarillas de realidad aumentada dise\u00f1adas por Off-White\"}]},{\"@type\":\"WebSite\",\"@id\":\"https:\/\/graziamagazine.com\/es\/#website\",\"url\":\"https:\/\/graziamagazine.com\/es\/\",\"name\":\"Grazia\",\"description\":\"Moda, belleza, celebrities, estilo de vida...\",\"potentialAction\":[{\"@type\":\"SearchAction\",\"target\":{\"@type\":\"EntryPoint\",\"urlTemplate\":\"https:\/\/graziamagazine.com\/es\/?s={search_term_string}\"},\"query-input\":\"required name=search_term_string\"}],\"inLanguage\":\"es\"}]}<\/script>\n<!-- \/ Yoast SEO Premium plugin. -->","yoast_head_json":{"title":"Snapchat lanza tres mascarillas de realidad aumentada dise\u00f1adas por Off-White | Grazia","description":"La realidad est\u00e1 una vez m\u00e1s superando a lo virtual. La pandemia ha durado tanto tiempo y la recomendaci\u00f3n general por parte de las autoridades sanitarias","robots":{"index":"index","follow":"follow","max-snippet":"max-snippet:-1","max-image-preview":"max-image-preview:large","max-video-preview":"max-video-preview:-1"},"canonical":"https:\/\/graziamagazine.com\/es\/articles\/snapchat-lanza-tres-mascarillas-de-realidad-aumentada-disenadas-por-off-white\/","og_locale":"es_ES","og_type":"article","og_title":"Snapchat lanza tres mascarillas de realidad aumentada dise\u00f1adas por Off-White","og_description":"La realidad est\u00e1 una vez m\u00e1s superando a lo virtual. La pandemia ha durado tanto tiempo y la recomendaci\u00f3n general por parte de las autoridades sanitarias","og_url":"https:\/\/graziamagazine.com\/es\/articles\/snapchat-lanza-tres-mascarillas-de-realidad-aumentada-disenadas-por-off-white\/","og_site_name":"Grazia","og_image":[{"width":1360,"height":377,"url":"https:\/\/graziamagazine.com\/es\/wp-content\/uploads\/sites\/12\/2021\/04\/1366_2000.png?fit=1360%2C377","type":"image\/png"}],"twitter_card":"summary_large_image","twitter_misc":{"Est. reading time":"2 minutos"},"schema":{"@context":"https:\/\/schema.org","@graph":[{"@type":"WebPage","@id":"https:\/\/graziamagazine.com\/es\/articles\/snapchat-lanza-tres-mascarillas-de-realidad-aumentada-disenadas-por-off-white\/","url":"https:\/\/graziamagazine.com\/es\/articles\/snapchat-lanza-tres-mascarillas-de-realidad-aumentada-disenadas-por-off-white\/","name":"Snapchat lanza tres mascarillas de realidad aumentada dise\u00f1adas por Off-White | Grazia","isPartOf":{"@id":"https:\/\/graziamagazine.com\/es\/#website"},"datePublished":"2021-04-05T03:54:51+00:00","dateModified":"2021-04-05T03:54:51+00:00","description":"La realidad est\u00e1 una vez m\u00e1s superando a lo virtual. La pandemia ha durado tanto tiempo y la recomendaci\u00f3n general por parte de las autoridades sanitarias","breadcrumb":{"@id":"https:\/\/graziamagazine.com\/es\/articles\/snapchat-lanza-tres-mascarillas-de-realidad-aumentada-disenadas-por-off-white\/#breadcrumb"},"inLanguage":"es","potentialAction":[{"@type":"ReadAction","target":["https:\/\/graziamagazine.com\/es\/articles\/snapchat-lanza-tres-mascarillas-de-realidad-aumentada-disenadas-por-off-white\/"]}]},{"@type":"BreadcrumbList","@id":"https:\/\/graziamagazine.com\/es\/articles\/snapchat-lanza-tres-mascarillas-de-realidad-aumentada-disenadas-por-off-white\/#breadcrumb","itemListElement":[{"@type":"ListItem","position":1,"name":"Portada","item":"https:\/\/graziamagazine.com\/es\/"},{"@type":"ListItem","position":2,"name":"Snapchat lanza tres mascarillas de realidad aumentada dise\u00f1adas por Off-White"}]},{"@type":"WebSite","@id":"https:\/\/graziamagazine.com\/es\/#website","url":"https:\/\/graziamagazine.com\/es\/","name":"Grazia","description":"Moda, belleza, celebrities, estilo de vida...","potentialAction":[{"@type":"SearchAction","target":{"@type":"EntryPoint","urlTemplate":"https:\/\/graziamagazine.com\/es\/?s={search_term_string}"},"query-input":"required name=search_term_string"}],"inLanguage":"es"}]}},"jetpack_sharing_enabled":true,"distributor_meta":false,"distributor_terms":false,"distributor_media":false,"distributor_original_site_name":"Grazia","distributor_original_site_url":"https:\/\/graziamagazine.com\/es","push-errors":false,"_links":{"self":[{"href":"https:\/\/graziamagazine.com\/es\/wp-json\/wp\/v2\/articles\/158085"}],"collection":[{"href":"https:\/\/graziamagazine.com\/es\/wp-json\/wp\/v2\/articles"}],"about":[{"href":"https:\/\/graziamagazine.com\/es\/wp-json\/wp\/v2\/types\/articles"}],"author":[{"embeddable":true,"href":"https:\/\/graziamagazine.com\/es\/wp-json\/wp\/v2\/users\/11653"}],"wp:featuredmedia":[{"embeddable":true,"href":"https:\/\/graziamagazine.com\/es\/wp-json\/wp\/v2\/media\/158087"}],"wp:attachment":[{"href":"https:\/\/graziamagazine.com\/es\/wp-json\/wp\/v2\/media?parent=158085"}],"wp:term":[{"taxonomy":"category","embeddable":true,"href":"https:\/\/graziamagazine.com\/es\/wp-json\/wp\/v2\/categories?post=158085"}],"curies":[{"name":"wp","href":"https:\/\/api.w.org\/{rel}","templated":true}]}}