{"id":158028,"date":"2021-03-29T18:00:23","date_gmt":"2021-03-29T16:00:23","guid":{"rendered":"https:\/\/graziamagazine.com\/es\/?post_type=articles&#038;p=158028"},"modified":"2021-03-29T18:00:23","modified_gmt":"2021-03-29T16:00:23","slug":"lily-collins-y-nick-jonas-juntos-en-la-serie-de-terror-calls-de-apple-tv","status":"publish","type":"articles","link":"https:\/\/graziamagazine.com\/es\/articles\/lily-collins-y-nick-jonas-juntos-en-la-serie-de-terror-calls-de-apple-tv\/","title":{"rendered":"Lily Collins y Nick Jonas juntos en la serie de terror \u2018Calls\u2019, de Apple TV+"},"content":{"rendered":"<p><span style=\"font-weight: 400\">La nueva serie de <\/span><b>Apple TV+<\/b><span style=\"font-weight: 400\"> tiene todos los elementos para ser una serie muy exitosa, comenzando por sus protagonistas, <\/span><b>Lily Collins y Nick Jonas<\/b><span style=\"font-weight: 400\">. La serie de terror que se desenvuelve a trav\u00e9s de misteriosas llamadas telef\u00f3nicas, se estren\u00f3 el pasado 19 de marzo. <\/span><\/p>\n<p><span style=\"font-weight: 400\">A Collins y Jonas se le suman <\/span><b>Pedro Pascal, Rosario Dawson, Aaron Taylor-Johnson y Aubrey Plaza<\/b><span style=\"font-weight: 400\">, entre otros talentosos actores, para juntos filmar los nueve cap\u00edtulos que formar\u00e1n parte de la primera temporada.<\/span><\/p>\n<p><span style=\"font-weight: 400\">\u201cCada episodio sigue un oscuro misterio que se desarrolla a trav\u00e9s de una serie de llamadas telef\u00f3nicas aparentemente normales y desconectadas que r\u00e1pidamente se vuelven surrealistas a medida que los personajes enfrentan experiencias cada vez m\u00e1s inquietantes\u201d, se lee en la rese\u00f1a de Apple TV+.<\/span><\/p>\n<p><span style=\"font-weight: 400\">Basada en una serie francesa creada por <\/span><b>Timoth\u00e9e Hochet,<\/b><span style=\"font-weight: 400\"> est\u00e1 dirigida por <\/span><b>Fede \u00c1lvarez<\/b><span style=\"font-weight: 400\">, a quien ya conocemos por pel\u00edculas como <\/span><i><span style=\"font-weight: 400\">Evil Dead<\/span><\/i><span style=\"font-weight: 400\">, de 2013, y la pel\u00edcula de terror <\/span><i><span style=\"font-weight: 400\">Don\u2019t Breathe<\/span><\/i><span style=\"font-weight: 400\">, de 2016.<\/span><\/p>\n<p><span style=\"font-weight: 400\">Calls es la primera producci\u00f3n de las varias series internacionales que el servicio streaming de Apple anunci\u00f3 en 2018, y tambi\u00e9n marca su primera coproducci\u00f3n global, gracias a la colaboraci\u00f3n con la cadena de televisi\u00f3n francesa Canal+. Apple lanzar\u00e1 la serie en 100 pa\u00edses &#8211; incluyendo todo Am\u00e9rica Latina -, que se produce junto a Studiocanal y Bad Hombre, mientras que Canal + estrenar\u00e1 una versi\u00f3n en franc\u00e9s en varios mercados europeos. <\/span><\/p>\n<p><span style=\"font-weight: 400\">Nicholas Braun, Clancy Brown, Mark Duplass, Karen Gillan, Judy Greer, Paul Walter Hauser, Danny Huston, Riley Keough, Joey King, Stephen Lang, Jaeden Martell, Paola Nu\u00f1ez, Edi Patterson, Danny Pudi, Ben Schwartz y Jennifer Tilly tambi\u00e9n forman parte de esta producci\u00f3n.<\/span><\/p>\n<p><span style=\"font-weight: 400\">\u00a1Ya la queremos ver!<\/span><\/p>\n<p><iframe loading=\"lazy\" title=\"Calls \u2014 Official Trailer l Apple TV+\" width=\"500\" height=\"281\" src=\"https:\/\/www.youtube.com\/embed\/RfpzdSJlv6o?feature=oembed\" frameborder=\"0\" allow=\"accelerometer; autoplay; clipboard-write; encrypted-media; gyroscope; picture-in-picture\" allowfullscreen><\/iframe><\/p>\n<p><em><strong>*IMAGEN: Getty Images<\/strong><\/em><\/p>\n","protected":false},"author":11653,"featured_media":158035,"template":"","format":"standard","categories":[3611],"acf":[],"yoast_head":"<!-- This site is optimized with the Yoast SEO Premium plugin v18.5 (Yoast SEO v20.4) - https:\/\/yoast.com\/wordpress\/plugins\/seo\/ -->\n<title>Lily Collins y Nick Jonas juntos en la serie de terror \u2018Calls\u2019, de Apple TV+ | Grazia<\/title>\n<meta name=\"description\" content=\"Esta es la primera producci\u00f3n de Apple TV+ que llegar\u00e1 a m\u00e1s de 100 pa\u00edses.\" \/>\n<meta name=\"robots\" content=\"index, follow, max-snippet:-1, max-image-preview:large, max-video-preview:-1\" \/>\n<link rel=\"canonical\" href=\"https:\/\/graziamagazine.com\/es\/articles\/lily-collins-y-nick-jonas-juntos-en-la-serie-de-terror-calls-de-apple-tv\/\" \/>\n<meta property=\"og:locale\" content=\"es_ES\" \/>\n<meta property=\"og:type\" content=\"article\" \/>\n<meta property=\"og:title\" content=\"Lily Collins y Nick Jonas juntos en la serie de terror \u2018Calls\u2019, de Apple TV+\" \/>\n<meta property=\"og:description\" content=\"Esta es la primera producci\u00f3n de Apple TV+ que llegar\u00e1 a m\u00e1s de 100 pa\u00edses.\" \/>\n<meta property=\"og:url\" content=\"https:\/\/graziamagazine.com\/es\/articles\/lily-collins-y-nick-jonas-juntos-en-la-serie-de-terror-calls-de-apple-tv\/\" \/>\n<meta property=\"og:site_name\" content=\"Grazia\" \/>\n<meta property=\"og:image\" content=\"https:\/\/graziamagazine.com\/es\/wp-content\/uploads\/sites\/12\/2021\/03\/ahora-que-lily-collins-es-la-chica-del-momento-repasamos-sus-mejores-looks.jpg?fit=1600%2C900\" \/>\n\t<meta property=\"og:image:width\" content=\"1600\" \/>\n\t<meta property=\"og:image:height\" content=\"900\" \/>\n\t<meta property=\"og:image:type\" content=\"image\/jpeg\" \/>\n<meta name=\"twitter:card\" content=\"summary_large_image\" \/>\n<meta name=\"twitter:label1\" content=\"Est. reading time\" \/>\n\t<meta name=\"twitter:data1\" content=\"2 minutos\" \/>\n<script type=\"application\/ld+json\" class=\"yoast-schema-graph\">{\"@context\":\"https:\/\/schema.org\",\"@graph\":[{\"@type\":\"WebPage\",\"@id\":\"https:\/\/graziamagazine.com\/es\/articles\/lily-collins-y-nick-jonas-juntos-en-la-serie-de-terror-calls-de-apple-tv\/\",\"url\":\"https:\/\/graziamagazine.com\/es\/articles\/lily-collins-y-nick-jonas-juntos-en-la-serie-de-terror-calls-de-apple-tv\/\",\"name\":\"Lily Collins y Nick Jonas juntos en la serie de terror \u2018Calls\u2019, de Apple TV+ | Grazia\",\"isPartOf\":{\"@id\":\"https:\/\/graziamagazine.com\/es\/#website\"},\"datePublished\":\"2021-03-29T16:00:23+00:00\",\"dateModified\":\"2021-03-29T16:00:23+00:00\",\"description\":\"Esta es la primera producci\u00f3n de Apple TV+ que llegar\u00e1 a m\u00e1s de 100 pa\u00edses.\",\"breadcrumb\":{\"@id\":\"https:\/\/graziamagazine.com\/es\/articles\/lily-collins-y-nick-jonas-juntos-en-la-serie-de-terror-calls-de-apple-tv\/#breadcrumb\"},\"inLanguage\":\"es\",\"potentialAction\":[{\"@type\":\"ReadAction\",\"target\":[\"https:\/\/graziamagazine.com\/es\/articles\/lily-collins-y-nick-jonas-juntos-en-la-serie-de-terror-calls-de-apple-tv\/\"]}]},{\"@type\":\"BreadcrumbList\",\"@id\":\"https:\/\/graziamagazine.com\/es\/articles\/lily-collins-y-nick-jonas-juntos-en-la-serie-de-terror-calls-de-apple-tv\/#breadcrumb\",\"itemListElement\":[{\"@type\":\"ListItem\",\"position\":1,\"name\":\"Portada\",\"item\":\"https:\/\/graziamagazine.com\/es\/\"},{\"@type\":\"ListItem\",\"position\":2,\"name\":\"Lily Collins y Nick Jonas juntos en la serie de terror \u2018Calls\u2019, de Apple TV+\"}]},{\"@type\":\"WebSite\",\"@id\":\"https:\/\/graziamagazine.com\/es\/#website\",\"url\":\"https:\/\/graziamagazine.com\/es\/\",\"name\":\"Grazia\",\"description\":\"Moda, belleza, celebrities, estilo de vida...\",\"potentialAction\":[{\"@type\":\"SearchAction\",\"target\":{\"@type\":\"EntryPoint\",\"urlTemplate\":\"https:\/\/graziamagazine.com\/es\/?s={search_term_string}\"},\"query-input\":\"required name=search_term_string\"}],\"inLanguage\":\"es\"}]}<\/script>\n<!-- \/ Yoast SEO Premium plugin. -->","yoast_head_json":{"title":"Lily Collins y Nick Jonas juntos en la serie de terror \u2018Calls\u2019, de Apple TV+ | Grazia","description":"Esta es la primera producci\u00f3n de Apple TV+ que llegar\u00e1 a m\u00e1s de 100 pa\u00edses.","robots":{"index":"index","follow":"follow","max-snippet":"max-snippet:-1","max-image-preview":"max-image-preview:large","max-video-preview":"max-video-preview:-1"},"canonical":"https:\/\/graziamagazine.com\/es\/articles\/lily-collins-y-nick-jonas-juntos-en-la-serie-de-terror-calls-de-apple-tv\/","og_locale":"es_ES","og_type":"article","og_title":"Lily Collins y Nick Jonas juntos en la serie de terror \u2018Calls\u2019, de Apple TV+","og_description":"Esta es la primera producci\u00f3n de Apple TV+ que llegar\u00e1 a m\u00e1s de 100 pa\u00edses.","og_url":"https:\/\/graziamagazine.com\/es\/articles\/lily-collins-y-nick-jonas-juntos-en-la-serie-de-terror-calls-de-apple-tv\/","og_site_name":"Grazia","og_image":[{"width":1600,"height":900,"url":"https:\/\/graziamagazine.com\/es\/wp-content\/uploads\/sites\/12\/2021\/03\/ahora-que-lily-collins-es-la-chica-del-momento-repasamos-sus-mejores-looks.jpg?fit=1600%2C900","type":"image\/jpeg"}],"twitter_card":"summary_large_image","twitter_misc":{"Est. reading time":"2 minutos"},"schema":{"@context":"https:\/\/schema.org","@graph":[{"@type":"WebPage","@id":"https:\/\/graziamagazine.com\/es\/articles\/lily-collins-y-nick-jonas-juntos-en-la-serie-de-terror-calls-de-apple-tv\/","url":"https:\/\/graziamagazine.com\/es\/articles\/lily-collins-y-nick-jonas-juntos-en-la-serie-de-terror-calls-de-apple-tv\/","name":"Lily Collins y Nick Jonas juntos en la serie de terror \u2018Calls\u2019, de Apple TV+ | Grazia","isPartOf":{"@id":"https:\/\/graziamagazine.com\/es\/#website"},"datePublished":"2021-03-29T16:00:23+00:00","dateModified":"2021-03-29T16:00:23+00:00","description":"Esta es la primera producci\u00f3n de Apple TV+ que llegar\u00e1 a m\u00e1s de 100 pa\u00edses.","breadcrumb":{"@id":"https:\/\/graziamagazine.com\/es\/articles\/lily-collins-y-nick-jonas-juntos-en-la-serie-de-terror-calls-de-apple-tv\/#breadcrumb"},"inLanguage":"es","potentialAction":[{"@type":"ReadAction","target":["https:\/\/graziamagazine.com\/es\/articles\/lily-collins-y-nick-jonas-juntos-en-la-serie-de-terror-calls-de-apple-tv\/"]}]},{"@type":"BreadcrumbList","@id":"https:\/\/graziamagazine.com\/es\/articles\/lily-collins-y-nick-jonas-juntos-en-la-serie-de-terror-calls-de-apple-tv\/#breadcrumb","itemListElement":[{"@type":"ListItem","position":1,"name":"Portada","item":"https:\/\/graziamagazine.com\/es\/"},{"@type":"ListItem","position":2,"name":"Lily Collins y Nick Jonas juntos en la serie de terror \u2018Calls\u2019, de Apple TV+"}]},{"@type":"WebSite","@id":"https:\/\/graziamagazine.com\/es\/#website","url":"https:\/\/graziamagazine.com\/es\/","name":"Grazia","description":"Moda, belleza, celebrities, estilo de vida...","potentialAction":[{"@type":"SearchAction","target":{"@type":"EntryPoint","urlTemplate":"https:\/\/graziamagazine.com\/es\/?s={search_term_string}"},"query-input":"required name=search_term_string"}],"inLanguage":"es"}]}},"jetpack_sharing_enabled":true,"distributor_meta":false,"distributor_terms":false,"distributor_media":false,"distributor_original_site_name":"Grazia","distributor_original_site_url":"https:\/\/graziamagazine.com\/es","push-errors":false,"_links":{"self":[{"href":"https:\/\/graziamagazine.com\/es\/wp-json\/wp\/v2\/articles\/158028"}],"collection":[{"href":"https:\/\/graziamagazine.com\/es\/wp-json\/wp\/v2\/articles"}],"about":[{"href":"https:\/\/graziamagazine.com\/es\/wp-json\/wp\/v2\/types\/articles"}],"author":[{"embeddable":true,"href":"https:\/\/graziamagazine.com\/es\/wp-json\/wp\/v2\/users\/11653"}],"wp:featuredmedia":[{"embeddable":true,"href":"https:\/\/graziamagazine.com\/es\/wp-json\/wp\/v2\/media\/158035"}],"wp:attachment":[{"href":"https:\/\/graziamagazine.com\/es\/wp-json\/wp\/v2\/media?parent=158028"}],"wp:term":[{"taxonomy":"category","embeddable":true,"href":"https:\/\/graziamagazine.com\/es\/wp-json\/wp\/v2\/categories?post=158028"}],"curies":[{"name":"wp","href":"https:\/\/api.w.org\/{rel}","templated":true}]}}