{"id":158010,"date":"2021-03-29T00:00:26","date_gmt":"2021-03-28T22:00:26","guid":{"rendered":"https:\/\/graziamagazine.com\/es\/?post_type=articles&#038;p=158010"},"modified":"2021-03-29T01:37:25","modified_gmt":"2021-03-28T23:37:25","slug":"nuevo-objeto-de-deseo-la-coleccion-de-sol-de-chloe","status":"publish","type":"articles","link":"https:\/\/graziamagazine.com\/es\/articles\/nuevo-objeto-de-deseo-la-coleccion-de-sol-de-chloe\/","title":{"rendered":"Nuevo objeto de deseo: la colecci\u00f3n de sol de Chlo\u00e9"},"content":{"rendered":"<p>Una de las cosas que trae consigo la llegada de la primavera y el buen tiempo es, por un lado el cambio de armario que por supuesto no siempre es tarea f\u00e1cil, y por otro la llegada al mercado de las tendencias estivales. Uno de esos nuevos lanzamientos que nos ha llegado al coraz\u00f3n es l<strong>a nueva colecci\u00f3n de gafas de sol de la firma Chlo\u00e9<\/strong>.<\/p>\n<p>Hoy se ha lanzado esta nueva campa\u00f1a, <strong>dirigida por el gran fot\u00f3grafo de moda Mario Sorrenti<\/strong>, y protagonizada por Fernanda Ly y Rachel Connor, y con que ella la marca propiedad del grupo de lujo Kering quiere lanzar un mensaje que no deber\u00edamos olvidar ning\u00fan d\u00eda de nuestra vida: \u00ab<em>Ver con optimismo<\/em>\u00ab. Un concepto que ya crearon en Chol\u00e9 Eyewear la temporada pasada y que para esta primavera 2021 regresa m\u00e1s fuerte y con una visi\u00f3n compartida de fuerza y libertad femenina.<\/p>\n<p><img loading=\"lazy\" decoding=\"async\" class=\"aligncenter size-full wp-image-158015\" src=\"https:\/\/graziamagazine.com\/es\/wp-content\/uploads\/sites\/12\/2021\/03\/MS_CHLOE_8I2A8847_R3_C2-min.jpg\" alt=\"Nuevo objeto de deseo: la colecci\u00f3n de sol de Chlo\u00e9\" width=\"1024\" height=\"682\" \/><\/p>\n<p class=\"p1\">Tal y como nos explican desde Chlo\u00e9, el maestro italiano de la fotograf\u00eda, Sorrenti, nos traslada a Nueva York en un cortometraje y una serie de retratos que reflejan a la perfecci\u00f3n la est\u00e9tica de la casa y su feminidad:<\/p>\n<blockquote><p>\u00abLas mujeres contempor\u00e1neas parecen liberadas y seguras, espont\u00e1neas y sofisticadas. Su belleza surge de una actitud luminosa y natural, un aire de desenvoltura y desenvoltura que los hace caminar con alegr\u00eda por las calles del mundo\u00bb.<\/p><\/blockquote>\n<p><img loading=\"lazy\" decoding=\"async\" class=\"aligncenter size-full wp-image-158014\" src=\"https:\/\/graziamagazine.com\/es\/wp-content\/uploads\/sites\/12\/2021\/03\/MS_CHLOE_8I2A8537_R4_C2-min-3.jpg\" alt=\"Nuevo objeto de deseo: la colecci\u00f3n de sol de Chlo\u00e9\" width=\"1024\" height=\"1536\" \/><\/p>\n<p>Por fin podemos ver las gafas de sol Gemma que desfilaron sobre la pasarela de su colecci\u00f3n primavera-verano 2021, y nos encanta el efecto vidriera que consiguen su combinaci\u00f3n de cristales y colores, y las formas geom\u00e9tricas de este nuevo modelo.<\/p>\n<div class=\"content-gallery\"><div class=\"gallery-placeholder\"><div class=\"spinner\"><\/div><\/div><span class=\"gallery-pagination\"><\/span><div id=\"gallery-1\" class=\"gallery galleryid-158010 gallery-columns- gallery-size-\"><figure class=\"gallery-item\"><div class=\"gallery-icon landscape\"><img loading=\"lazy\" decoding=\"async\" width=\"5000\" height=\"2800\" src=\"https:\/\/graziamagazine.com\/es\/wp-content\/uploads\/sites\/12\/2021\/03\/CH0049S_002_Cat-min.jpg\" class=\"lazy\" alt=\"Nuevo objeto de deseo: la colecci\u00f3n de sol de Chlo\u00e9\" \/><\/div><\/figure><figure class=\"gallery-item\"><div class=\"gallery-icon landscape\"><img loading=\"lazy\" decoding=\"async\" width=\"5000\" height=\"2800\" src=\"https:\/\/graziamagazine.com\/es\/wp-content\/uploads\/sites\/12\/2021\/03\/CH0049S_001_Front-min.jpg\" class=\"lazy\" alt=\"Nuevo objeto de deseo: la colecci\u00f3n de sol de Chlo\u00e9\" \/><\/div><\/figure><\/div><\/div>\n<p>Ya tenemos un nuevo favorito en nuestra lista de deseos de primavera, \u00bfqui\u00e9n se apunta?<\/p>\n<div style=\"width: 1920px;\" class=\"wp-video\"><video class=\"wp-video-shortcode\" id=\"video-158010-1\" width=\"1920\" height=\"1080\" preload=\"metadata\" controls=\"controls\"><source type=\"video\/mp4\" src=\"https:\/\/graziamagazine.com\/es\/wp-content\/uploads\/sites\/12\/2021\/03\/Chloe_28sec_16x9_201221.mp4?_=1\" \/><\/video><\/div>\n<p>&nbsp;<\/p>\n<p><em>*Im\u00e1genes: Cortes\u00eda de Chlo\u00e9<\/em><\/p>\n","protected":false},"author":11653,"featured_media":158013,"template":"","format":"standard","categories":[3611,1],"acf":[],"yoast_head":"<!-- This site is optimized with the Yoast SEO Premium plugin v18.5 (Yoast SEO v20.4) - https:\/\/yoast.com\/wordpress\/plugins\/seo\/ -->\n<title>Nuevo objeto de deseo: la colecci\u00f3n de sol de Chlo\u00e9 | Grazia<\/title>\n<meta name=\"description\" content=\"La nueva campa\u00f1a de primavera-verano 2021 nos lleva a Nueva York de la mano de la lente del extraordinario fot\u00f3grafo italiano de moda, Mario Sorrenti.\" \/>\n<meta name=\"robots\" content=\"index, follow, max-snippet:-1, max-image-preview:large, max-video-preview:-1\" \/>\n<link rel=\"canonical\" href=\"https:\/\/graziamagazine.com\/es\/articles\/nuevo-objeto-de-deseo-la-coleccion-de-sol-de-chloe\/\" \/>\n<meta property=\"og:locale\" content=\"es_ES\" \/>\n<meta property=\"og:type\" content=\"article\" \/>\n<meta property=\"og:title\" content=\"Nuevo objeto de deseo: la colecci\u00f3n de sol de Chlo\u00e9\" \/>\n<meta property=\"og:description\" content=\"La nueva campa\u00f1a de primavera-verano 2021 nos lleva a Nueva York de la mano de la lente del extraordinario fot\u00f3grafo italiano de moda, Mario Sorrenti.\" \/>\n<meta property=\"og:url\" content=\"https:\/\/graziamagazine.com\/es\/articles\/nuevo-objeto-de-deseo-la-coleccion-de-sol-de-chloe\/\" \/>\n<meta property=\"og:site_name\" content=\"Grazia\" \/>\n<meta property=\"article:modified_time\" content=\"2021-03-28T23:37:25+00:00\" \/>\n<meta property=\"og:image\" content=\"https:\/\/graziamagazine.com\/es\/wp-content\/uploads\/sites\/12\/2021\/03\/Captura-de-pantalla-2021-03-28-a-las-15.39.20.png?fit=2178%2C1404\" \/>\n\t<meta property=\"og:image:width\" content=\"2178\" \/>\n\t<meta property=\"og:image:height\" content=\"1404\" \/>\n\t<meta property=\"og:image:type\" content=\"image\/png\" \/>\n<meta name=\"twitter:card\" content=\"summary_large_image\" \/>\n<meta name=\"twitter:label1\" content=\"Est. reading time\" \/>\n\t<meta name=\"twitter:data1\" content=\"2 minutos\" \/>\n<script type=\"application\/ld+json\" class=\"yoast-schema-graph\">{\"@context\":\"https:\/\/schema.org\",\"@graph\":[{\"@type\":\"WebPage\",\"@id\":\"https:\/\/graziamagazine.com\/es\/articles\/nuevo-objeto-de-deseo-la-coleccion-de-sol-de-chloe\/\",\"url\":\"https:\/\/graziamagazine.com\/es\/articles\/nuevo-objeto-de-deseo-la-coleccion-de-sol-de-chloe\/\",\"name\":\"Nuevo objeto de deseo: la colecci\u00f3n de sol de Chlo\u00e9 | Grazia\",\"isPartOf\":{\"@id\":\"https:\/\/graziamagazine.com\/es\/#website\"},\"datePublished\":\"2021-03-28T22:00:26+00:00\",\"dateModified\":\"2021-03-28T23:37:25+00:00\",\"description\":\"La nueva campa\u00f1a de primavera-verano 2021 nos lleva a Nueva York de la mano de la lente del extraordinario fot\u00f3grafo italiano de moda, Mario Sorrenti.\",\"breadcrumb\":{\"@id\":\"https:\/\/graziamagazine.com\/es\/articles\/nuevo-objeto-de-deseo-la-coleccion-de-sol-de-chloe\/#breadcrumb\"},\"inLanguage\":\"es\",\"potentialAction\":[{\"@type\":\"ReadAction\",\"target\":[\"https:\/\/graziamagazine.com\/es\/articles\/nuevo-objeto-de-deseo-la-coleccion-de-sol-de-chloe\/\"]}]},{\"@type\":\"BreadcrumbList\",\"@id\":\"https:\/\/graziamagazine.com\/es\/articles\/nuevo-objeto-de-deseo-la-coleccion-de-sol-de-chloe\/#breadcrumb\",\"itemListElement\":[{\"@type\":\"ListItem\",\"position\":1,\"name\":\"Portada\",\"item\":\"https:\/\/graziamagazine.com\/es\/\"},{\"@type\":\"ListItem\",\"position\":2,\"name\":\"Nuevo objeto de deseo: la colecci\u00f3n de sol de Chlo\u00e9\"}]},{\"@type\":\"WebSite\",\"@id\":\"https:\/\/graziamagazine.com\/es\/#website\",\"url\":\"https:\/\/graziamagazine.com\/es\/\",\"name\":\"Grazia\",\"description\":\"Moda, belleza, celebrities, estilo de vida...\",\"potentialAction\":[{\"@type\":\"SearchAction\",\"target\":{\"@type\":\"EntryPoint\",\"urlTemplate\":\"https:\/\/graziamagazine.com\/es\/?s={search_term_string}\"},\"query-input\":\"required name=search_term_string\"}],\"inLanguage\":\"es\"}]}<\/script>\n<!-- \/ Yoast SEO Premium plugin. -->","yoast_head_json":{"title":"Nuevo objeto de deseo: la colecci\u00f3n de sol de Chlo\u00e9 | Grazia","description":"La nueva campa\u00f1a de primavera-verano 2021 nos lleva a Nueva York de la mano de la lente del extraordinario fot\u00f3grafo italiano de moda, Mario Sorrenti.","robots":{"index":"index","follow":"follow","max-snippet":"max-snippet:-1","max-image-preview":"max-image-preview:large","max-video-preview":"max-video-preview:-1"},"canonical":"https:\/\/graziamagazine.com\/es\/articles\/nuevo-objeto-de-deseo-la-coleccion-de-sol-de-chloe\/","og_locale":"es_ES","og_type":"article","og_title":"Nuevo objeto de deseo: la colecci\u00f3n de sol de Chlo\u00e9","og_description":"La nueva campa\u00f1a de primavera-verano 2021 nos lleva a Nueva York de la mano de la lente del extraordinario fot\u00f3grafo italiano de moda, Mario Sorrenti.","og_url":"https:\/\/graziamagazine.com\/es\/articles\/nuevo-objeto-de-deseo-la-coleccion-de-sol-de-chloe\/","og_site_name":"Grazia","article_modified_time":"2021-03-28T23:37:25+00:00","og_image":[{"width":2178,"height":1404,"url":"https:\/\/graziamagazine.com\/es\/wp-content\/uploads\/sites\/12\/2021\/03\/Captura-de-pantalla-2021-03-28-a-las-15.39.20.png?fit=2178%2C1404","type":"image\/png"}],"twitter_card":"summary_large_image","twitter_misc":{"Est. reading time":"2 minutos"},"schema":{"@context":"https:\/\/schema.org","@graph":[{"@type":"WebPage","@id":"https:\/\/graziamagazine.com\/es\/articles\/nuevo-objeto-de-deseo-la-coleccion-de-sol-de-chloe\/","url":"https:\/\/graziamagazine.com\/es\/articles\/nuevo-objeto-de-deseo-la-coleccion-de-sol-de-chloe\/","name":"Nuevo objeto de deseo: la colecci\u00f3n de sol de Chlo\u00e9 | Grazia","isPartOf":{"@id":"https:\/\/graziamagazine.com\/es\/#website"},"datePublished":"2021-03-28T22:00:26+00:00","dateModified":"2021-03-28T23:37:25+00:00","description":"La nueva campa\u00f1a de primavera-verano 2021 nos lleva a Nueva York de la mano de la lente del extraordinario fot\u00f3grafo italiano de moda, Mario Sorrenti.","breadcrumb":{"@id":"https:\/\/graziamagazine.com\/es\/articles\/nuevo-objeto-de-deseo-la-coleccion-de-sol-de-chloe\/#breadcrumb"},"inLanguage":"es","potentialAction":[{"@type":"ReadAction","target":["https:\/\/graziamagazine.com\/es\/articles\/nuevo-objeto-de-deseo-la-coleccion-de-sol-de-chloe\/"]}]},{"@type":"BreadcrumbList","@id":"https:\/\/graziamagazine.com\/es\/articles\/nuevo-objeto-de-deseo-la-coleccion-de-sol-de-chloe\/#breadcrumb","itemListElement":[{"@type":"ListItem","position":1,"name":"Portada","item":"https:\/\/graziamagazine.com\/es\/"},{"@type":"ListItem","position":2,"name":"Nuevo objeto de deseo: la colecci\u00f3n de sol de Chlo\u00e9"}]},{"@type":"WebSite","@id":"https:\/\/graziamagazine.com\/es\/#website","url":"https:\/\/graziamagazine.com\/es\/","name":"Grazia","description":"Moda, belleza, celebrities, estilo de vida...","potentialAction":[{"@type":"SearchAction","target":{"@type":"EntryPoint","urlTemplate":"https:\/\/graziamagazine.com\/es\/?s={search_term_string}"},"query-input":"required name=search_term_string"}],"inLanguage":"es"}]}},"jetpack_sharing_enabled":true,"distributor_meta":false,"distributor_terms":false,"distributor_media":false,"distributor_original_site_name":"Grazia","distributor_original_site_url":"https:\/\/graziamagazine.com\/es","push-errors":false,"_links":{"self":[{"href":"https:\/\/graziamagazine.com\/es\/wp-json\/wp\/v2\/articles\/158010"}],"collection":[{"href":"https:\/\/graziamagazine.com\/es\/wp-json\/wp\/v2\/articles"}],"about":[{"href":"https:\/\/graziamagazine.com\/es\/wp-json\/wp\/v2\/types\/articles"}],"author":[{"embeddable":true,"href":"https:\/\/graziamagazine.com\/es\/wp-json\/wp\/v2\/users\/11653"}],"wp:featuredmedia":[{"embeddable":true,"href":"https:\/\/graziamagazine.com\/es\/wp-json\/wp\/v2\/media\/158013"}],"wp:attachment":[{"href":"https:\/\/graziamagazine.com\/es\/wp-json\/wp\/v2\/media?parent=158010"}],"wp:term":[{"taxonomy":"category","embeddable":true,"href":"https:\/\/graziamagazine.com\/es\/wp-json\/wp\/v2\/categories?post=158010"}],"curies":[{"name":"wp","href":"https:\/\/api.w.org\/{rel}","templated":true}]}}