{"id":157614,"date":"2021-02-19T06:36:15","date_gmt":"2021-02-19T05:36:15","guid":{"rendered":"https:\/\/graziamagazine.com\/es\/?post_type=articles&#038;p=157614"},"modified":"2021-02-19T06:36:15","modified_gmt":"2021-02-19T05:36:15","slug":"reflections-asi-es-la-nueva-coleccion-capsula-y-futurista-de-mo","status":"publish","type":"articles","link":"https:\/\/graziamagazine.com\/es\/articles\/reflections-asi-es-la-nueva-coleccion-capsula-y-futurista-de-mo\/","title":{"rendered":"REFLECTIONS, as\u00ed es la nueva colecci\u00f3n c\u00e1psula (y futurista) de m\u00f3"},"content":{"rendered":"<p>De un tiempo a esta parte, las gafas de sol se han convertido en un accesorio que no puede faltar en nuestros outfits. Ya no solo las usamos para protegernos del sol, o de la luz, son pura moda y el toque final antes de salir de casa. Tener un solo par de gafas es casi imposible, y al mercado cada temporada llegan modelo y m\u00e1s modelos que nos hacen caer en la tentaci\u00f3n.<\/p>\n<p>Una de estas firmas que ha conseguido enamorarnos con cada lanzamiento es al espa\u00f1ola m\u00f3, que acaba de lanzar una nueva colecci\u00f3n c\u00e1psula llamdaa REFLECTIONS.\u00a0Tal y como nos cuentan desde la propia empresa, esta nueva colecci\u00f3n nace de la inquietud humana, de las incesantes preguntas que surgen sobre conceptos tan b\u00e1sicos y contrapuestos como el bien y el mal, lo correcto e incorrecto o lo positivo y lo negativo&#8230; Unas <span style=\"font-family: -apple-system, BlinkMacSystemFont, 'Segoe UI', Roboto, Oxygen-Sans, Ubuntu, Cantarell, 'Helvetica Neue', sans-serif\">dualidades con las que convive el ser humano a lo largo de su vida se materializan a trav\u00e9s de uno de los fen\u00f3menos m\u00e1s elegantes que nace de la luz: la reflexi\u00f3n.\u00a0<\/span><\/p>\n<div>\n<div>\n<div>\n<div>\n<div>\n<div>\n<div>\n<div>\n<p>Los nombres de las gafas de esta colecci\u00f3n tienen todos algo en com\u00fan: con pal\u00edndromos, palabras que se leen igual de izquierda a derecha, que de derecha a izquierda. Una oda perfecta al juego de los reflejos y de la simetr\u00eda.<\/p>\n<\/div>\n<\/div>\n<\/div>\n<\/div>\n<\/div>\n<\/div>\n<\/div>\n<\/div>\n<div>\n<div>\n<div>\n<div>\n<div>Nuestro <strong>modelo favorito es el Anna<\/strong>, por su silueta <em>cat eye,<\/em> pero <strong>hay otros tres m\u00e1s<\/strong>. Aqu\u00ed te los presentamos:<\/div>\n<div><\/div>\n<\/div>\n<\/div>\n<\/div>\n<div>\n<h3><strong>modelo ANNA.\u00a0<\/strong><\/h3>\n<p>una gafa tipo \u00abcat-eye\u00bb fabricada con lente de policarbonato en tono plateado, sostenida por una estructura de acetato en color negro. Adem\u00e1s, las varillas incluyen una pieza de lente grabada con el logo de la colecci\u00f3n haci\u00e9ndolas m\u00e1s especiales.<\/p>\n<p><img loading=\"lazy\" decoding=\"async\" class=\"aligncenter size-full wp-image-157618\" src=\"https:\/\/graziamagazine.com\/es\/wp-content\/uploads\/sites\/12\/2021\/02\/C-0010I-ANNA-A-1_1.jpg\" alt=\"REFLECTIONS, as\u00ed es la nueva colecci\u00f3n c\u00e1psula de m\u00f3\" width=\"1024\" height=\"450\" \/><\/p>\n<\/div>\n<\/div>\n<div>\n<div>\n<div>\n<div>\n<div>\n<h3><strong>modelo EME.<\/strong><\/h3>\n<p>El modelo m\u00e1s sofisticado de la colecci\u00f3n, destaca por sus l\u00edneas horizontales y por sus detalles grabados en el lateral de la lente. Cuenta con una lente verde de policarbonato muy envolvente combinada con varillas met\u00e1licas doradas que lucen una pieza de acetato carey en el extremo.<\/p>\n<p><img loading=\"lazy\" decoding=\"async\" class=\"aligncenter size-full wp-image-157619\" src=\"https:\/\/graziamagazine.com\/es\/wp-content\/uploads\/sites\/12\/2021\/02\/C-0011I-EME-A-1.jpg\" alt=\"REFLECTIONS, as\u00ed es la nueva colecci\u00f3n c\u00e1psula de m\u00f3\" width=\"1024\" height=\"450\" \/><\/p>\n<\/div>\n<\/div>\n<\/div>\n<\/div>\n<\/div>\n<div>\n<div>\n<div>\n<div>\n<div>\n<h3><strong>modelo OTTO.<\/strong><\/h3>\n<p>Caracterizado por su silueta envolvente y sus l\u00edneas redondeadas. En la parte superior de la lente, de policarbonato en tono gris, se ha incluido una pieza de acetato negro grabada con la palabra \u00abreflections\u00bb. Las varillas lucen un detalle en tono azul para contrastar con el color de la gafa.<\/p>\n<p><img loading=\"lazy\" decoding=\"async\" class=\"aligncenter size-full wp-image-157616\" src=\"https:\/\/graziamagazine.com\/es\/wp-content\/uploads\/sites\/12\/2021\/02\/C-0009I-OTTO-A-1.jpg\" alt=\"REFLECTIONS, as\u00ed es la nueva colecci\u00f3n c\u00e1psula de m\u00f3\" width=\"1024\" height=\"450\" \/><\/p>\n<\/div>\n<\/div>\n<\/div>\n<\/div>\n<\/div>\n<div>\n<div>\n<div>\n<div>\n<div>\n<div>\n<div>\n<div>\n<h3><strong>modelo BOB.<\/strong><\/h3>\n<p>Modelo oversize, con lente gris y detalles en plata en los laterales. El frente, cuenta con una original forma geom\u00e9trica, incorpora una lente de policarbonato, piezas met\u00e1licas en ambos extremos y varillas en acetato en negro y blanco. La combinaci\u00f3n de acabados s\u00f3lidos y transparentes crea un elegante efecto \u00abbicolor\u00bb.<\/p>\n<\/div>\n<\/div>\n<\/div>\n<\/div>\n<\/div>\n<\/div>\n<\/div>\n<\/div>\n<div>\n<div>\n<div>\n<div><img loading=\"lazy\" decoding=\"async\" class=\"aligncenter size-full wp-image-157617\" src=\"https:\/\/graziamagazine.com\/es\/wp-content\/uploads\/sites\/12\/2021\/02\/C-0008I-BOB-A-1.jpg\" alt=\"REFLECTIONS, as\u00ed es la nueva colecci\u00f3n c\u00e1psula de m\u00f3\" width=\"1024\" height=\"450\" \/><\/div>\n<\/div>\n<\/div>\n<\/div>\n<div>\n<div>\n<div>\n<div>\n<div>\n<p>Por \u00faltimo,<strong>\u00a0el estuche que acompa\u00f1a las gafas de la colecci\u00f3n<\/strong>\u00a0resalta el juego de luces, as\u00ed como la est\u00e9tica de toda la colecci\u00f3n.\u00a0Se trata de un pouch estilo deportivo y acolchado en tono metalizado.<\/p>\n<p><img loading=\"lazy\" decoding=\"async\" class=\"aligncenter wp-image-157620 size-full\" src=\"https:\/\/graziamagazine.com\/es\/wp-content\/uploads\/sites\/12\/2021\/02\/REFLECTIONS-CAJA_0-e1613712343383.jpg\" alt=\"REFLECTIONS, as\u00ed es la nueva colecci\u00f3n c\u00e1psula de m\u00f3\" width=\"7771\" height=\"5415\" \/><\/p>\n<p>*Im\u00e1genes: Cortes\u00eda de m\u00f3<\/p>\n<\/div>\n<\/div>\n<\/div>\n<\/div>\n<\/div>\n","protected":false},"author":11653,"featured_media":157615,"template":"","format":"standard","categories":[1],"acf":[],"yoast_head":"<!-- This site is optimized with the Yoast SEO Premium plugin v18.5 (Yoast SEO v20.4) - https:\/\/yoast.com\/wordpress\/plugins\/seo\/ -->\n<title>REFLECTIONS, as\u00ed es la nueva colecci\u00f3n c\u00e1psula (y futurista) de m\u00f3 | Grazia<\/title>\n<meta name=\"description\" content=\"De un tiempo a esta parte, las gafas de sol se han convertido en un accesorio que no puede faltar en nuestros outfits. Ya no solo las usamos para\" \/>\n<meta name=\"robots\" content=\"index, follow, max-snippet:-1, max-image-preview:large, max-video-preview:-1\" \/>\n<link rel=\"canonical\" href=\"https:\/\/graziamagazine.com\/es\/articles\/reflections-asi-es-la-nueva-coleccion-capsula-y-futurista-de-mo\/\" \/>\n<meta property=\"og:locale\" content=\"es_ES\" \/>\n<meta property=\"og:type\" content=\"article\" \/>\n<meta property=\"og:title\" content=\"REFLECTIONS, as\u00ed es la nueva colecci\u00f3n c\u00e1psula (y futurista) de m\u00f3\" \/>\n<meta property=\"og:description\" content=\"De un tiempo a esta parte, las gafas de sol se han convertido en un accesorio que no puede faltar en nuestros outfits. Ya no solo las usamos para\" \/>\n<meta property=\"og:url\" content=\"https:\/\/graziamagazine.com\/es\/articles\/reflections-asi-es-la-nueva-coleccion-capsula-y-futurista-de-mo\/\" \/>\n<meta property=\"og:site_name\" content=\"Grazia\" \/>\n<meta property=\"og:image\" content=\"https:\/\/graziamagazine.com\/es\/wp-content\/uploads\/sites\/12\/2021\/02\/mo210217.jpg?fit=1024%2C768\" \/>\n\t<meta property=\"og:image:width\" content=\"1024\" \/>\n\t<meta property=\"og:image:height\" content=\"768\" \/>\n\t<meta property=\"og:image:type\" content=\"image\/jpeg\" \/>\n<meta name=\"twitter:card\" content=\"summary_large_image\" \/>\n<meta name=\"twitter:label1\" content=\"Est. reading time\" \/>\n\t<meta name=\"twitter:data1\" content=\"3 minutos\" \/>\n<script type=\"application\/ld+json\" class=\"yoast-schema-graph\">{\"@context\":\"https:\/\/schema.org\",\"@graph\":[{\"@type\":\"WebPage\",\"@id\":\"https:\/\/graziamagazine.com\/es\/articles\/reflections-asi-es-la-nueva-coleccion-capsula-y-futurista-de-mo\/\",\"url\":\"https:\/\/graziamagazine.com\/es\/articles\/reflections-asi-es-la-nueva-coleccion-capsula-y-futurista-de-mo\/\",\"name\":\"REFLECTIONS, as\u00ed es la nueva colecci\u00f3n c\u00e1psula (y futurista) de m\u00f3 | Grazia\",\"isPartOf\":{\"@id\":\"https:\/\/graziamagazine.com\/es\/#website\"},\"datePublished\":\"2021-02-19T05:36:15+00:00\",\"dateModified\":\"2021-02-19T05:36:15+00:00\",\"description\":\"De un tiempo a esta parte, las gafas de sol se han convertido en un accesorio que no puede faltar en nuestros outfits. Ya no solo las usamos para\",\"breadcrumb\":{\"@id\":\"https:\/\/graziamagazine.com\/es\/articles\/reflections-asi-es-la-nueva-coleccion-capsula-y-futurista-de-mo\/#breadcrumb\"},\"inLanguage\":\"es\",\"potentialAction\":[{\"@type\":\"ReadAction\",\"target\":[\"https:\/\/graziamagazine.com\/es\/articles\/reflections-asi-es-la-nueva-coleccion-capsula-y-futurista-de-mo\/\"]}]},{\"@type\":\"BreadcrumbList\",\"@id\":\"https:\/\/graziamagazine.com\/es\/articles\/reflections-asi-es-la-nueva-coleccion-capsula-y-futurista-de-mo\/#breadcrumb\",\"itemListElement\":[{\"@type\":\"ListItem\",\"position\":1,\"name\":\"Portada\",\"item\":\"https:\/\/graziamagazine.com\/es\/\"},{\"@type\":\"ListItem\",\"position\":2,\"name\":\"REFLECTIONS, as\u00ed es la nueva colecci\u00f3n c\u00e1psula (y futurista) de m\u00f3\"}]},{\"@type\":\"WebSite\",\"@id\":\"https:\/\/graziamagazine.com\/es\/#website\",\"url\":\"https:\/\/graziamagazine.com\/es\/\",\"name\":\"Grazia\",\"description\":\"Moda, belleza, celebrities, estilo de vida...\",\"potentialAction\":[{\"@type\":\"SearchAction\",\"target\":{\"@type\":\"EntryPoint\",\"urlTemplate\":\"https:\/\/graziamagazine.com\/es\/?s={search_term_string}\"},\"query-input\":\"required name=search_term_string\"}],\"inLanguage\":\"es\"}]}<\/script>\n<!-- \/ Yoast SEO Premium plugin. -->","yoast_head_json":{"title":"REFLECTIONS, as\u00ed es la nueva colecci\u00f3n c\u00e1psula (y futurista) de m\u00f3 | Grazia","description":"De un tiempo a esta parte, las gafas de sol se han convertido en un accesorio que no puede faltar en nuestros outfits. Ya no solo las usamos para","robots":{"index":"index","follow":"follow","max-snippet":"max-snippet:-1","max-image-preview":"max-image-preview:large","max-video-preview":"max-video-preview:-1"},"canonical":"https:\/\/graziamagazine.com\/es\/articles\/reflections-asi-es-la-nueva-coleccion-capsula-y-futurista-de-mo\/","og_locale":"es_ES","og_type":"article","og_title":"REFLECTIONS, as\u00ed es la nueva colecci\u00f3n c\u00e1psula (y futurista) de m\u00f3","og_description":"De un tiempo a esta parte, las gafas de sol se han convertido en un accesorio que no puede faltar en nuestros outfits. Ya no solo las usamos para","og_url":"https:\/\/graziamagazine.com\/es\/articles\/reflections-asi-es-la-nueva-coleccion-capsula-y-futurista-de-mo\/","og_site_name":"Grazia","og_image":[{"width":1024,"height":768,"url":"https:\/\/graziamagazine.com\/es\/wp-content\/uploads\/sites\/12\/2021\/02\/mo210217.jpg?fit=1024%2C768","type":"image\/jpeg"}],"twitter_card":"summary_large_image","twitter_misc":{"Est. reading time":"3 minutos"},"schema":{"@context":"https:\/\/schema.org","@graph":[{"@type":"WebPage","@id":"https:\/\/graziamagazine.com\/es\/articles\/reflections-asi-es-la-nueva-coleccion-capsula-y-futurista-de-mo\/","url":"https:\/\/graziamagazine.com\/es\/articles\/reflections-asi-es-la-nueva-coleccion-capsula-y-futurista-de-mo\/","name":"REFLECTIONS, as\u00ed es la nueva colecci\u00f3n c\u00e1psula (y futurista) de m\u00f3 | Grazia","isPartOf":{"@id":"https:\/\/graziamagazine.com\/es\/#website"},"datePublished":"2021-02-19T05:36:15+00:00","dateModified":"2021-02-19T05:36:15+00:00","description":"De un tiempo a esta parte, las gafas de sol se han convertido en un accesorio que no puede faltar en nuestros outfits. Ya no solo las usamos para","breadcrumb":{"@id":"https:\/\/graziamagazine.com\/es\/articles\/reflections-asi-es-la-nueva-coleccion-capsula-y-futurista-de-mo\/#breadcrumb"},"inLanguage":"es","potentialAction":[{"@type":"ReadAction","target":["https:\/\/graziamagazine.com\/es\/articles\/reflections-asi-es-la-nueva-coleccion-capsula-y-futurista-de-mo\/"]}]},{"@type":"BreadcrumbList","@id":"https:\/\/graziamagazine.com\/es\/articles\/reflections-asi-es-la-nueva-coleccion-capsula-y-futurista-de-mo\/#breadcrumb","itemListElement":[{"@type":"ListItem","position":1,"name":"Portada","item":"https:\/\/graziamagazine.com\/es\/"},{"@type":"ListItem","position":2,"name":"REFLECTIONS, as\u00ed es la nueva colecci\u00f3n c\u00e1psula (y futurista) de m\u00f3"}]},{"@type":"WebSite","@id":"https:\/\/graziamagazine.com\/es\/#website","url":"https:\/\/graziamagazine.com\/es\/","name":"Grazia","description":"Moda, belleza, celebrities, estilo de vida...","potentialAction":[{"@type":"SearchAction","target":{"@type":"EntryPoint","urlTemplate":"https:\/\/graziamagazine.com\/es\/?s={search_term_string}"},"query-input":"required name=search_term_string"}],"inLanguage":"es"}]}},"jetpack_sharing_enabled":false,"distributor_meta":false,"distributor_terms":false,"distributor_media":false,"distributor_original_site_name":"Grazia","distributor_original_site_url":"https:\/\/graziamagazine.com\/es","push-errors":false,"_links":{"self":[{"href":"https:\/\/graziamagazine.com\/es\/wp-json\/wp\/v2\/articles\/157614"}],"collection":[{"href":"https:\/\/graziamagazine.com\/es\/wp-json\/wp\/v2\/articles"}],"about":[{"href":"https:\/\/graziamagazine.com\/es\/wp-json\/wp\/v2\/types\/articles"}],"author":[{"embeddable":true,"href":"https:\/\/graziamagazine.com\/es\/wp-json\/wp\/v2\/users\/11653"}],"wp:featuredmedia":[{"embeddable":true,"href":"https:\/\/graziamagazine.com\/es\/wp-json\/wp\/v2\/media\/157615"}],"wp:attachment":[{"href":"https:\/\/graziamagazine.com\/es\/wp-json\/wp\/v2\/media?parent=157614"}],"wp:term":[{"taxonomy":"category","embeddable":true,"href":"https:\/\/graziamagazine.com\/es\/wp-json\/wp\/v2\/categories?post=157614"}],"curies":[{"name":"wp","href":"https:\/\/api.w.org\/{rel}","templated":true}]}}