{"id":157578,"date":"2021-02-17T06:00:52","date_gmt":"2021-02-17T05:00:52","guid":{"rendered":"https:\/\/graziamagazine.com\/es\/?post_type=articles&#038;p=157578"},"modified":"2021-02-17T04:26:03","modified_gmt":"2021-02-17T03:26:03","slug":"primark-abrira-7-nuevas-tiendas-en-espana","status":"publish","type":"articles","link":"https:\/\/graziamagazine.com\/es\/articles\/primark-abrira-7-nuevas-tiendas-en-espana\/","title":{"rendered":"Primark abrir\u00e1 7 nuevas tiendas en Espa\u00f1a"},"content":{"rendered":"<p>Parece que la situaci\u00f3n global que estamos viviendo no ha hecho mella en una de las grandes marcas low cost que m\u00e1s seguidores y adeptos tiene: Primark. Ahora la cadena irlandesa nos sorprende con la apertura de un gran n\u00famero de nuevos espacios que ver\u00e1n la luz entre 2021 y 2022.<\/p>\n<p>Los destinos elegidos son <strong>San Sebasti\u00e1n, Bilbao, Vigo, Marbella, C\u00e1diz, Girona y un nuevo <em>flagship<\/em> en Madrid<\/strong> que no esper\u00e1bamos. Concretamente se va a ubicar en el Barrio Salamanca, en la c\u00e9ntrica calle Conde de Pe\u00f1alver y en un espacio donde anteriormente se encontraba otra gran cadena de moda, C&amp;A.<\/p>\n<p>Adem\u00e1s de Madrid, Primark va a llenar de alegr\u00eda a muchos de sus seguidores con amplios espacios en el resto de ciudades: en <strong>San Sebasti\u00e1n<\/strong> estar\u00e1 en el Centro Comercial Garbera y tendr\u00e1 3.900 metros cuadrados; despu\u00e9s ser\u00e1 <strong>Girona<\/strong> la que sigue en metros cuadrados, con 3.700, y le sigue <strong>C\u00e1diz<\/strong>, en Centro Comercial Bah\u00eda Sur, en San Fernando, con 3.000 metros cuadrados.<\/p>\n<p>Cuando se completen todas estas aperturas a final del 2022, el n\u00famero total de espacios comerciales en Espa\u00f1a ser\u00e1 de 57 tiendas, en las que encontrar toda la gama de productos que podemos encontrar ahora mismo en las tiendas que ya est\u00e1n operando.<\/p>\n<p><em>*Imagen: Cortes\u00eda de Primark<\/em><\/p>\n","protected":false},"author":11653,"featured_media":157580,"template":"","format":"standard","categories":[2971,1],"acf":{"banner":null},"yoast_head":"<!-- This site is optimized with the Yoast SEO Premium plugin v18.5 (Yoast SEO v20.4) - https:\/\/yoast.com\/wordpress\/plugins\/seo\/ -->\n<title>Primark abrir\u00e1 7 nuevas tiendas en Espa\u00f1a | Grazia<\/title>\n<meta name=\"description\" content=\"Y una de ellas est\u00e1 en Madrid. \u00a1Vaya sorpresa que nos ha dado una de nuestras tiendas favoritas!\" \/>\n<meta name=\"robots\" content=\"index, follow, max-snippet:-1, max-image-preview:large, max-video-preview:-1\" \/>\n<link rel=\"canonical\" href=\"https:\/\/graziamagazine.com\/es\/articles\/primark-abrira-7-nuevas-tiendas-en-espana\/\" \/>\n<meta property=\"og:locale\" content=\"es_ES\" \/>\n<meta property=\"og:type\" content=\"article\" \/>\n<meta property=\"og:title\" content=\"Primark abrir\u00e1 7 nuevas tiendas en Espa\u00f1a\" \/>\n<meta property=\"og:description\" content=\"Y una de ellas est\u00e1 en Madrid. \u00a1Vaya sorpresa que nos ha dado una de nuestras tiendas favoritas!\" \/>\n<meta property=\"og:url\" content=\"https:\/\/graziamagazine.com\/es\/articles\/primark-abrira-7-nuevas-tiendas-en-espana\/\" \/>\n<meta property=\"og:site_name\" content=\"Grazia\" \/>\n<meta property=\"article:modified_time\" content=\"2021-02-17T03:26:03+00:00\" \/>\n<meta property=\"og:image\" content=\"https:\/\/graziamagazine.com\/es\/wp-content\/uploads\/sites\/12\/2021\/02\/5ecfdd65220000ce1c8298d2.jpeg?fit=1778%2C1000\" \/>\n\t<meta property=\"og:image:width\" content=\"1778\" \/>\n\t<meta property=\"og:image:height\" content=\"1000\" \/>\n\t<meta property=\"og:image:type\" content=\"image\/jpeg\" \/>\n<meta name=\"twitter:card\" content=\"summary_large_image\" \/>\n<meta name=\"twitter:label1\" content=\"Est. reading time\" \/>\n\t<meta name=\"twitter:data1\" content=\"1 minuto\" \/>\n<script type=\"application\/ld+json\" class=\"yoast-schema-graph\">{\"@context\":\"https:\/\/schema.org\",\"@graph\":[{\"@type\":\"WebPage\",\"@id\":\"https:\/\/graziamagazine.com\/es\/articles\/primark-abrira-7-nuevas-tiendas-en-espana\/\",\"url\":\"https:\/\/graziamagazine.com\/es\/articles\/primark-abrira-7-nuevas-tiendas-en-espana\/\",\"name\":\"Primark abrir\u00e1 7 nuevas tiendas en Espa\u00f1a | Grazia\",\"isPartOf\":{\"@id\":\"https:\/\/graziamagazine.com\/es\/#website\"},\"datePublished\":\"2021-02-17T05:00:52+00:00\",\"dateModified\":\"2021-02-17T03:26:03+00:00\",\"description\":\"Y una de ellas est\u00e1 en Madrid. \u00a1Vaya sorpresa que nos ha dado una de nuestras tiendas favoritas!\",\"breadcrumb\":{\"@id\":\"https:\/\/graziamagazine.com\/es\/articles\/primark-abrira-7-nuevas-tiendas-en-espana\/#breadcrumb\"},\"inLanguage\":\"es\",\"potentialAction\":[{\"@type\":\"ReadAction\",\"target\":[\"https:\/\/graziamagazine.com\/es\/articles\/primark-abrira-7-nuevas-tiendas-en-espana\/\"]}]},{\"@type\":\"BreadcrumbList\",\"@id\":\"https:\/\/graziamagazine.com\/es\/articles\/primark-abrira-7-nuevas-tiendas-en-espana\/#breadcrumb\",\"itemListElement\":[{\"@type\":\"ListItem\",\"position\":1,\"name\":\"Portada\",\"item\":\"https:\/\/graziamagazine.com\/es\/\"},{\"@type\":\"ListItem\",\"position\":2,\"name\":\"Primark abrir\u00e1 7 nuevas tiendas en Espa\u00f1a\"}]},{\"@type\":\"WebSite\",\"@id\":\"https:\/\/graziamagazine.com\/es\/#website\",\"url\":\"https:\/\/graziamagazine.com\/es\/\",\"name\":\"Grazia\",\"description\":\"Moda, belleza, celebrities, estilo de vida...\",\"potentialAction\":[{\"@type\":\"SearchAction\",\"target\":{\"@type\":\"EntryPoint\",\"urlTemplate\":\"https:\/\/graziamagazine.com\/es\/?s={search_term_string}\"},\"query-input\":\"required name=search_term_string\"}],\"inLanguage\":\"es\"}]}<\/script>\n<!-- \/ Yoast SEO Premium plugin. -->","yoast_head_json":{"title":"Primark abrir\u00e1 7 nuevas tiendas en Espa\u00f1a | Grazia","description":"Y una de ellas est\u00e1 en Madrid. \u00a1Vaya sorpresa que nos ha dado una de nuestras tiendas favoritas!","robots":{"index":"index","follow":"follow","max-snippet":"max-snippet:-1","max-image-preview":"max-image-preview:large","max-video-preview":"max-video-preview:-1"},"canonical":"https:\/\/graziamagazine.com\/es\/articles\/primark-abrira-7-nuevas-tiendas-en-espana\/","og_locale":"es_ES","og_type":"article","og_title":"Primark abrir\u00e1 7 nuevas tiendas en Espa\u00f1a","og_description":"Y una de ellas est\u00e1 en Madrid. \u00a1Vaya sorpresa que nos ha dado una de nuestras tiendas favoritas!","og_url":"https:\/\/graziamagazine.com\/es\/articles\/primark-abrira-7-nuevas-tiendas-en-espana\/","og_site_name":"Grazia","article_modified_time":"2021-02-17T03:26:03+00:00","og_image":[{"width":1778,"height":1000,"url":"https:\/\/graziamagazine.com\/es\/wp-content\/uploads\/sites\/12\/2021\/02\/5ecfdd65220000ce1c8298d2.jpeg?fit=1778%2C1000","type":"image\/jpeg"}],"twitter_card":"summary_large_image","twitter_misc":{"Est. reading time":"1 minuto"},"schema":{"@context":"https:\/\/schema.org","@graph":[{"@type":"WebPage","@id":"https:\/\/graziamagazine.com\/es\/articles\/primark-abrira-7-nuevas-tiendas-en-espana\/","url":"https:\/\/graziamagazine.com\/es\/articles\/primark-abrira-7-nuevas-tiendas-en-espana\/","name":"Primark abrir\u00e1 7 nuevas tiendas en Espa\u00f1a | Grazia","isPartOf":{"@id":"https:\/\/graziamagazine.com\/es\/#website"},"datePublished":"2021-02-17T05:00:52+00:00","dateModified":"2021-02-17T03:26:03+00:00","description":"Y una de ellas est\u00e1 en Madrid. \u00a1Vaya sorpresa que nos ha dado una de nuestras tiendas favoritas!","breadcrumb":{"@id":"https:\/\/graziamagazine.com\/es\/articles\/primark-abrira-7-nuevas-tiendas-en-espana\/#breadcrumb"},"inLanguage":"es","potentialAction":[{"@type":"ReadAction","target":["https:\/\/graziamagazine.com\/es\/articles\/primark-abrira-7-nuevas-tiendas-en-espana\/"]}]},{"@type":"BreadcrumbList","@id":"https:\/\/graziamagazine.com\/es\/articles\/primark-abrira-7-nuevas-tiendas-en-espana\/#breadcrumb","itemListElement":[{"@type":"ListItem","position":1,"name":"Portada","item":"https:\/\/graziamagazine.com\/es\/"},{"@type":"ListItem","position":2,"name":"Primark abrir\u00e1 7 nuevas tiendas en Espa\u00f1a"}]},{"@type":"WebSite","@id":"https:\/\/graziamagazine.com\/es\/#website","url":"https:\/\/graziamagazine.com\/es\/","name":"Grazia","description":"Moda, belleza, celebrities, estilo de vida...","potentialAction":[{"@type":"SearchAction","target":{"@type":"EntryPoint","urlTemplate":"https:\/\/graziamagazine.com\/es\/?s={search_term_string}"},"query-input":"required name=search_term_string"}],"inLanguage":"es"}]}},"jetpack_sharing_enabled":true,"distributor_meta":false,"distributor_terms":false,"distributor_media":false,"distributor_original_site_name":"Grazia","distributor_original_site_url":"https:\/\/graziamagazine.com\/es","push-errors":false,"_links":{"self":[{"href":"https:\/\/graziamagazine.com\/es\/wp-json\/wp\/v2\/articles\/157578"}],"collection":[{"href":"https:\/\/graziamagazine.com\/es\/wp-json\/wp\/v2\/articles"}],"about":[{"href":"https:\/\/graziamagazine.com\/es\/wp-json\/wp\/v2\/types\/articles"}],"author":[{"embeddable":true,"href":"https:\/\/graziamagazine.com\/es\/wp-json\/wp\/v2\/users\/11653"}],"wp:featuredmedia":[{"embeddable":true,"href":"https:\/\/graziamagazine.com\/es\/wp-json\/wp\/v2\/media\/157580"}],"wp:attachment":[{"href":"https:\/\/graziamagazine.com\/es\/wp-json\/wp\/v2\/media?parent=157578"}],"wp:term":[{"taxonomy":"category","embeddable":true,"href":"https:\/\/graziamagazine.com\/es\/wp-json\/wp\/v2\/categories?post=157578"}],"curies":[{"name":"wp","href":"https:\/\/api.w.org\/{rel}","templated":true}]}}