{"id":156784,"date":"2020-11-27T05:43:32","date_gmt":"2020-11-27T04:43:32","guid":{"rendered":"https:\/\/graziamagazine.com\/es\/?post_type=articles&#038;p=156784"},"modified":"2020-11-27T06:25:53","modified_gmt":"2020-11-27T05:25:53","slug":"dior-presenta-su-primera-coleccion-para-estar-en-casa-dior-chez-moi","status":"publish","type":"articles","link":"https:\/\/graziamagazine.com\/es\/articles\/dior-presenta-su-primera-coleccion-para-estar-en-casa-dior-chez-moi\/","title":{"rendered":"Dior presenta su primera y maravillosa colecci\u00f3n para estar en casa: Dior Chez Moi"},"content":{"rendered":"<p>Ya sabemos que este 2020 ha sido un a\u00f1o de cambios, y la situaci\u00f3n actual que todos vivimos, nos ha llevado a estar m\u00e1s tiempo en casa. Esta situaci\u00f3n ha hecho, en gran medida, que muchas marcas de moda hayan transformado su manera de operar y hayan incluido nuevas l\u00edneas en sus colecciones. Una de esas marcas que suma nuevas colecciones a su portafolio es Dior, quien ha presentado su primera colecci\u00f3n c\u00e1psula para estar en casa.<\/p>\n<p>Una colecci\u00f3n de lujo, y maravillosa, como todo lo que hacen, con la que quedarnos en casa sube de nivel con cada una de sus propuestas. Maria Grazia Chiuri ha ideado una l\u00ednea, que, junto a Pietro Ruffo, el hor\u00f3scopo y la herencia supersticiosa del maestro Dior, est\u00e1 m\u00e1s que presente.<\/p>\n<p><img loading=\"lazy\" decoding=\"async\" class=\"aligncenter size-full wp-image-156789\" src=\"https:\/\/graziamagazine.com\/es\/wp-content\/uploads\/sites\/12\/2020\/11\/1366_2000-2020-11-27T053103.782.jpeg\" alt=\"Dior presenta su primera colecci\u00f3n para estar en casa: Dior Chez Moi\" width=\"1024\" height=\"1280\" \/><\/p>\n<p><strong>Dior Chez Moi ha nacido de la mente creativa de Maria Grazia en el confinamiento<\/strong>, y con ella relajarse en casa ya no ser\u00e1 lo mismo, ser\u00e1 un momento lleno de estilo con prendas que adem\u00e1s, sirven tambi\u00e9n para nuestras salidas fuera de ella. Nos encantan los motivos esot\u00e9ricos en las piezas: un mapa del mundo que une cielo y tierra, continentes, constelaciones, flora, fauna<\/p>\n<p><img loading=\"lazy\" decoding=\"async\" class=\"aligncenter size-full wp-image-156788\" src=\"https:\/\/graziamagazine.com\/es\/wp-content\/uploads\/sites\/12\/2020\/11\/1366_2000-2020-11-27T053116.641.jpeg\" alt=\"Dior presenta su primera colecci\u00f3n para estar en casa: Dior Chez Moi\" width=\"1024\" height=\"1280\" \/><\/p>\n<p>Chaquetas con aires marineros, zapatillas para estar muy c\u00f3modas siguiendo una de las grandes tendencias, por supuesto pijamas, prendas de lencer\u00eda y ba\u00f1o, pero nuestro favorito, sin duda, son los ponchos. En este v\u00eddeo podr\u00e1s ver toda la colecci\u00f3n en movimiento, para que te enamores como nosotras. \u00a1S\u00faper flechazo!<\/p>\n<p><iframe loading=\"lazy\" title=\"The \u2018Dior Chez Moi\u2019 Capsule\" width=\"500\" height=\"281\" src=\"https:\/\/www.youtube.com\/embed\/FFD8txV7_w4?feature=oembed\" frameborder=\"0\" allow=\"accelerometer; autoplay; clipboard-write; encrypted-media; gyroscope; picture-in-picture\" allowfullscreen><\/iframe><\/p>\n<p>Si quieres hacerte con la colecci\u00f3n, la encuentras en el <a href=\"https:\/\/www.dior.com\/en_int\/mode-femme\/dior-chez-moi?utm_source=e-PR&amp;utm_medium=news&amp;utm_campaign=DiorChezMoi\" target=\"_blank\">maravilloso sitio web de Dior.<\/a><\/p>\n<p>&nbsp;<\/p>\n<p><em>\u00a0<\/em><\/p>\n","protected":false},"author":11653,"featured_media":156787,"template":"","format":"standard","categories":[1],"acf":[],"yoast_head":"<!-- This site is optimized with the Yoast SEO Premium plugin v18.5 (Yoast SEO v20.4) - https:\/\/yoast.com\/wordpress\/plugins\/seo\/ -->\n<title>Dior presenta su primera y maravillosa colecci\u00f3n para estar en casa: Dior Chez Moi | Grazia<\/title>\n<meta name=\"description\" content=\"Estar en casa ya no ser\u00e1 lo mismo despu\u00e9s de esta colecci\u00f3n con la que la maison recupera la esencia m\u00e1s esot\u00e9rica de su creador.\" \/>\n<meta name=\"robots\" content=\"index, follow, max-snippet:-1, max-image-preview:large, max-video-preview:-1\" \/>\n<link rel=\"canonical\" href=\"https:\/\/graziamagazine.com\/es\/articles\/dior-presenta-su-primera-coleccion-para-estar-en-casa-dior-chez-moi\/\" \/>\n<meta property=\"og:locale\" content=\"es_ES\" \/>\n<meta property=\"og:type\" content=\"article\" \/>\n<meta property=\"og:title\" content=\"Dior presenta su primera y maravillosa colecci\u00f3n para estar en casa: Dior Chez Moi\" \/>\n<meta property=\"og:description\" content=\"Estar en casa ya no ser\u00e1 lo mismo despu\u00e9s de esta colecci\u00f3n con la que la maison recupera la esencia m\u00e1s esot\u00e9rica de su creador.\" \/>\n<meta property=\"og:url\" content=\"https:\/\/graziamagazine.com\/es\/articles\/dior-presenta-su-primera-coleccion-para-estar-en-casa-dior-chez-moi\/\" \/>\n<meta property=\"og:site_name\" content=\"Grazia\" \/>\n<meta property=\"article:modified_time\" content=\"2020-11-27T05:25:53+00:00\" \/>\n<meta property=\"og:image\" content=\"https:\/\/graziamagazine.com\/es\/wp-content\/uploads\/sites\/12\/2020\/11\/1366_2000-2020-11-27T053020.712-e1606452022170.jpeg?fit=1323%2C952\" \/>\n\t<meta property=\"og:image:width\" content=\"1323\" \/>\n\t<meta property=\"og:image:height\" content=\"952\" \/>\n\t<meta property=\"og:image:type\" content=\"image\/jpeg\" \/>\n<meta name=\"twitter:card\" content=\"summary_large_image\" \/>\n<meta name=\"twitter:label1\" content=\"Est. reading time\" \/>\n\t<meta name=\"twitter:data1\" content=\"1 minuto\" \/>\n<script type=\"application\/ld+json\" class=\"yoast-schema-graph\">{\"@context\":\"https:\/\/schema.org\",\"@graph\":[{\"@type\":\"WebPage\",\"@id\":\"https:\/\/graziamagazine.com\/es\/articles\/dior-presenta-su-primera-coleccion-para-estar-en-casa-dior-chez-moi\/\",\"url\":\"https:\/\/graziamagazine.com\/es\/articles\/dior-presenta-su-primera-coleccion-para-estar-en-casa-dior-chez-moi\/\",\"name\":\"Dior presenta su primera y maravillosa colecci\u00f3n para estar en casa: Dior Chez Moi | Grazia\",\"isPartOf\":{\"@id\":\"https:\/\/graziamagazine.com\/es\/#website\"},\"datePublished\":\"2020-11-27T04:43:32+00:00\",\"dateModified\":\"2020-11-27T05:25:53+00:00\",\"description\":\"Estar en casa ya no ser\u00e1 lo mismo despu\u00e9s de esta colecci\u00f3n con la que la maison recupera la esencia m\u00e1s esot\u00e9rica de su creador.\",\"breadcrumb\":{\"@id\":\"https:\/\/graziamagazine.com\/es\/articles\/dior-presenta-su-primera-coleccion-para-estar-en-casa-dior-chez-moi\/#breadcrumb\"},\"inLanguage\":\"es\",\"potentialAction\":[{\"@type\":\"ReadAction\",\"target\":[\"https:\/\/graziamagazine.com\/es\/articles\/dior-presenta-su-primera-coleccion-para-estar-en-casa-dior-chez-moi\/\"]}]},{\"@type\":\"BreadcrumbList\",\"@id\":\"https:\/\/graziamagazine.com\/es\/articles\/dior-presenta-su-primera-coleccion-para-estar-en-casa-dior-chez-moi\/#breadcrumb\",\"itemListElement\":[{\"@type\":\"ListItem\",\"position\":1,\"name\":\"Portada\",\"item\":\"https:\/\/graziamagazine.com\/es\/\"},{\"@type\":\"ListItem\",\"position\":2,\"name\":\"Dior presenta su primera y maravillosa colecci\u00f3n para estar en casa: Dior Chez Moi\"}]},{\"@type\":\"WebSite\",\"@id\":\"https:\/\/graziamagazine.com\/es\/#website\",\"url\":\"https:\/\/graziamagazine.com\/es\/\",\"name\":\"Grazia\",\"description\":\"Moda, belleza, celebrities, estilo de vida...\",\"potentialAction\":[{\"@type\":\"SearchAction\",\"target\":{\"@type\":\"EntryPoint\",\"urlTemplate\":\"https:\/\/graziamagazine.com\/es\/?s={search_term_string}\"},\"query-input\":\"required name=search_term_string\"}],\"inLanguage\":\"es\"}]}<\/script>\n<!-- \/ Yoast SEO Premium plugin. -->","yoast_head_json":{"title":"Dior presenta su primera y maravillosa colecci\u00f3n para estar en casa: Dior Chez Moi | Grazia","description":"Estar en casa ya no ser\u00e1 lo mismo despu\u00e9s de esta colecci\u00f3n con la que la maison recupera la esencia m\u00e1s esot\u00e9rica de su creador.","robots":{"index":"index","follow":"follow","max-snippet":"max-snippet:-1","max-image-preview":"max-image-preview:large","max-video-preview":"max-video-preview:-1"},"canonical":"https:\/\/graziamagazine.com\/es\/articles\/dior-presenta-su-primera-coleccion-para-estar-en-casa-dior-chez-moi\/","og_locale":"es_ES","og_type":"article","og_title":"Dior presenta su primera y maravillosa colecci\u00f3n para estar en casa: Dior Chez Moi","og_description":"Estar en casa ya no ser\u00e1 lo mismo despu\u00e9s de esta colecci\u00f3n con la que la maison recupera la esencia m\u00e1s esot\u00e9rica de su creador.","og_url":"https:\/\/graziamagazine.com\/es\/articles\/dior-presenta-su-primera-coleccion-para-estar-en-casa-dior-chez-moi\/","og_site_name":"Grazia","article_modified_time":"2020-11-27T05:25:53+00:00","og_image":[{"width":1323,"height":952,"url":"https:\/\/graziamagazine.com\/es\/wp-content\/uploads\/sites\/12\/2020\/11\/1366_2000-2020-11-27T053020.712-e1606452022170.jpeg?fit=1323%2C952","type":"image\/jpeg"}],"twitter_card":"summary_large_image","twitter_misc":{"Est. reading time":"1 minuto"},"schema":{"@context":"https:\/\/schema.org","@graph":[{"@type":"WebPage","@id":"https:\/\/graziamagazine.com\/es\/articles\/dior-presenta-su-primera-coleccion-para-estar-en-casa-dior-chez-moi\/","url":"https:\/\/graziamagazine.com\/es\/articles\/dior-presenta-su-primera-coleccion-para-estar-en-casa-dior-chez-moi\/","name":"Dior presenta su primera y maravillosa colecci\u00f3n para estar en casa: Dior Chez Moi | Grazia","isPartOf":{"@id":"https:\/\/graziamagazine.com\/es\/#website"},"datePublished":"2020-11-27T04:43:32+00:00","dateModified":"2020-11-27T05:25:53+00:00","description":"Estar en casa ya no ser\u00e1 lo mismo despu\u00e9s de esta colecci\u00f3n con la que la maison recupera la esencia m\u00e1s esot\u00e9rica de su creador.","breadcrumb":{"@id":"https:\/\/graziamagazine.com\/es\/articles\/dior-presenta-su-primera-coleccion-para-estar-en-casa-dior-chez-moi\/#breadcrumb"},"inLanguage":"es","potentialAction":[{"@type":"ReadAction","target":["https:\/\/graziamagazine.com\/es\/articles\/dior-presenta-su-primera-coleccion-para-estar-en-casa-dior-chez-moi\/"]}]},{"@type":"BreadcrumbList","@id":"https:\/\/graziamagazine.com\/es\/articles\/dior-presenta-su-primera-coleccion-para-estar-en-casa-dior-chez-moi\/#breadcrumb","itemListElement":[{"@type":"ListItem","position":1,"name":"Portada","item":"https:\/\/graziamagazine.com\/es\/"},{"@type":"ListItem","position":2,"name":"Dior presenta su primera y maravillosa colecci\u00f3n para estar en casa: Dior Chez Moi"}]},{"@type":"WebSite","@id":"https:\/\/graziamagazine.com\/es\/#website","url":"https:\/\/graziamagazine.com\/es\/","name":"Grazia","description":"Moda, belleza, celebrities, estilo de vida...","potentialAction":[{"@type":"SearchAction","target":{"@type":"EntryPoint","urlTemplate":"https:\/\/graziamagazine.com\/es\/?s={search_term_string}"},"query-input":"required name=search_term_string"}],"inLanguage":"es"}]}},"jetpack_sharing_enabled":true,"distributor_meta":false,"distributor_terms":false,"distributor_media":false,"distributor_original_site_name":"Grazia","distributor_original_site_url":"https:\/\/graziamagazine.com\/es","push-errors":false,"_links":{"self":[{"href":"https:\/\/graziamagazine.com\/es\/wp-json\/wp\/v2\/articles\/156784"}],"collection":[{"href":"https:\/\/graziamagazine.com\/es\/wp-json\/wp\/v2\/articles"}],"about":[{"href":"https:\/\/graziamagazine.com\/es\/wp-json\/wp\/v2\/types\/articles"}],"author":[{"embeddable":true,"href":"https:\/\/graziamagazine.com\/es\/wp-json\/wp\/v2\/users\/11653"}],"wp:featuredmedia":[{"embeddable":true,"href":"https:\/\/graziamagazine.com\/es\/wp-json\/wp\/v2\/media\/156787"}],"wp:attachment":[{"href":"https:\/\/graziamagazine.com\/es\/wp-json\/wp\/v2\/media?parent=156784"}],"wp:term":[{"taxonomy":"category","embeddable":true,"href":"https:\/\/graziamagazine.com\/es\/wp-json\/wp\/v2\/categories?post=156784"}],"curies":[{"name":"wp","href":"https:\/\/api.w.org\/{rel}","templated":true}]}}