{"id":156662,"date":"2020-11-19T18:20:32","date_gmt":"2020-11-19T17:20:32","guid":{"rendered":"https:\/\/graziamagazine.com\/es\/?post_type=articles&#038;p=156662"},"modified":"2020-11-19T18:20:32","modified_gmt":"2020-11-19T17:20:32","slug":"beatrice-borromeo-tatiana-santo-domingo-y-alejandra-de-hanover-derrochan-estilo-en-el-dia-nacional-de-monaco","status":"publish","type":"articles","link":"https:\/\/graziamagazine.com\/es\/articles\/beatrice-borromeo-tatiana-santo-domingo-y-alejandra-de-hanover-derrochan-estilo-en-el-dia-nacional-de-monaco\/","title":{"rendered":"Beatrice Borromeo, Tatiana Santo Domingo y Alejandra de Hanover derrochan estilo en el D\u00eda Nacional de M\u00f3naco"},"content":{"rendered":"<p>Cada 19 de noviembre el mundo de la moda tiene una cita en el Principado de M\u00f3naco y no precisamente porque haya un evento de moda. Este d\u00eda es la Fiesta Nacional del Principado y ah\u00ed se re\u00fanen los miembros de la familia Grimaldi, que ya sabemos son grandes embajadores de la moda francesa. Hoy no pod\u00eda ser de otra manera, y a pesar de las circunstancias hemos visto de nuevo el glamour que envuelve a una de las royals m\u00e1s estilosas del momento.<\/p>\n<p>Pero nuestras miradas hoy no se han centrado en Carolina de M\u00f3naco o su hija Carlota, ausente en esta ocasi\u00f3n, y s\u00ed lo han hecho en las nuevas generaciones de la familia, nuevos \u00edconos de estilo royal. Se trata de Tatiana Santo Domingo (esposa de Andrea Casiraghi), Beatrice Borromeo (esposa de Pierre Casiraghi) y la princesa Alexandra de Hannover, hija mejor de Carolina de M\u00f3naco.<\/p>\n<h3 class=\"body-text\">El look de Beatrice Borromeo<\/h3>\n<p>De nuevo, como ya ocurriera el a\u00f1o pasado, la princesa ha elegido a la <em>maison<\/em> Dior en un conjunto de la colecci\u00f3n creada por Maria Grazia Chiuri para Fall 2020, en lana con sutil estampado de pata de gallo, con bolsillo en cuerpo y cadera y una falda l\u00e1piz ultra femenina. La princesa eligi\u00f3 tambi\u00e9n un Dior Saddle en terciopelo negro y unos zapatos Dior D-MOI en charol. El detalle: la diadema en ante color burdeos s\u00faper chic.<\/p>\n<p><img loading=\"lazy\" decoding=\"async\" class=\"alignnone wp-image-90600 size-full\" src=\"https:\/\/graziamagazine.com\/mx\/wp-content\/uploads\/sites\/13\/2020\/11\/beatrice-borromeo-and-pierre-casiraghi-elle-1605788441.jpg\" alt=\"Beatrice Borromeo, Tatiana Santo Domingo y Alejandra de Hanover: nuevo estilo en el D\u00eda Nacional de M\u00f3naco\" width=\"768\" height=\"1409\" \/><\/p>\n<h3>El look de Tatiana Santo Domingo<\/h3>\n<p>En su caso ha optado por un estilo muy lady, con un conjunto dos piezas formado por abrigo y falda en negro y blanco, para combatir el fr\u00edo, que combin\u00f3 con un jersey de cuello Perkins negro. Los accesorios en su estilismo daban el toque, sobre todo su diadema en terciopelo negro y sus guantes de piel.<\/p>\n<p><img loading=\"lazy\" decoding=\"async\" class=\"alignnone wp-image-90601 size-full\" src=\"https:\/\/graziamagazine.com\/mx\/wp-content\/uploads\/sites\/13\/2020\/11\/andrea-casiraghi-tatiana-santo-domingo-elle-1605787906.jpg\" alt=\"Beatrice Borromeo, Tatiana Santo Domingo y Alejandra de Hanover: nuevo estilo en el D\u00eda Nacional de M\u00f3naco\" width=\"768\" height=\"1153\" \/><\/p>\n<h3>El look de Alexandra de Hannover<\/h3>\n<p class=\"body-text\">En su caso, la peque\u00f1a de la casa tambi\u00e9n ha elegido a Dior para el gran d\u00eda de M\u00f3naco, con un total look negro formado por un vestido de cuello redondo con brocados de la colecci\u00f3n Primavera-Verano 21 creada por Maria Grazia Chiuri y un abrigo de lana negro de la colecci\u00f3n Dior Cruise 21. El toque de color lo ha puesto su mini Dior Saddle en color rojo cereza y confeccionado en piel de becerro graneada. El sue\u00f1o de muchas mujeres, sin duda.<\/p>\n<p>\u00a0<img loading=\"lazy\" decoding=\"async\" class=\"alignnone wp-image-90604 size-full\" src=\"https:\/\/graziamagazine.com\/mx\/wp-content\/uploads\/sites\/13\/2020\/11\/229978.jpg\" alt=\"Beatrice Borromeo, Tatiana Santo Domingo y Alejandra de Hanover: nuevo estilo en el D\u00eda Nacional de M\u00f3naco\" width=\"655\" height=\"983\" \/><\/p>\n<p><strong><em>*IM\u00c1GENES: Getty Images<\/em><\/strong><\/p>\n","protected":false},"author":11653,"featured_media":156664,"template":"","format":"standard","categories":[1,2147],"acf":[],"yoast_head":"<!-- This site is optimized with the Yoast SEO Premium plugin v18.5 (Yoast SEO v20.4) - https:\/\/yoast.com\/wordpress\/plugins\/seo\/ -->\n<title>Beatrice Borromeo, Tatiana Santo Domingo y Alejandra de Hanover derrochan estilo en el D\u00eda Nacional de M\u00f3naco | Grazia<\/title>\n<meta name=\"description\" content=\"Las nuevas generaciones de la familia Grimaldi nos dejan claro un a\u00f1o m\u00e1s que el estilo es una de las se\u00f1as de la identidad en el d\u00eda m\u00e1s importante del Principado.\" \/>\n<meta name=\"robots\" content=\"index, follow, max-snippet:-1, max-image-preview:large, max-video-preview:-1\" \/>\n<link rel=\"canonical\" href=\"https:\/\/graziamagazine.com\/es\/articles\/beatrice-borromeo-tatiana-santo-domingo-y-alejandra-de-hanover-derrochan-estilo-en-el-dia-nacional-de-monaco\/\" \/>\n<meta property=\"og:locale\" content=\"es_ES\" \/>\n<meta property=\"og:type\" content=\"article\" \/>\n<meta property=\"og:title\" content=\"Beatrice Borromeo, Tatiana Santo Domingo y Alejandra de Hanover derrochan estilo en el D\u00eda Nacional de M\u00f3naco\" \/>\n<meta property=\"og:description\" content=\"Las nuevas generaciones de la familia Grimaldi nos dejan claro un a\u00f1o m\u00e1s que el estilo es una de las se\u00f1as de la identidad en el d\u00eda m\u00e1s importante del Principado.\" \/>\n<meta property=\"og:url\" content=\"https:\/\/graziamagazine.com\/es\/articles\/beatrice-borromeo-tatiana-santo-domingo-y-alejandra-de-hanover-derrochan-estilo-en-el-dia-nacional-de-monaco\/\" \/>\n<meta property=\"og:site_name\" content=\"Grazia\" \/>\n<meta property=\"og:image\" content=\"https:\/\/graziamagazine.com\/es\/wp-content\/uploads\/sites\/12\/2020\/11\/Captura-de-pantalla-2020-11-19-a-las-17.41.28.png?fit=1088%2C725\" \/>\n\t<meta property=\"og:image:width\" content=\"1088\" \/>\n\t<meta property=\"og:image:height\" content=\"725\" \/>\n\t<meta property=\"og:image:type\" content=\"image\/png\" \/>\n<meta name=\"twitter:card\" content=\"summary_large_image\" \/>\n<meta name=\"twitter:label1\" content=\"Est. reading time\" \/>\n\t<meta name=\"twitter:data1\" content=\"2 minutos\" \/>\n<script type=\"application\/ld+json\" class=\"yoast-schema-graph\">{\"@context\":\"https:\/\/schema.org\",\"@graph\":[{\"@type\":\"WebPage\",\"@id\":\"https:\/\/graziamagazine.com\/es\/articles\/beatrice-borromeo-tatiana-santo-domingo-y-alejandra-de-hanover-derrochan-estilo-en-el-dia-nacional-de-monaco\/\",\"url\":\"https:\/\/graziamagazine.com\/es\/articles\/beatrice-borromeo-tatiana-santo-domingo-y-alejandra-de-hanover-derrochan-estilo-en-el-dia-nacional-de-monaco\/\",\"name\":\"Beatrice Borromeo, Tatiana Santo Domingo y Alejandra de Hanover derrochan estilo en el D\u00eda Nacional de M\u00f3naco | Grazia\",\"isPartOf\":{\"@id\":\"https:\/\/graziamagazine.com\/es\/#website\"},\"datePublished\":\"2020-11-19T17:20:32+00:00\",\"dateModified\":\"2020-11-19T17:20:32+00:00\",\"description\":\"Las nuevas generaciones de la familia Grimaldi nos dejan claro un a\u00f1o m\u00e1s que el estilo es una de las se\u00f1as de la identidad en el d\u00eda m\u00e1s importante del Principado.\",\"breadcrumb\":{\"@id\":\"https:\/\/graziamagazine.com\/es\/articles\/beatrice-borromeo-tatiana-santo-domingo-y-alejandra-de-hanover-derrochan-estilo-en-el-dia-nacional-de-monaco\/#breadcrumb\"},\"inLanguage\":\"es\",\"potentialAction\":[{\"@type\":\"ReadAction\",\"target\":[\"https:\/\/graziamagazine.com\/es\/articles\/beatrice-borromeo-tatiana-santo-domingo-y-alejandra-de-hanover-derrochan-estilo-en-el-dia-nacional-de-monaco\/\"]}]},{\"@type\":\"BreadcrumbList\",\"@id\":\"https:\/\/graziamagazine.com\/es\/articles\/beatrice-borromeo-tatiana-santo-domingo-y-alejandra-de-hanover-derrochan-estilo-en-el-dia-nacional-de-monaco\/#breadcrumb\",\"itemListElement\":[{\"@type\":\"ListItem\",\"position\":1,\"name\":\"Portada\",\"item\":\"https:\/\/graziamagazine.com\/es\/\"},{\"@type\":\"ListItem\",\"position\":2,\"name\":\"Beatrice Borromeo, Tatiana Santo Domingo y Alejandra de Hanover derrochan estilo en el D\u00eda Nacional de M\u00f3naco\"}]},{\"@type\":\"WebSite\",\"@id\":\"https:\/\/graziamagazine.com\/es\/#website\",\"url\":\"https:\/\/graziamagazine.com\/es\/\",\"name\":\"Grazia\",\"description\":\"Moda, belleza, celebrities, estilo de vida...\",\"potentialAction\":[{\"@type\":\"SearchAction\",\"target\":{\"@type\":\"EntryPoint\",\"urlTemplate\":\"https:\/\/graziamagazine.com\/es\/?s={search_term_string}\"},\"query-input\":\"required name=search_term_string\"}],\"inLanguage\":\"es\"}]}<\/script>\n<!-- \/ Yoast SEO Premium plugin. -->","yoast_head_json":{"title":"Beatrice Borromeo, Tatiana Santo Domingo y Alejandra de Hanover derrochan estilo en el D\u00eda Nacional de M\u00f3naco | Grazia","description":"Las nuevas generaciones de la familia Grimaldi nos dejan claro un a\u00f1o m\u00e1s que el estilo es una de las se\u00f1as de la identidad en el d\u00eda m\u00e1s importante del Principado.","robots":{"index":"index","follow":"follow","max-snippet":"max-snippet:-1","max-image-preview":"max-image-preview:large","max-video-preview":"max-video-preview:-1"},"canonical":"https:\/\/graziamagazine.com\/es\/articles\/beatrice-borromeo-tatiana-santo-domingo-y-alejandra-de-hanover-derrochan-estilo-en-el-dia-nacional-de-monaco\/","og_locale":"es_ES","og_type":"article","og_title":"Beatrice Borromeo, Tatiana Santo Domingo y Alejandra de Hanover derrochan estilo en el D\u00eda Nacional de M\u00f3naco","og_description":"Las nuevas generaciones de la familia Grimaldi nos dejan claro un a\u00f1o m\u00e1s que el estilo es una de las se\u00f1as de la identidad en el d\u00eda m\u00e1s importante del Principado.","og_url":"https:\/\/graziamagazine.com\/es\/articles\/beatrice-borromeo-tatiana-santo-domingo-y-alejandra-de-hanover-derrochan-estilo-en-el-dia-nacional-de-monaco\/","og_site_name":"Grazia","og_image":[{"width":1088,"height":725,"url":"https:\/\/graziamagazine.com\/es\/wp-content\/uploads\/sites\/12\/2020\/11\/Captura-de-pantalla-2020-11-19-a-las-17.41.28.png?fit=1088%2C725","type":"image\/png"}],"twitter_card":"summary_large_image","twitter_misc":{"Est. reading time":"2 minutos"},"schema":{"@context":"https:\/\/schema.org","@graph":[{"@type":"WebPage","@id":"https:\/\/graziamagazine.com\/es\/articles\/beatrice-borromeo-tatiana-santo-domingo-y-alejandra-de-hanover-derrochan-estilo-en-el-dia-nacional-de-monaco\/","url":"https:\/\/graziamagazine.com\/es\/articles\/beatrice-borromeo-tatiana-santo-domingo-y-alejandra-de-hanover-derrochan-estilo-en-el-dia-nacional-de-monaco\/","name":"Beatrice Borromeo, Tatiana Santo Domingo y Alejandra de Hanover derrochan estilo en el D\u00eda Nacional de M\u00f3naco | Grazia","isPartOf":{"@id":"https:\/\/graziamagazine.com\/es\/#website"},"datePublished":"2020-11-19T17:20:32+00:00","dateModified":"2020-11-19T17:20:32+00:00","description":"Las nuevas generaciones de la familia Grimaldi nos dejan claro un a\u00f1o m\u00e1s que el estilo es una de las se\u00f1as de la identidad en el d\u00eda m\u00e1s importante del Principado.","breadcrumb":{"@id":"https:\/\/graziamagazine.com\/es\/articles\/beatrice-borromeo-tatiana-santo-domingo-y-alejandra-de-hanover-derrochan-estilo-en-el-dia-nacional-de-monaco\/#breadcrumb"},"inLanguage":"es","potentialAction":[{"@type":"ReadAction","target":["https:\/\/graziamagazine.com\/es\/articles\/beatrice-borromeo-tatiana-santo-domingo-y-alejandra-de-hanover-derrochan-estilo-en-el-dia-nacional-de-monaco\/"]}]},{"@type":"BreadcrumbList","@id":"https:\/\/graziamagazine.com\/es\/articles\/beatrice-borromeo-tatiana-santo-domingo-y-alejandra-de-hanover-derrochan-estilo-en-el-dia-nacional-de-monaco\/#breadcrumb","itemListElement":[{"@type":"ListItem","position":1,"name":"Portada","item":"https:\/\/graziamagazine.com\/es\/"},{"@type":"ListItem","position":2,"name":"Beatrice Borromeo, Tatiana Santo Domingo y Alejandra de Hanover derrochan estilo en el D\u00eda Nacional de M\u00f3naco"}]},{"@type":"WebSite","@id":"https:\/\/graziamagazine.com\/es\/#website","url":"https:\/\/graziamagazine.com\/es\/","name":"Grazia","description":"Moda, belleza, celebrities, estilo de vida...","potentialAction":[{"@type":"SearchAction","target":{"@type":"EntryPoint","urlTemplate":"https:\/\/graziamagazine.com\/es\/?s={search_term_string}"},"query-input":"required name=search_term_string"}],"inLanguage":"es"}]}},"jetpack_sharing_enabled":true,"distributor_meta":false,"distributor_terms":false,"distributor_media":false,"distributor_original_site_name":"Grazia","distributor_original_site_url":"https:\/\/graziamagazine.com\/es","push-errors":false,"_links":{"self":[{"href":"https:\/\/graziamagazine.com\/es\/wp-json\/wp\/v2\/articles\/156662"}],"collection":[{"href":"https:\/\/graziamagazine.com\/es\/wp-json\/wp\/v2\/articles"}],"about":[{"href":"https:\/\/graziamagazine.com\/es\/wp-json\/wp\/v2\/types\/articles"}],"author":[{"embeddable":true,"href":"https:\/\/graziamagazine.com\/es\/wp-json\/wp\/v2\/users\/11653"}],"wp:featuredmedia":[{"embeddable":true,"href":"https:\/\/graziamagazine.com\/es\/wp-json\/wp\/v2\/media\/156664"}],"wp:attachment":[{"href":"https:\/\/graziamagazine.com\/es\/wp-json\/wp\/v2\/media?parent=156662"}],"wp:term":[{"taxonomy":"category","embeddable":true,"href":"https:\/\/graziamagazine.com\/es\/wp-json\/wp\/v2\/categories?post=156662"}],"curies":[{"name":"wp","href":"https:\/\/api.w.org\/{rel}","templated":true}]}}