{"id":156604,"date":"2020-11-17T07:35:11","date_gmt":"2020-11-17T06:35:11","guid":{"rendered":"https:\/\/graziamagazine.com\/es\/?post_type=articles&#038;p=156604"},"modified":"2020-11-17T07:35:11","modified_gmt":"2020-11-17T06:35:11","slug":"zara-lanza-una-coleccion-con-el-horoscopo-como-protagonista","status":"publish","type":"articles","link":"https:\/\/graziamagazine.com\/es\/articles\/zara-lanza-una-coleccion-con-el-horoscopo-como-protagonista\/","title":{"rendered":"Zara lanza una colecci\u00f3n con el hor\u00f3scopo como protagonista"},"content":{"rendered":"<p>Zara lo ha vuelto a hacer, esta temporada est\u00e1 siendo un no parar de novedades en la marca insignia de Inditex. Amancio Ortega se debe haber propuesto hacernos caer en la tentaci\u00f3n con los nuevos lanzamientos, y parece que lo est\u00e1 consiguiendo. El carrito de la compra, los objetos para montar el gimnasio en casa, los juegos de mesa para jugar en familia y ahora, la colecci\u00f3n inspirada en el hor\u00f3scopo.<\/p>\n<p>Si eres de las que cree en el universo y siempre sigues tu hor\u00f3scopo al pie de la letra, esta colecci\u00f3n es para ti. Zara acaba de lanzar una nueva colecci\u00f3n que se convierte en objeto de deseo, y un buen regalo de cara a la Navidad: <strong>una colecci\u00f3n dedicada a los hor\u00f3scopos<\/strong> y en la que encontramos dos tipos de objetos: los pa\u00f1uelos o el set, un total de 24 nuevas propuestas.<\/p>\n<p><img loading=\"lazy\" decoding=\"async\" class=\"aligncenter wp-image-156608 size-full\" src=\"https:\/\/graziamagazine.com\/es\/wp-content\/uploads\/sites\/12\/2020\/11\/8377212681_2_2_1-e1605594002829.jpg\" alt=\"Zara lanza una colecci\u00f3n con el hor\u00f3scopo como protagonista\" width=\"1382\" height=\"1539\" \/><\/p>\n<p><strong>Por un lado est\u00e1n los pa\u00f1uelos confeccionados en 100% seda<\/strong>, con estampados de diferentes colores y la imagen de cada uno de los signos del zod\u00edacos. Cada pa\u00f1uelo mide 65 x 65 cm, viene en un sobre especial de regalo y desde Zara nos dan ideas de c\u00f3mo incluirnos en nuestros looks de oto\u00f1o-invierno.<\/p>\n<p><img loading=\"lazy\" decoding=\"async\" class=\"aligncenter size-full wp-image-156606\" src=\"https:\/\/graziamagazine.com\/es\/wp-content\/uploads\/sites\/12\/2020\/11\/8377206400_2_12_1.jpg\" alt=\"Zara lanza una colecci\u00f3n con el hor\u00f3scopo como protagonista\" width=\"1024\" height=\"1536\" \/><\/p>\n<p><img loading=\"lazy\" decoding=\"async\" class=\"aligncenter size-full wp-image-156605\" src=\"https:\/\/graziamagazine.com\/es\/wp-content\/uploads\/sites\/12\/2020\/11\/8377202078_2_6_1-1-e1605593542148.jpg\" alt=\"Zara lanza una colecci\u00f3n con el hor\u00f3scopo como protagonista\" width=\"1024\" height=\"738\" \/><\/p>\n<p>Por otro una cajita, tambi\u00e9n personalizada para cada signo del zod\u00edaco, que incluye una bolsita con lazadas y bordado (con el signo del Zod\u00edaco bordado), par de calcetines con detalle del signo bordado, un coletero scunchie y un antifaz acolchado con detalle de signo del Zod\u00edaco bordado.<\/p>\n<p><img loading=\"lazy\" decoding=\"async\" class=\"aligncenter size-full wp-image-156609\" src=\"https:\/\/graziamagazine.com\/es\/wp-content\/uploads\/sites\/12\/2020\/11\/0653261653_1_1_1-e1605594253966.jpg\" alt=\"Zara lanza una colecci\u00f3n con el hor\u00f3scopo como protagonista\" width=\"1024\" height=\"659\" \/><\/p>\n<p>Lo mejor de todo: cada objeto de la colecci\u00f3n cuesta <strong>menos de 20 euros (19,95\u20ac<\/strong>).<\/p>\n<p><em>*Im\u00e1genes: Cortes\u00eda Zara<\/em><\/p>\n","protected":false},"author":11653,"featured_media":156607,"template":"","format":"standard","categories":[3611,1],"acf":[],"yoast_head":"<!-- This site is optimized with the Yoast SEO Premium plugin v18.5 (Yoast SEO v20.4) - https:\/\/yoast.com\/wordpress\/plugins\/seo\/ -->\n<title>Zara lanza una colecci\u00f3n con el hor\u00f3scopo como protagonista | Grazia<\/title>\n<meta name=\"description\" content=\"Lo nuevo de Zara se convierte, adem\u00e1s, en un regalo perfecto para la pr\u00f3xima Navidad. Ideal para tus amigas m\u00e1s esot\u00e9ricas.\" \/>\n<meta name=\"robots\" content=\"index, follow, max-snippet:-1, max-image-preview:large, max-video-preview:-1\" \/>\n<link rel=\"canonical\" href=\"https:\/\/graziamagazine.com\/es\/articles\/zara-lanza-una-coleccion-con-el-horoscopo-como-protagonista\/\" \/>\n<meta property=\"og:locale\" content=\"es_ES\" \/>\n<meta property=\"og:type\" content=\"article\" \/>\n<meta property=\"og:title\" content=\"Zara lanza una colecci\u00f3n con el hor\u00f3scopo como protagonista\" \/>\n<meta property=\"og:description\" content=\"Lo nuevo de Zara se convierte, adem\u00e1s, en un regalo perfecto para la pr\u00f3xima Navidad. Ideal para tus amigas m\u00e1s esot\u00e9ricas.\" \/>\n<meta property=\"og:url\" content=\"https:\/\/graziamagazine.com\/es\/articles\/zara-lanza-una-coleccion-con-el-horoscopo-como-protagonista\/\" \/>\n<meta property=\"og:site_name\" content=\"Grazia\" \/>\n<meta property=\"og:image\" content=\"https:\/\/graziamagazine.com\/es\/wp-content\/uploads\/sites\/12\/2020\/11\/Captura-de-pantalla-2020-11-17-a-las-06.52.34.png?fit=909%2C677\" \/>\n\t<meta property=\"og:image:width\" content=\"909\" \/>\n\t<meta property=\"og:image:height\" content=\"677\" \/>\n\t<meta property=\"og:image:type\" content=\"image\/png\" \/>\n<meta name=\"twitter:card\" content=\"summary_large_image\" \/>\n<meta name=\"twitter:label1\" content=\"Est. reading time\" \/>\n\t<meta name=\"twitter:data1\" content=\"1 minuto\" \/>\n<script type=\"application\/ld+json\" class=\"yoast-schema-graph\">{\"@context\":\"https:\/\/schema.org\",\"@graph\":[{\"@type\":\"WebPage\",\"@id\":\"https:\/\/graziamagazine.com\/es\/articles\/zara-lanza-una-coleccion-con-el-horoscopo-como-protagonista\/\",\"url\":\"https:\/\/graziamagazine.com\/es\/articles\/zara-lanza-una-coleccion-con-el-horoscopo-como-protagonista\/\",\"name\":\"Zara lanza una colecci\u00f3n con el hor\u00f3scopo como protagonista | Grazia\",\"isPartOf\":{\"@id\":\"https:\/\/graziamagazine.com\/es\/#website\"},\"datePublished\":\"2020-11-17T06:35:11+00:00\",\"dateModified\":\"2020-11-17T06:35:11+00:00\",\"description\":\"Lo nuevo de Zara se convierte, adem\u00e1s, en un regalo perfecto para la pr\u00f3xima Navidad. Ideal para tus amigas m\u00e1s esot\u00e9ricas.\",\"breadcrumb\":{\"@id\":\"https:\/\/graziamagazine.com\/es\/articles\/zara-lanza-una-coleccion-con-el-horoscopo-como-protagonista\/#breadcrumb\"},\"inLanguage\":\"es\",\"potentialAction\":[{\"@type\":\"ReadAction\",\"target\":[\"https:\/\/graziamagazine.com\/es\/articles\/zara-lanza-una-coleccion-con-el-horoscopo-como-protagonista\/\"]}]},{\"@type\":\"BreadcrumbList\",\"@id\":\"https:\/\/graziamagazine.com\/es\/articles\/zara-lanza-una-coleccion-con-el-horoscopo-como-protagonista\/#breadcrumb\",\"itemListElement\":[{\"@type\":\"ListItem\",\"position\":1,\"name\":\"Portada\",\"item\":\"https:\/\/graziamagazine.com\/es\/\"},{\"@type\":\"ListItem\",\"position\":2,\"name\":\"Zara lanza una colecci\u00f3n con el hor\u00f3scopo como protagonista\"}]},{\"@type\":\"WebSite\",\"@id\":\"https:\/\/graziamagazine.com\/es\/#website\",\"url\":\"https:\/\/graziamagazine.com\/es\/\",\"name\":\"Grazia\",\"description\":\"Moda, belleza, celebrities, estilo de vida...\",\"potentialAction\":[{\"@type\":\"SearchAction\",\"target\":{\"@type\":\"EntryPoint\",\"urlTemplate\":\"https:\/\/graziamagazine.com\/es\/?s={search_term_string}\"},\"query-input\":\"required name=search_term_string\"}],\"inLanguage\":\"es\"}]}<\/script>\n<!-- \/ Yoast SEO Premium plugin. -->","yoast_head_json":{"title":"Zara lanza una colecci\u00f3n con el hor\u00f3scopo como protagonista | Grazia","description":"Lo nuevo de Zara se convierte, adem\u00e1s, en un regalo perfecto para la pr\u00f3xima Navidad. Ideal para tus amigas m\u00e1s esot\u00e9ricas.","robots":{"index":"index","follow":"follow","max-snippet":"max-snippet:-1","max-image-preview":"max-image-preview:large","max-video-preview":"max-video-preview:-1"},"canonical":"https:\/\/graziamagazine.com\/es\/articles\/zara-lanza-una-coleccion-con-el-horoscopo-como-protagonista\/","og_locale":"es_ES","og_type":"article","og_title":"Zara lanza una colecci\u00f3n con el hor\u00f3scopo como protagonista","og_description":"Lo nuevo de Zara se convierte, adem\u00e1s, en un regalo perfecto para la pr\u00f3xima Navidad. Ideal para tus amigas m\u00e1s esot\u00e9ricas.","og_url":"https:\/\/graziamagazine.com\/es\/articles\/zara-lanza-una-coleccion-con-el-horoscopo-como-protagonista\/","og_site_name":"Grazia","og_image":[{"width":909,"height":677,"url":"https:\/\/graziamagazine.com\/es\/wp-content\/uploads\/sites\/12\/2020\/11\/Captura-de-pantalla-2020-11-17-a-las-06.52.34.png?fit=909%2C677","type":"image\/png"}],"twitter_card":"summary_large_image","twitter_misc":{"Est. reading time":"1 minuto"},"schema":{"@context":"https:\/\/schema.org","@graph":[{"@type":"WebPage","@id":"https:\/\/graziamagazine.com\/es\/articles\/zara-lanza-una-coleccion-con-el-horoscopo-como-protagonista\/","url":"https:\/\/graziamagazine.com\/es\/articles\/zara-lanza-una-coleccion-con-el-horoscopo-como-protagonista\/","name":"Zara lanza una colecci\u00f3n con el hor\u00f3scopo como protagonista | Grazia","isPartOf":{"@id":"https:\/\/graziamagazine.com\/es\/#website"},"datePublished":"2020-11-17T06:35:11+00:00","dateModified":"2020-11-17T06:35:11+00:00","description":"Lo nuevo de Zara se convierte, adem\u00e1s, en un regalo perfecto para la pr\u00f3xima Navidad. Ideal para tus amigas m\u00e1s esot\u00e9ricas.","breadcrumb":{"@id":"https:\/\/graziamagazine.com\/es\/articles\/zara-lanza-una-coleccion-con-el-horoscopo-como-protagonista\/#breadcrumb"},"inLanguage":"es","potentialAction":[{"@type":"ReadAction","target":["https:\/\/graziamagazine.com\/es\/articles\/zara-lanza-una-coleccion-con-el-horoscopo-como-protagonista\/"]}]},{"@type":"BreadcrumbList","@id":"https:\/\/graziamagazine.com\/es\/articles\/zara-lanza-una-coleccion-con-el-horoscopo-como-protagonista\/#breadcrumb","itemListElement":[{"@type":"ListItem","position":1,"name":"Portada","item":"https:\/\/graziamagazine.com\/es\/"},{"@type":"ListItem","position":2,"name":"Zara lanza una colecci\u00f3n con el hor\u00f3scopo como protagonista"}]},{"@type":"WebSite","@id":"https:\/\/graziamagazine.com\/es\/#website","url":"https:\/\/graziamagazine.com\/es\/","name":"Grazia","description":"Moda, belleza, celebrities, estilo de vida...","potentialAction":[{"@type":"SearchAction","target":{"@type":"EntryPoint","urlTemplate":"https:\/\/graziamagazine.com\/es\/?s={search_term_string}"},"query-input":"required name=search_term_string"}],"inLanguage":"es"}]}},"jetpack_sharing_enabled":true,"distributor_meta":false,"distributor_terms":false,"distributor_media":false,"distributor_original_site_name":"Grazia","distributor_original_site_url":"https:\/\/graziamagazine.com\/es","push-errors":false,"_links":{"self":[{"href":"https:\/\/graziamagazine.com\/es\/wp-json\/wp\/v2\/articles\/156604"}],"collection":[{"href":"https:\/\/graziamagazine.com\/es\/wp-json\/wp\/v2\/articles"}],"about":[{"href":"https:\/\/graziamagazine.com\/es\/wp-json\/wp\/v2\/types\/articles"}],"author":[{"embeddable":true,"href":"https:\/\/graziamagazine.com\/es\/wp-json\/wp\/v2\/users\/11653"}],"wp:featuredmedia":[{"embeddable":true,"href":"https:\/\/graziamagazine.com\/es\/wp-json\/wp\/v2\/media\/156607"}],"wp:attachment":[{"href":"https:\/\/graziamagazine.com\/es\/wp-json\/wp\/v2\/media?parent=156604"}],"wp:term":[{"taxonomy":"category","embeddable":true,"href":"https:\/\/graziamagazine.com\/es\/wp-json\/wp\/v2\/categories?post=156604"}],"curies":[{"name":"wp","href":"https:\/\/api.w.org\/{rel}","templated":true}]}}