{"id":156408,"date":"2020-11-04T14:48:42","date_gmt":"2020-11-04T13:48:42","guid":{"rendered":"https:\/\/graziamagazine.com\/es\/?post_type=articles&#038;p=156408"},"modified":"2020-11-04T14:48:42","modified_gmt":"2020-11-04T13:48:42","slug":"mo-x-oliva-la-nueva-coleccion-capsula-de-multiopticas","status":"publish","type":"articles","link":"https:\/\/graziamagazine.com\/es\/articles\/mo-x-oliva-la-nueva-coleccion-capsula-de-multiopticas\/","title":{"rendered":"M\u00d3 x OLIVA, la nueva colecci\u00f3n c\u00e1psula de Multi\u00f3pticas"},"content":{"rendered":"<p><strong>Nos encantan, no lo podemos negar, las colecciones especiales y colaboraciones entre marcas<\/strong>, y esta que os venimos a contar es de esas que, si te gustan las gafas de sol o eres usuaria de gafas de vista, va a convertirse en tu nueva favorita. Se trata de <strong>M\u00d3 x Oliva<\/strong>, una colaboraci\u00f3n convertida en c\u00e1psula entre Multi\u00f3pticas y el dise\u00f1ador Juanjo Oliva.<\/p>\n<p>No es la primera vez que la marca de gafas colabora con el dise\u00f1ador, en una clara apuesta por la moda espa\u00f1ola, y precisamente ese \u00e9xito de dise\u00f1os anteriores es el que ha hecho que vea la luz una nueva colecci\u00f3n. La verdad que <strong>estamos in love con algunos de los modelos<\/strong>, y concretamente las graduadas son una maravilla.<\/p>\n<p><img loading=\"lazy\" decoding=\"async\" class=\"aligncenter size-full wp-image-156414\" src=\"https:\/\/graziamagazine.com\/es\/wp-content\/uploads\/sites\/12\/2020\/11\/Captura-de-pantalla-2020-11-04-a-las-06.01.40.png\" alt=\"M\u00d3 x OLIVA, la nueva colecci\u00f3n c\u00e1psula de Multi\u00f3pticas\" width=\"479\" height=\"650\" \/><\/p>\n<p><em>\u201cMulti\u00f3pticas y yo decidimos emprender juntos este viaje hace ya 2 a\u00f1os; ellos ten\u00edan muchas ganas de hacer moda y yo de meterme en el mundo de la \u00f3ptica. Desde el primer momento me he sentido muy avalado por el equipo de Multi\u00f3pticas. Tras el \u00e9xito de las primeras colecciones que dise\u00f1amos juntos, nos apetec\u00eda mucho retomar el proyecto y lanzar una nueva c\u00e1psula de gafas de sol y de gradua<\/em>do\u201d, declara Juanjo.<\/p>\n<p><img loading=\"lazy\" decoding=\"async\" class=\"aligncenter wp-image-156410 size-full\" src=\"https:\/\/graziamagazine.com\/es\/wp-content\/uploads\/sites\/12\/2020\/11\/MG_2774-e1604466178566.jpg\" alt=\"M\u00d3 x OLIVA, la nueva colecci\u00f3n c\u00e1psula de Multi\u00f3pticas\" width=\"686\" height=\"404\" \/><\/p>\n<p>En esta nueva colaboraci\u00f3n, el dise\u00f1ador se ha inspirado en la visi\u00f3n m\u00e1s art\u00edstica de las aves y en ella encontramos siluetas arriesgadasLa colecci\u00f3n est\u00e1 compuesta por 4 gafas de sol y 2 de graduado, en una paleta de colores neutros como el carey y el negro, que se combinan con acetato y acero inoxidable en oro mate, lo que aporta una gran sofisticaci\u00f3n a los modelos.<\/p>\n<p><img loading=\"lazy\" decoding=\"async\" class=\"aligncenter size-full wp-image-156415\" src=\"https:\/\/graziamagazine.com\/es\/wp-content\/uploads\/sites\/12\/2020\/11\/Captura-de-pantalla-2020-11-04-a-las-06.04.18.png\" alt=\"M\u00d3 x OLIVA, la nueva colecci\u00f3n c\u00e1psula de Multi\u00f3pticas\" width=\"443\" height=\"667\" \/><\/p>\n<p>Otra cosa que llama la atenci\u00f3n, y nos encanta, es la funda convertida en un bolsito de mano en tono caqui soft, que adem\u00e1s se puede convertir en ri\u00f1onera. \u00bfNo es perfecto? Sin duda una colecci\u00f3n en donde la moda y el estilo est\u00e1 s\u00faper presentes. Los <strong>precios<\/strong> indicativos son <strong>49 euros, las de sol, y 99 euros la graduadas<\/strong>.<\/p>\n<p><img loading=\"lazy\" decoding=\"async\" class=\"aligncenter size-full wp-image-156413\" src=\"https:\/\/graziamagazine.com\/es\/wp-content\/uploads\/sites\/12\/2020\/11\/ESTUCHE-003-e1604466217902.jpg\" alt=\"M\u00d3 x OLIVA, la nueva colecci\u00f3n c\u00e1psula de Multi\u00f3pticas\" width=\"686\" height=\"407\" \/><\/p>\n<p><em>*Im\u00e1genes: Cortes\u00eda M\u00d3<\/em><\/p>\n","protected":false},"author":11653,"featured_media":156411,"template":"","format":"standard","categories":[1],"acf":[],"yoast_head":"<!-- This site is optimized with the Yoast SEO Premium plugin v18.5 (Yoast SEO v20.4) - https:\/\/yoast.com\/wordpress\/plugins\/seo\/ -->\n<title>M\u00d3 x OLIVA, la nueva colecci\u00f3n c\u00e1psula de Multi\u00f3pticas | Grazia<\/title>\n<meta name=\"description\" content=\"En su apuesta por la moda y el dise\u00f1o 100% espa\u00f1ol, m\u00f3 vuelve a colaborar con el dise\u00f1ador Juanjo Oliva para crear su nueva y exclusiva colecci\u00f3n c\u00e1psula de gafas de sol y de graduado.\" \/>\n<meta name=\"robots\" content=\"index, follow, max-snippet:-1, max-image-preview:large, max-video-preview:-1\" \/>\n<link rel=\"canonical\" href=\"https:\/\/graziamagazine.com\/es\/articles\/mo-x-oliva-la-nueva-coleccion-capsula-de-multiopticas\/\" \/>\n<meta property=\"og:locale\" content=\"es_ES\" \/>\n<meta property=\"og:type\" content=\"article\" \/>\n<meta property=\"og:title\" content=\"M\u00d3 x OLIVA, la nueva colecci\u00f3n c\u00e1psula de Multi\u00f3pticas\" \/>\n<meta property=\"og:description\" content=\"En su apuesta por la moda y el dise\u00f1o 100% espa\u00f1ol, m\u00f3 vuelve a colaborar con el dise\u00f1ador Juanjo Oliva para crear su nueva y exclusiva colecci\u00f3n c\u00e1psula de gafas de sol y de graduado.\" \/>\n<meta property=\"og:url\" content=\"https:\/\/graziamagazine.com\/es\/articles\/mo-x-oliva-la-nueva-coleccion-capsula-de-multiopticas\/\" \/>\n<meta property=\"og:site_name\" content=\"Grazia\" \/>\n<meta property=\"og:image\" content=\"https:\/\/graziamagazine.com\/es\/wp-content\/uploads\/sites\/12\/2020\/11\/MO201103_1.jpg?fit=1740%2C1304\" \/>\n\t<meta property=\"og:image:width\" content=\"1740\" \/>\n\t<meta property=\"og:image:height\" content=\"1304\" \/>\n\t<meta property=\"og:image:type\" content=\"image\/jpeg\" \/>\n<meta name=\"twitter:card\" content=\"summary_large_image\" \/>\n<meta name=\"twitter:label1\" content=\"Est. reading time\" \/>\n\t<meta name=\"twitter:data1\" content=\"2 minutos\" \/>\n<script type=\"application\/ld+json\" class=\"yoast-schema-graph\">{\"@context\":\"https:\/\/schema.org\",\"@graph\":[{\"@type\":\"WebPage\",\"@id\":\"https:\/\/graziamagazine.com\/es\/articles\/mo-x-oliva-la-nueva-coleccion-capsula-de-multiopticas\/\",\"url\":\"https:\/\/graziamagazine.com\/es\/articles\/mo-x-oliva-la-nueva-coleccion-capsula-de-multiopticas\/\",\"name\":\"M\u00d3 x OLIVA, la nueva colecci\u00f3n c\u00e1psula de Multi\u00f3pticas | Grazia\",\"isPartOf\":{\"@id\":\"https:\/\/graziamagazine.com\/es\/#website\"},\"datePublished\":\"2020-11-04T13:48:42+00:00\",\"dateModified\":\"2020-11-04T13:48:42+00:00\",\"description\":\"En su apuesta por la moda y el dise\u00f1o 100% espa\u00f1ol, m\u00f3 vuelve a colaborar con el dise\u00f1ador Juanjo Oliva para crear su nueva y exclusiva colecci\u00f3n c\u00e1psula de gafas de sol y de graduado.\",\"breadcrumb\":{\"@id\":\"https:\/\/graziamagazine.com\/es\/articles\/mo-x-oliva-la-nueva-coleccion-capsula-de-multiopticas\/#breadcrumb\"},\"inLanguage\":\"es\",\"potentialAction\":[{\"@type\":\"ReadAction\",\"target\":[\"https:\/\/graziamagazine.com\/es\/articles\/mo-x-oliva-la-nueva-coleccion-capsula-de-multiopticas\/\"]}]},{\"@type\":\"BreadcrumbList\",\"@id\":\"https:\/\/graziamagazine.com\/es\/articles\/mo-x-oliva-la-nueva-coleccion-capsula-de-multiopticas\/#breadcrumb\",\"itemListElement\":[{\"@type\":\"ListItem\",\"position\":1,\"name\":\"Portada\",\"item\":\"https:\/\/graziamagazine.com\/es\/\"},{\"@type\":\"ListItem\",\"position\":2,\"name\":\"M\u00d3 x OLIVA, la nueva colecci\u00f3n c\u00e1psula de Multi\u00f3pticas\"}]},{\"@type\":\"WebSite\",\"@id\":\"https:\/\/graziamagazine.com\/es\/#website\",\"url\":\"https:\/\/graziamagazine.com\/es\/\",\"name\":\"Grazia\",\"description\":\"Moda, belleza, celebrities, estilo de vida...\",\"potentialAction\":[{\"@type\":\"SearchAction\",\"target\":{\"@type\":\"EntryPoint\",\"urlTemplate\":\"https:\/\/graziamagazine.com\/es\/?s={search_term_string}\"},\"query-input\":\"required name=search_term_string\"}],\"inLanguage\":\"es\"}]}<\/script>\n<!-- \/ Yoast SEO Premium plugin. -->","yoast_head_json":{"title":"M\u00d3 x OLIVA, la nueva colecci\u00f3n c\u00e1psula de Multi\u00f3pticas | Grazia","description":"En su apuesta por la moda y el dise\u00f1o 100% espa\u00f1ol, m\u00f3 vuelve a colaborar con el dise\u00f1ador Juanjo Oliva para crear su nueva y exclusiva colecci\u00f3n c\u00e1psula de gafas de sol y de graduado.","robots":{"index":"index","follow":"follow","max-snippet":"max-snippet:-1","max-image-preview":"max-image-preview:large","max-video-preview":"max-video-preview:-1"},"canonical":"https:\/\/graziamagazine.com\/es\/articles\/mo-x-oliva-la-nueva-coleccion-capsula-de-multiopticas\/","og_locale":"es_ES","og_type":"article","og_title":"M\u00d3 x OLIVA, la nueva colecci\u00f3n c\u00e1psula de Multi\u00f3pticas","og_description":"En su apuesta por la moda y el dise\u00f1o 100% espa\u00f1ol, m\u00f3 vuelve a colaborar con el dise\u00f1ador Juanjo Oliva para crear su nueva y exclusiva colecci\u00f3n c\u00e1psula de gafas de sol y de graduado.","og_url":"https:\/\/graziamagazine.com\/es\/articles\/mo-x-oliva-la-nueva-coleccion-capsula-de-multiopticas\/","og_site_name":"Grazia","og_image":[{"width":1740,"height":1304,"url":"https:\/\/graziamagazine.com\/es\/wp-content\/uploads\/sites\/12\/2020\/11\/MO201103_1.jpg?fit=1740%2C1304","type":"image\/jpeg"}],"twitter_card":"summary_large_image","twitter_misc":{"Est. reading time":"2 minutos"},"schema":{"@context":"https:\/\/schema.org","@graph":[{"@type":"WebPage","@id":"https:\/\/graziamagazine.com\/es\/articles\/mo-x-oliva-la-nueva-coleccion-capsula-de-multiopticas\/","url":"https:\/\/graziamagazine.com\/es\/articles\/mo-x-oliva-la-nueva-coleccion-capsula-de-multiopticas\/","name":"M\u00d3 x OLIVA, la nueva colecci\u00f3n c\u00e1psula de Multi\u00f3pticas | Grazia","isPartOf":{"@id":"https:\/\/graziamagazine.com\/es\/#website"},"datePublished":"2020-11-04T13:48:42+00:00","dateModified":"2020-11-04T13:48:42+00:00","description":"En su apuesta por la moda y el dise\u00f1o 100% espa\u00f1ol, m\u00f3 vuelve a colaborar con el dise\u00f1ador Juanjo Oliva para crear su nueva y exclusiva colecci\u00f3n c\u00e1psula de gafas de sol y de graduado.","breadcrumb":{"@id":"https:\/\/graziamagazine.com\/es\/articles\/mo-x-oliva-la-nueva-coleccion-capsula-de-multiopticas\/#breadcrumb"},"inLanguage":"es","potentialAction":[{"@type":"ReadAction","target":["https:\/\/graziamagazine.com\/es\/articles\/mo-x-oliva-la-nueva-coleccion-capsula-de-multiopticas\/"]}]},{"@type":"BreadcrumbList","@id":"https:\/\/graziamagazine.com\/es\/articles\/mo-x-oliva-la-nueva-coleccion-capsula-de-multiopticas\/#breadcrumb","itemListElement":[{"@type":"ListItem","position":1,"name":"Portada","item":"https:\/\/graziamagazine.com\/es\/"},{"@type":"ListItem","position":2,"name":"M\u00d3 x OLIVA, la nueva colecci\u00f3n c\u00e1psula de Multi\u00f3pticas"}]},{"@type":"WebSite","@id":"https:\/\/graziamagazine.com\/es\/#website","url":"https:\/\/graziamagazine.com\/es\/","name":"Grazia","description":"Moda, belleza, celebrities, estilo de vida...","potentialAction":[{"@type":"SearchAction","target":{"@type":"EntryPoint","urlTemplate":"https:\/\/graziamagazine.com\/es\/?s={search_term_string}"},"query-input":"required name=search_term_string"}],"inLanguage":"es"}]}},"jetpack_sharing_enabled":true,"distributor_meta":false,"distributor_terms":false,"distributor_media":false,"distributor_original_site_name":"Grazia","distributor_original_site_url":"https:\/\/graziamagazine.com\/es","push-errors":false,"_links":{"self":[{"href":"https:\/\/graziamagazine.com\/es\/wp-json\/wp\/v2\/articles\/156408"}],"collection":[{"href":"https:\/\/graziamagazine.com\/es\/wp-json\/wp\/v2\/articles"}],"about":[{"href":"https:\/\/graziamagazine.com\/es\/wp-json\/wp\/v2\/types\/articles"}],"author":[{"embeddable":true,"href":"https:\/\/graziamagazine.com\/es\/wp-json\/wp\/v2\/users\/11653"}],"wp:featuredmedia":[{"embeddable":true,"href":"https:\/\/graziamagazine.com\/es\/wp-json\/wp\/v2\/media\/156411"}],"wp:attachment":[{"href":"https:\/\/graziamagazine.com\/es\/wp-json\/wp\/v2\/media?parent=156408"}],"wp:term":[{"taxonomy":"category","embeddable":true,"href":"https:\/\/graziamagazine.com\/es\/wp-json\/wp\/v2\/categories?post=156408"}],"curies":[{"name":"wp","href":"https:\/\/api.w.org\/{rel}","templated":true}]}}