{"id":156337,"date":"2020-10-29T08:11:33","date_gmt":"2020-10-29T07:11:33","guid":{"rendered":"https:\/\/graziamagazine.com\/es\/?post_type=articles&#038;p=156337"},"modified":"2020-10-29T15:25:01","modified_gmt":"2020-10-29T14:25:01","slug":"flying-tiger-lanza-una-coleccion-especial-de-mascarillas-para-halloween","status":"publish","type":"articles","link":"https:\/\/graziamagazine.com\/es\/articles\/flying-tiger-lanza-una-coleccion-especial-de-mascarillas-para-halloween\/","title":{"rendered":"Flying Tiger lanza una colecci\u00f3n limitada de mascarillas para Halloween"},"content":{"rendered":"<p>Se acerca la noche m\u00e1s terror\u00edfica del a\u00f1o, y para continuar con las medidas de seguridad que todos tenemos que mantener en estos tiempos de pandemia, en Flying Tiger han encontrado la soluci\u00f3n perfecta: una colecci\u00f3n especial de mascarillas para cuidarnos y cuidar a los dem\u00e1s.<\/p>\n<p>La colecci\u00f3n, fabricada en Espa\u00f1a, incluye varios dise\u00f1os especiales para este d\u00eda, para que complementen tu disfraz si te vas a atrever: fantasmas, catrinas, murci\u00e9lagos, calabazas, sangre&#8230; Adem\u00e1s, son ergon\u00f3micas, hidr\u00f3fugas, lavables y reutilizables con certificado UNE 0065:2020, tratamiento antibacteriano y 2 capas, entre cosas.<\/p>\n<p><img loading=\"lazy\" decoding=\"async\" class=\"aligncenter size-full wp-image-156339\" src=\"https:\/\/graziamagazine.com\/es\/wp-content\/uploads\/sites\/12\/2020\/10\/6.-Sangre.jpg\" alt=\"Flying Tiger lanza una colecci\u00f3n limitada de mascarillas para Halloween\" width=\"1024\" height=\"717\" \/><\/p>\n<p>Para los m\u00e1s peque\u00f1os de la casa, son un regalo ideal para ir al colegio y cuentan con una etiqueta para que los peques escriban su nombre. El precio de la versi\u00f3n de adulto (M y L) es de 8 euros y la de ni\u00f1o (S) de 7 euros.<\/p>\n<p><img loading=\"lazy\" decoding=\"async\" class=\"aligncenter size-full wp-image-156340\" src=\"https:\/\/graziamagazine.com\/es\/wp-content\/uploads\/sites\/12\/2020\/10\/3.-Mascarilla.jpg\" alt=\"Flying Tiger lanza una colecci\u00f3n limitada de mascarillas para Halloween\" width=\"1024\" height=\"717\" \/><\/p>\n<p>Recuerda: siempre usa mascarilla, por ti y por todos.<\/p>\n<p><em>*Im\u00e1genes: Cortes\u00eda\u00a0<\/em><\/p>\n","protected":false},"author":11653,"featured_media":156338,"template":"","format":"standard","categories":[1],"acf":[],"yoast_head":"<!-- This site is optimized with the Yoast SEO Premium plugin v18.5 (Yoast SEO v20.4) - https:\/\/yoast.com\/wordpress\/plugins\/seo\/ -->\n<title>Flying Tiger lanza una colecci\u00f3n limitada de mascarillas para Halloween | Grazia<\/title>\n<meta name=\"description\" content=\"Este a\u00f1o m\u00e1s que nunca vamos a vivir un Halloween diferente y las mascarillas se convierten en un complemento terror\u00edfico.\" \/>\n<meta name=\"robots\" content=\"index, follow, max-snippet:-1, max-image-preview:large, max-video-preview:-1\" \/>\n<link rel=\"canonical\" href=\"https:\/\/graziamagazine.com\/es\/articles\/flying-tiger-lanza-una-coleccion-especial-de-mascarillas-para-halloween\/\" \/>\n<meta property=\"og:locale\" content=\"es_ES\" \/>\n<meta property=\"og:type\" content=\"article\" \/>\n<meta property=\"og:title\" content=\"Flying Tiger lanza una colecci\u00f3n limitada de mascarillas para Halloween\" \/>\n<meta property=\"og:description\" content=\"Este a\u00f1o m\u00e1s que nunca vamos a vivir un Halloween diferente y las mascarillas se convierten en un complemento terror\u00edfico.\" \/>\n<meta property=\"og:url\" content=\"https:\/\/graziamagazine.com\/es\/articles\/flying-tiger-lanza-una-coleccion-especial-de-mascarillas-para-halloween\/\" \/>\n<meta property=\"og:site_name\" content=\"Grazia\" \/>\n<meta property=\"article:modified_time\" content=\"2020-10-29T14:25:01+00:00\" \/>\n<meta property=\"og:image\" content=\"https:\/\/graziamagazine.com\/es\/wp-content\/uploads\/sites\/12\/2020\/10\/9.-Catrina.jpg?fit=1920%2C1344\" \/>\n\t<meta property=\"og:image:width\" content=\"1920\" \/>\n\t<meta property=\"og:image:height\" content=\"1344\" \/>\n\t<meta property=\"og:image:type\" content=\"image\/jpeg\" \/>\n<meta name=\"twitter:card\" content=\"summary_large_image\" \/>\n<meta name=\"twitter:label1\" content=\"Est. reading time\" \/>\n\t<meta name=\"twitter:data1\" content=\"1 minuto\" \/>\n<script type=\"application\/ld+json\" class=\"yoast-schema-graph\">{\"@context\":\"https:\/\/schema.org\",\"@graph\":[{\"@type\":\"WebPage\",\"@id\":\"https:\/\/graziamagazine.com\/es\/articles\/flying-tiger-lanza-una-coleccion-especial-de-mascarillas-para-halloween\/\",\"url\":\"https:\/\/graziamagazine.com\/es\/articles\/flying-tiger-lanza-una-coleccion-especial-de-mascarillas-para-halloween\/\",\"name\":\"Flying Tiger lanza una colecci\u00f3n limitada de mascarillas para Halloween | Grazia\",\"isPartOf\":{\"@id\":\"https:\/\/graziamagazine.com\/es\/#website\"},\"datePublished\":\"2020-10-29T07:11:33+00:00\",\"dateModified\":\"2020-10-29T14:25:01+00:00\",\"description\":\"Este a\u00f1o m\u00e1s que nunca vamos a vivir un Halloween diferente y las mascarillas se convierten en un complemento terror\u00edfico.\",\"breadcrumb\":{\"@id\":\"https:\/\/graziamagazine.com\/es\/articles\/flying-tiger-lanza-una-coleccion-especial-de-mascarillas-para-halloween\/#breadcrumb\"},\"inLanguage\":\"es\",\"potentialAction\":[{\"@type\":\"ReadAction\",\"target\":[\"https:\/\/graziamagazine.com\/es\/articles\/flying-tiger-lanza-una-coleccion-especial-de-mascarillas-para-halloween\/\"]}]},{\"@type\":\"BreadcrumbList\",\"@id\":\"https:\/\/graziamagazine.com\/es\/articles\/flying-tiger-lanza-una-coleccion-especial-de-mascarillas-para-halloween\/#breadcrumb\",\"itemListElement\":[{\"@type\":\"ListItem\",\"position\":1,\"name\":\"Portada\",\"item\":\"https:\/\/graziamagazine.com\/es\/\"},{\"@type\":\"ListItem\",\"position\":2,\"name\":\"Flying Tiger lanza una colecci\u00f3n limitada de mascarillas para Halloween\"}]},{\"@type\":\"WebSite\",\"@id\":\"https:\/\/graziamagazine.com\/es\/#website\",\"url\":\"https:\/\/graziamagazine.com\/es\/\",\"name\":\"Grazia\",\"description\":\"Moda, belleza, celebrities, estilo de vida...\",\"potentialAction\":[{\"@type\":\"SearchAction\",\"target\":{\"@type\":\"EntryPoint\",\"urlTemplate\":\"https:\/\/graziamagazine.com\/es\/?s={search_term_string}\"},\"query-input\":\"required name=search_term_string\"}],\"inLanguage\":\"es\"}]}<\/script>\n<!-- \/ Yoast SEO Premium plugin. -->","yoast_head_json":{"title":"Flying Tiger lanza una colecci\u00f3n limitada de mascarillas para Halloween | Grazia","description":"Este a\u00f1o m\u00e1s que nunca vamos a vivir un Halloween diferente y las mascarillas se convierten en un complemento terror\u00edfico.","robots":{"index":"index","follow":"follow","max-snippet":"max-snippet:-1","max-image-preview":"max-image-preview:large","max-video-preview":"max-video-preview:-1"},"canonical":"https:\/\/graziamagazine.com\/es\/articles\/flying-tiger-lanza-una-coleccion-especial-de-mascarillas-para-halloween\/","og_locale":"es_ES","og_type":"article","og_title":"Flying Tiger lanza una colecci\u00f3n limitada de mascarillas para Halloween","og_description":"Este a\u00f1o m\u00e1s que nunca vamos a vivir un Halloween diferente y las mascarillas se convierten en un complemento terror\u00edfico.","og_url":"https:\/\/graziamagazine.com\/es\/articles\/flying-tiger-lanza-una-coleccion-especial-de-mascarillas-para-halloween\/","og_site_name":"Grazia","article_modified_time":"2020-10-29T14:25:01+00:00","og_image":[{"width":1920,"height":1344,"url":"https:\/\/graziamagazine.com\/es\/wp-content\/uploads\/sites\/12\/2020\/10\/9.-Catrina.jpg?fit=1920%2C1344","type":"image\/jpeg"}],"twitter_card":"summary_large_image","twitter_misc":{"Est. reading time":"1 minuto"},"schema":{"@context":"https:\/\/schema.org","@graph":[{"@type":"WebPage","@id":"https:\/\/graziamagazine.com\/es\/articles\/flying-tiger-lanza-una-coleccion-especial-de-mascarillas-para-halloween\/","url":"https:\/\/graziamagazine.com\/es\/articles\/flying-tiger-lanza-una-coleccion-especial-de-mascarillas-para-halloween\/","name":"Flying Tiger lanza una colecci\u00f3n limitada de mascarillas para Halloween | Grazia","isPartOf":{"@id":"https:\/\/graziamagazine.com\/es\/#website"},"datePublished":"2020-10-29T07:11:33+00:00","dateModified":"2020-10-29T14:25:01+00:00","description":"Este a\u00f1o m\u00e1s que nunca vamos a vivir un Halloween diferente y las mascarillas se convierten en un complemento terror\u00edfico.","breadcrumb":{"@id":"https:\/\/graziamagazine.com\/es\/articles\/flying-tiger-lanza-una-coleccion-especial-de-mascarillas-para-halloween\/#breadcrumb"},"inLanguage":"es","potentialAction":[{"@type":"ReadAction","target":["https:\/\/graziamagazine.com\/es\/articles\/flying-tiger-lanza-una-coleccion-especial-de-mascarillas-para-halloween\/"]}]},{"@type":"BreadcrumbList","@id":"https:\/\/graziamagazine.com\/es\/articles\/flying-tiger-lanza-una-coleccion-especial-de-mascarillas-para-halloween\/#breadcrumb","itemListElement":[{"@type":"ListItem","position":1,"name":"Portada","item":"https:\/\/graziamagazine.com\/es\/"},{"@type":"ListItem","position":2,"name":"Flying Tiger lanza una colecci\u00f3n limitada de mascarillas para Halloween"}]},{"@type":"WebSite","@id":"https:\/\/graziamagazine.com\/es\/#website","url":"https:\/\/graziamagazine.com\/es\/","name":"Grazia","description":"Moda, belleza, celebrities, estilo de vida...","potentialAction":[{"@type":"SearchAction","target":{"@type":"EntryPoint","urlTemplate":"https:\/\/graziamagazine.com\/es\/?s={search_term_string}"},"query-input":"required name=search_term_string"}],"inLanguage":"es"}]}},"jetpack_sharing_enabled":true,"distributor_meta":false,"distributor_terms":false,"distributor_media":false,"distributor_original_site_name":"Grazia","distributor_original_site_url":"https:\/\/graziamagazine.com\/es","push-errors":false,"_links":{"self":[{"href":"https:\/\/graziamagazine.com\/es\/wp-json\/wp\/v2\/articles\/156337"}],"collection":[{"href":"https:\/\/graziamagazine.com\/es\/wp-json\/wp\/v2\/articles"}],"about":[{"href":"https:\/\/graziamagazine.com\/es\/wp-json\/wp\/v2\/types\/articles"}],"author":[{"embeddable":true,"href":"https:\/\/graziamagazine.com\/es\/wp-json\/wp\/v2\/users\/11653"}],"wp:featuredmedia":[{"embeddable":true,"href":"https:\/\/graziamagazine.com\/es\/wp-json\/wp\/v2\/media\/156338"}],"wp:attachment":[{"href":"https:\/\/graziamagazine.com\/es\/wp-json\/wp\/v2\/media?parent=156337"}],"wp:term":[{"taxonomy":"category","embeddable":true,"href":"https:\/\/graziamagazine.com\/es\/wp-json\/wp\/v2\/categories?post=156337"}],"curies":[{"name":"wp","href":"https:\/\/api.w.org\/{rel}","templated":true}]}}