{"id":156326,"date":"2020-10-29T18:09:19","date_gmt":"2020-10-29T17:09:19","guid":{"rendered":"https:\/\/graziamagazine.com\/es\/?post_type=articles&#038;p=156326"},"modified":"2020-10-29T18:09:19","modified_gmt":"2020-10-29T17:09:19","slug":"que-pasa-si-no-lavas-tus-brochas-de-maquillaje","status":"publish","type":"articles","link":"https:\/\/graziamagazine.com\/es\/articles\/que-pasa-si-no-lavas-tus-brochas-de-maquillaje\/","title":{"rendered":"\u00bfQu\u00e9 pasa si no lavas tus brochas de maquillaje?"},"content":{"rendered":"<p>\u00bfSab\u00edas que los brotes de acn\u00e9, o puntos negros podr\u00edan ser causados por no tener una correcta limpieza de tus brochas? Si tu respuesta es que no, espera a leer lo que te contaremos.<\/p>\n<p>Sabemos que seguramente si estas leyendo esto eres una amante de la belleza y si es as\u00ed te queremos contar que <strong>el cuidado de tu piel incluye lavar tus brochas despu\u00e9s de maquillarte, de lo contrario podr\u00eda perjudicar la salud de tu piel<\/strong>. Las brochas de maquillaje almacenan polvo, bacterias y suciedad, lo que se traduce en que si no se limpian al menos dos veces por semana, llevarlas al rostro causara que tus poros se tapen, salgan los famosos puntos negros debido a la suciedad que se deposita en el rostro, as\u00ed como acn\u00e9 e irritabilidad de tu piel. Y si de tus ojos hablamos, puede causar conjuntivitis. Es por eso que te recomendamos tener un lavado adecuado de ellas y no arriesgar la salud de tu piel, a continuaci\u00f3n te contamos c\u00f3mo:<\/p>\n<h3>Paso 1<\/h3>\n<p><strong>L\u00e1valas<\/strong> <strong>a mano con un jab\u00f3n de PH neutro<\/strong>, nunca con jab\u00f3n de trastes pues este puede da\u00f1arlas,<\/p>\n<h3>Paso 2<\/h3>\n<p>No dejes que el agua traspase dentro del mango de la brocha, ya que esto puede mezclarse con el pegamento y no es lo que buscamos.<\/p>\n<h3>Paso 3<\/h3>\n<p>Toma cada una de tus brochas a la vez que vas realizando movimientos circulares ya sea en una plantilla especial para lavado de brochas o si se te complica en tu propia mano, la clave es ir sacando poco a poco la suciedad.<\/p>\n<h3>Paso 4<\/h3>\n<p>Cuando hayas terminado de lavar una a una retira el exceso de humedad cuidadosamente con una toalla y te aconsejamos dejarlas secar al aire libre. Por lo regular su proceso de secado tarda de uno a cuatro d\u00edas depende el tipo de pelo de la brocha y cuan gruesa sea.<\/p>\n<p>Realizar este proceso <strong>dos veces por semana <\/strong>har\u00e1 que el aspecto de tu piel mejore y te olvides de los puntos negros y acn\u00e9, \u00bfTe unes a hacerlo?<\/p>\n<p><em>*Imagen: Getty Images<\/em><\/p>\n<p>&nbsp;<\/p>\n<p>&nbsp;<\/p>\n","protected":false},"author":16349,"featured_media":156327,"template":"","format":"standard","categories":[3054],"acf":[],"yoast_head":"<!-- This site is optimized with the Yoast SEO Premium plugin v18.5 (Yoast SEO v20.4) - https:\/\/yoast.com\/wordpress\/plugins\/seo\/ -->\n<title>\u00bfQu\u00e9 pasa si no lavas tus brochas de maquillaje? | Grazia<\/title>\n<meta name=\"description\" content=\"La pregunta del mill\u00f3n es \u00bfQu\u00e9 pasa sino lavo mis brochas de maquillaje? Y queremos contarte todos los detalles por los cuales debes de hacerlo:\" \/>\n<meta name=\"robots\" content=\"index, follow, max-snippet:-1, max-image-preview:large, max-video-preview:-1\" \/>\n<link rel=\"canonical\" href=\"https:\/\/graziamagazine.com\/es\/articles\/que-pasa-si-no-lavas-tus-brochas-de-maquillaje\/\" \/>\n<meta property=\"og:locale\" content=\"es_ES\" \/>\n<meta property=\"og:type\" content=\"article\" \/>\n<meta property=\"og:title\" content=\"\u00bfQu\u00e9 pasa si no lavas tus brochas de maquillaje?\" \/>\n<meta property=\"og:description\" content=\"La pregunta del mill\u00f3n es \u00bfQu\u00e9 pasa sino lavo mis brochas de maquillaje? Y queremos contarte todos los detalles por los cuales debes de hacerlo:\" \/>\n<meta property=\"og:url\" content=\"https:\/\/graziamagazine.com\/es\/articles\/que-pasa-si-no-lavas-tus-brochas-de-maquillaje\/\" \/>\n<meta property=\"og:site_name\" content=\"Grazia\" \/>\n<meta property=\"og:image\" content=\"https:\/\/graziamagazine.com\/es\/wp-content\/uploads\/sites\/12\/2020\/10\/brochas-limpieza-3.jpg?fit=1920%2C1080\" \/>\n\t<meta property=\"og:image:width\" content=\"1920\" \/>\n\t<meta property=\"og:image:height\" content=\"1080\" \/>\n\t<meta property=\"og:image:type\" content=\"image\/jpeg\" \/>\n<meta name=\"twitter:card\" content=\"summary_large_image\" \/>\n<meta name=\"twitter:label1\" content=\"Est. reading time\" \/>\n\t<meta name=\"twitter:data1\" content=\"2 minutos\" \/>\n<script type=\"application\/ld+json\" class=\"yoast-schema-graph\">{\"@context\":\"https:\/\/schema.org\",\"@graph\":[{\"@type\":\"WebPage\",\"@id\":\"https:\/\/graziamagazine.com\/es\/articles\/que-pasa-si-no-lavas-tus-brochas-de-maquillaje\/\",\"url\":\"https:\/\/graziamagazine.com\/es\/articles\/que-pasa-si-no-lavas-tus-brochas-de-maquillaje\/\",\"name\":\"\u00bfQu\u00e9 pasa si no lavas tus brochas de maquillaje? | Grazia\",\"isPartOf\":{\"@id\":\"https:\/\/graziamagazine.com\/es\/#website\"},\"datePublished\":\"2020-10-29T17:09:19+00:00\",\"dateModified\":\"2020-10-29T17:09:19+00:00\",\"description\":\"La pregunta del mill\u00f3n es \u00bfQu\u00e9 pasa sino lavo mis brochas de maquillaje? Y queremos contarte todos los detalles por los cuales debes de hacerlo:\",\"breadcrumb\":{\"@id\":\"https:\/\/graziamagazine.com\/es\/articles\/que-pasa-si-no-lavas-tus-brochas-de-maquillaje\/#breadcrumb\"},\"inLanguage\":\"es\",\"potentialAction\":[{\"@type\":\"ReadAction\",\"target\":[\"https:\/\/graziamagazine.com\/es\/articles\/que-pasa-si-no-lavas-tus-brochas-de-maquillaje\/\"]}]},{\"@type\":\"BreadcrumbList\",\"@id\":\"https:\/\/graziamagazine.com\/es\/articles\/que-pasa-si-no-lavas-tus-brochas-de-maquillaje\/#breadcrumb\",\"itemListElement\":[{\"@type\":\"ListItem\",\"position\":1,\"name\":\"Portada\",\"item\":\"https:\/\/graziamagazine.com\/es\/\"},{\"@type\":\"ListItem\",\"position\":2,\"name\":\"\u00bfQu\u00e9 pasa si no lavas tus brochas de maquillaje?\"}]},{\"@type\":\"WebSite\",\"@id\":\"https:\/\/graziamagazine.com\/es\/#website\",\"url\":\"https:\/\/graziamagazine.com\/es\/\",\"name\":\"Grazia\",\"description\":\"Moda, belleza, celebrities, estilo de vida...\",\"potentialAction\":[{\"@type\":\"SearchAction\",\"target\":{\"@type\":\"EntryPoint\",\"urlTemplate\":\"https:\/\/graziamagazine.com\/es\/?s={search_term_string}\"},\"query-input\":\"required name=search_term_string\"}],\"inLanguage\":\"es\"}]}<\/script>\n<!-- \/ Yoast SEO Premium plugin. -->","yoast_head_json":{"title":"\u00bfQu\u00e9 pasa si no lavas tus brochas de maquillaje? | Grazia","description":"La pregunta del mill\u00f3n es \u00bfQu\u00e9 pasa sino lavo mis brochas de maquillaje? Y queremos contarte todos los detalles por los cuales debes de hacerlo:","robots":{"index":"index","follow":"follow","max-snippet":"max-snippet:-1","max-image-preview":"max-image-preview:large","max-video-preview":"max-video-preview:-1"},"canonical":"https:\/\/graziamagazine.com\/es\/articles\/que-pasa-si-no-lavas-tus-brochas-de-maquillaje\/","og_locale":"es_ES","og_type":"article","og_title":"\u00bfQu\u00e9 pasa si no lavas tus brochas de maquillaje?","og_description":"La pregunta del mill\u00f3n es \u00bfQu\u00e9 pasa sino lavo mis brochas de maquillaje? Y queremos contarte todos los detalles por los cuales debes de hacerlo:","og_url":"https:\/\/graziamagazine.com\/es\/articles\/que-pasa-si-no-lavas-tus-brochas-de-maquillaje\/","og_site_name":"Grazia","og_image":[{"width":1920,"height":1080,"url":"https:\/\/graziamagazine.com\/es\/wp-content\/uploads\/sites\/12\/2020\/10\/brochas-limpieza-3.jpg?fit=1920%2C1080","type":"image\/jpeg"}],"twitter_card":"summary_large_image","twitter_misc":{"Est. reading time":"2 minutos"},"schema":{"@context":"https:\/\/schema.org","@graph":[{"@type":"WebPage","@id":"https:\/\/graziamagazine.com\/es\/articles\/que-pasa-si-no-lavas-tus-brochas-de-maquillaje\/","url":"https:\/\/graziamagazine.com\/es\/articles\/que-pasa-si-no-lavas-tus-brochas-de-maquillaje\/","name":"\u00bfQu\u00e9 pasa si no lavas tus brochas de maquillaje? | Grazia","isPartOf":{"@id":"https:\/\/graziamagazine.com\/es\/#website"},"datePublished":"2020-10-29T17:09:19+00:00","dateModified":"2020-10-29T17:09:19+00:00","description":"La pregunta del mill\u00f3n es \u00bfQu\u00e9 pasa sino lavo mis brochas de maquillaje? Y queremos contarte todos los detalles por los cuales debes de hacerlo:","breadcrumb":{"@id":"https:\/\/graziamagazine.com\/es\/articles\/que-pasa-si-no-lavas-tus-brochas-de-maquillaje\/#breadcrumb"},"inLanguage":"es","potentialAction":[{"@type":"ReadAction","target":["https:\/\/graziamagazine.com\/es\/articles\/que-pasa-si-no-lavas-tus-brochas-de-maquillaje\/"]}]},{"@type":"BreadcrumbList","@id":"https:\/\/graziamagazine.com\/es\/articles\/que-pasa-si-no-lavas-tus-brochas-de-maquillaje\/#breadcrumb","itemListElement":[{"@type":"ListItem","position":1,"name":"Portada","item":"https:\/\/graziamagazine.com\/es\/"},{"@type":"ListItem","position":2,"name":"\u00bfQu\u00e9 pasa si no lavas tus brochas de maquillaje?"}]},{"@type":"WebSite","@id":"https:\/\/graziamagazine.com\/es\/#website","url":"https:\/\/graziamagazine.com\/es\/","name":"Grazia","description":"Moda, belleza, celebrities, estilo de vida...","potentialAction":[{"@type":"SearchAction","target":{"@type":"EntryPoint","urlTemplate":"https:\/\/graziamagazine.com\/es\/?s={search_term_string}"},"query-input":"required name=search_term_string"}],"inLanguage":"es"}]}},"jetpack_sharing_enabled":true,"distributor_meta":false,"distributor_terms":false,"distributor_media":false,"distributor_original_site_name":"Grazia","distributor_original_site_url":"https:\/\/graziamagazine.com\/es","push-errors":false,"_links":{"self":[{"href":"https:\/\/graziamagazine.com\/es\/wp-json\/wp\/v2\/articles\/156326"}],"collection":[{"href":"https:\/\/graziamagazine.com\/es\/wp-json\/wp\/v2\/articles"}],"about":[{"href":"https:\/\/graziamagazine.com\/es\/wp-json\/wp\/v2\/types\/articles"}],"author":[{"embeddable":true,"href":"https:\/\/graziamagazine.com\/es\/wp-json\/wp\/v2\/users\/16349"}],"wp:featuredmedia":[{"embeddable":true,"href":"https:\/\/graziamagazine.com\/es\/wp-json\/wp\/v2\/media\/156327"}],"wp:attachment":[{"href":"https:\/\/graziamagazine.com\/es\/wp-json\/wp\/v2\/media?parent=156326"}],"wp:term":[{"taxonomy":"category","embeddable":true,"href":"https:\/\/graziamagazine.com\/es\/wp-json\/wp\/v2\/categories?post=156326"}],"curies":[{"name":"wp","href":"https:\/\/api.w.org\/{rel}","templated":true}]}}