{"id":156266,"date":"2020-10-27T09:01:41","date_gmt":"2020-10-27T08:01:41","guid":{"rendered":"https:\/\/graziamagazine.com\/es\/?post_type=articles&#038;p=156266"},"modified":"2020-10-27T09:01:41","modified_gmt":"2020-10-27T08:01:41","slug":"raya-and-the-last-dragon-asi-es-la-nueva-pelicula-animada-de-disney","status":"publish","type":"articles","link":"https:\/\/graziamagazine.com\/es\/articles\/raya-and-the-last-dragon-asi-es-la-nueva-pelicula-animada-de-disney\/","title":{"rendered":"\u2018Raya and the Last Dragon\u2019, as\u00ed es la nueva pel\u00edcula animada de Disney"},"content":{"rendered":"<p class=\"p4\"><span class=\"s1\">Disney siempre se ha caracterizado por sus grandiosas historias m\u00e1gicas y de fantas\u00eda y con<strong> \u2018<em>Raya and the Last Dragon\u2019<\/em> no ha perdido su toque al regalarnos con este historia un viaje a la antigua Asia, llena de leyendas, aventuras y dragones<\/strong>. <\/span><span class=\"s1\">El <i>film<\/i> habla sobre Raya, una guerrera que se avienta a una aventura para salvar al reino de de Kumandra de los temidos Druun (criatura mitol\u00f3gica), todo con la ayuda del \u00faltimo drag\u00f3n de la tierra, y que se va a convertir en la nueva princesa favorita Disney. <\/span><\/p>\n<p class=\"p4\"><span class=\"s1\">Por si fuera poco, solo el hecho de que Disney est\u00e1 detr\u00e1s ya es una gran noticia, pero hay otra m\u00e1s, y es que el<\/span><span class=\"s1\">\u00a0mexicano <strong>Carlos L\u00f3pez Estrada, hijo de la productora Carla Estrada es el encargado de la direcci\u00f3n<\/strong>, junto con y Don Hall (director de Moana y Grandes h\u00e9roes), con lo cual estamos mas que ansioso de ver el resultado de una gran historia con los ojos de estos grandes directores.<\/span><\/p>\n<p class=\"p4\"><span class=\"s1\">El proyecto se confirm\u00f3 y anunci\u00f3 oficialmente en la Expo D-23 de Disney, donde se revelaron im\u00e1genes exclusivas y el reparto de voces que tiene personalidades como Awkwafina y Kelly Marie Tran.\u00a0\u00a0<\/span><span class=\"s1\">La pel\u00edcula ten\u00eda como fecha de estreno fijada el\u00a027 de noviembre de 2020, pero por las restricciones provocadas por la pandemia mundial, <strong>Disney ha decidido retrasar la pel\u00edcula hasta el\u00a012 de marzo de 2021<\/strong>. Sin embargo ya tenemos el primer vistazo a la incre\u00edble historia de Raya.<\/span><\/p>\n<p>Aqu\u00ed te dejamos le tr\u00e1iler para que vayas calentando motores.<\/p>\n<p><iframe loading=\"lazy\" title=\"Raya and the Last Dragon | Official Teaser Trailer\" width=\"500\" height=\"281\" src=\"https:\/\/www.youtube.com\/embed\/9BPMTr-NS9s?feature=oembed\" frameborder=\"0\" allow=\"accelerometer; autoplay; clipboard-write; encrypted-media; gyroscope; picture-in-picture\" allowfullscreen><\/iframe><\/p>\n<p class=\"p4\"><span class=\"s1\">\u00bfQu\u00e9 opinas sobre esta nueva historia llena de fantas\u00eda y empoderamiento? Nosotros estamos m\u00e1s que listos para ver esta guerrera luchar contra todos.<\/span><\/p>\n<p><em>*Imagen: Cortes\u00eda Disney<\/em><\/p>\n","protected":false},"author":11653,"featured_media":156268,"template":"","format":"standard","categories":[2971,2797,21],"acf":{"banner":null},"yoast_head":"<!-- This site is optimized with the Yoast SEO Premium plugin v18.5 (Yoast SEO v20.4) - https:\/\/yoast.com\/wordpress\/plugins\/seo\/ -->\n<title>\u2018Raya and the Last Dragon\u2019, as\u00ed es la nueva pel\u00edcula animada de Disney | Grazia<\/title>\n<meta name=\"description\" content=\"Disney siempre se ha caracterizado por sus grandiosas historias m\u00e1gicas y de fantas\u00eda y con \u2018Raya and the Last Dragon\u2019 no ha perdido su toque al\" \/>\n<meta name=\"robots\" content=\"index, follow, max-snippet:-1, max-image-preview:large, max-video-preview:-1\" \/>\n<link rel=\"canonical\" href=\"https:\/\/graziamagazine.com\/es\/articles\/raya-and-the-last-dragon-asi-es-la-nueva-pelicula-animada-de-disney\/\" \/>\n<meta property=\"og:locale\" content=\"es_ES\" \/>\n<meta property=\"og:type\" content=\"article\" \/>\n<meta property=\"og:title\" content=\"\u2018Raya and the Last Dragon\u2019, as\u00ed es la nueva pel\u00edcula animada de Disney\" \/>\n<meta property=\"og:description\" content=\"Disney siempre se ha caracterizado por sus grandiosas historias m\u00e1gicas y de fantas\u00eda y con \u2018Raya and the Last Dragon\u2019 no ha perdido su toque al\" \/>\n<meta property=\"og:url\" content=\"https:\/\/graziamagazine.com\/es\/articles\/raya-and-the-last-dragon-asi-es-la-nueva-pelicula-animada-de-disney\/\" \/>\n<meta property=\"og:site_name\" content=\"Grazia\" \/>\n<meta property=\"og:image\" content=\"https:\/\/graziamagazine.com\/es\/wp-content\/uploads\/sites\/12\/2020\/10\/1603249029-20201021-Raya-and-the-Last-Dragon-poster.jpeg?fit=1124%2C632\" \/>\n\t<meta property=\"og:image:width\" content=\"1124\" \/>\n\t<meta property=\"og:image:height\" content=\"632\" \/>\n\t<meta property=\"og:image:type\" content=\"image\/jpeg\" \/>\n<meta name=\"twitter:card\" content=\"summary_large_image\" \/>\n<meta name=\"twitter:label1\" content=\"Est. reading time\" \/>\n\t<meta name=\"twitter:data1\" content=\"2 minutos\" \/>\n<script type=\"application\/ld+json\" class=\"yoast-schema-graph\">{\"@context\":\"https:\/\/schema.org\",\"@graph\":[{\"@type\":\"WebPage\",\"@id\":\"https:\/\/graziamagazine.com\/es\/articles\/raya-and-the-last-dragon-asi-es-la-nueva-pelicula-animada-de-disney\/\",\"url\":\"https:\/\/graziamagazine.com\/es\/articles\/raya-and-the-last-dragon-asi-es-la-nueva-pelicula-animada-de-disney\/\",\"name\":\"\u2018Raya and the Last Dragon\u2019, as\u00ed es la nueva pel\u00edcula animada de Disney | Grazia\",\"isPartOf\":{\"@id\":\"https:\/\/graziamagazine.com\/es\/#website\"},\"datePublished\":\"2020-10-27T08:01:41+00:00\",\"dateModified\":\"2020-10-27T08:01:41+00:00\",\"description\":\"Disney siempre se ha caracterizado por sus grandiosas historias m\u00e1gicas y de fantas\u00eda y con \u2018Raya and the Last Dragon\u2019 no ha perdido su toque al\",\"breadcrumb\":{\"@id\":\"https:\/\/graziamagazine.com\/es\/articles\/raya-and-the-last-dragon-asi-es-la-nueva-pelicula-animada-de-disney\/#breadcrumb\"},\"inLanguage\":\"es\",\"potentialAction\":[{\"@type\":\"ReadAction\",\"target\":[\"https:\/\/graziamagazine.com\/es\/articles\/raya-and-the-last-dragon-asi-es-la-nueva-pelicula-animada-de-disney\/\"]}]},{\"@type\":\"BreadcrumbList\",\"@id\":\"https:\/\/graziamagazine.com\/es\/articles\/raya-and-the-last-dragon-asi-es-la-nueva-pelicula-animada-de-disney\/#breadcrumb\",\"itemListElement\":[{\"@type\":\"ListItem\",\"position\":1,\"name\":\"Portada\",\"item\":\"https:\/\/graziamagazine.com\/es\/\"},{\"@type\":\"ListItem\",\"position\":2,\"name\":\"\u2018Raya and the Last Dragon\u2019, as\u00ed es la nueva pel\u00edcula animada de Disney\"}]},{\"@type\":\"WebSite\",\"@id\":\"https:\/\/graziamagazine.com\/es\/#website\",\"url\":\"https:\/\/graziamagazine.com\/es\/\",\"name\":\"Grazia\",\"description\":\"Moda, belleza, celebrities, estilo de vida...\",\"potentialAction\":[{\"@type\":\"SearchAction\",\"target\":{\"@type\":\"EntryPoint\",\"urlTemplate\":\"https:\/\/graziamagazine.com\/es\/?s={search_term_string}\"},\"query-input\":\"required name=search_term_string\"}],\"inLanguage\":\"es\"}]}<\/script>\n<!-- \/ Yoast SEO Premium plugin. -->","yoast_head_json":{"title":"\u2018Raya and the Last Dragon\u2019, as\u00ed es la nueva pel\u00edcula animada de Disney | Grazia","description":"Disney siempre se ha caracterizado por sus grandiosas historias m\u00e1gicas y de fantas\u00eda y con \u2018Raya and the Last Dragon\u2019 no ha perdido su toque al","robots":{"index":"index","follow":"follow","max-snippet":"max-snippet:-1","max-image-preview":"max-image-preview:large","max-video-preview":"max-video-preview:-1"},"canonical":"https:\/\/graziamagazine.com\/es\/articles\/raya-and-the-last-dragon-asi-es-la-nueva-pelicula-animada-de-disney\/","og_locale":"es_ES","og_type":"article","og_title":"\u2018Raya and the Last Dragon\u2019, as\u00ed es la nueva pel\u00edcula animada de Disney","og_description":"Disney siempre se ha caracterizado por sus grandiosas historias m\u00e1gicas y de fantas\u00eda y con \u2018Raya and the Last Dragon\u2019 no ha perdido su toque al","og_url":"https:\/\/graziamagazine.com\/es\/articles\/raya-and-the-last-dragon-asi-es-la-nueva-pelicula-animada-de-disney\/","og_site_name":"Grazia","og_image":[{"width":1124,"height":632,"url":"https:\/\/graziamagazine.com\/es\/wp-content\/uploads\/sites\/12\/2020\/10\/1603249029-20201021-Raya-and-the-Last-Dragon-poster.jpeg?fit=1124%2C632","type":"image\/jpeg"}],"twitter_card":"summary_large_image","twitter_misc":{"Est. reading time":"2 minutos"},"schema":{"@context":"https:\/\/schema.org","@graph":[{"@type":"WebPage","@id":"https:\/\/graziamagazine.com\/es\/articles\/raya-and-the-last-dragon-asi-es-la-nueva-pelicula-animada-de-disney\/","url":"https:\/\/graziamagazine.com\/es\/articles\/raya-and-the-last-dragon-asi-es-la-nueva-pelicula-animada-de-disney\/","name":"\u2018Raya and the Last Dragon\u2019, as\u00ed es la nueva pel\u00edcula animada de Disney | Grazia","isPartOf":{"@id":"https:\/\/graziamagazine.com\/es\/#website"},"datePublished":"2020-10-27T08:01:41+00:00","dateModified":"2020-10-27T08:01:41+00:00","description":"Disney siempre se ha caracterizado por sus grandiosas historias m\u00e1gicas y de fantas\u00eda y con \u2018Raya and the Last Dragon\u2019 no ha perdido su toque al","breadcrumb":{"@id":"https:\/\/graziamagazine.com\/es\/articles\/raya-and-the-last-dragon-asi-es-la-nueva-pelicula-animada-de-disney\/#breadcrumb"},"inLanguage":"es","potentialAction":[{"@type":"ReadAction","target":["https:\/\/graziamagazine.com\/es\/articles\/raya-and-the-last-dragon-asi-es-la-nueva-pelicula-animada-de-disney\/"]}]},{"@type":"BreadcrumbList","@id":"https:\/\/graziamagazine.com\/es\/articles\/raya-and-the-last-dragon-asi-es-la-nueva-pelicula-animada-de-disney\/#breadcrumb","itemListElement":[{"@type":"ListItem","position":1,"name":"Portada","item":"https:\/\/graziamagazine.com\/es\/"},{"@type":"ListItem","position":2,"name":"\u2018Raya and the Last Dragon\u2019, as\u00ed es la nueva pel\u00edcula animada de Disney"}]},{"@type":"WebSite","@id":"https:\/\/graziamagazine.com\/es\/#website","url":"https:\/\/graziamagazine.com\/es\/","name":"Grazia","description":"Moda, belleza, celebrities, estilo de vida...","potentialAction":[{"@type":"SearchAction","target":{"@type":"EntryPoint","urlTemplate":"https:\/\/graziamagazine.com\/es\/?s={search_term_string}"},"query-input":"required name=search_term_string"}],"inLanguage":"es"}]}},"jetpack_sharing_enabled":true,"distributor_meta":false,"distributor_terms":false,"distributor_media":false,"distributor_original_site_name":"Grazia","distributor_original_site_url":"https:\/\/graziamagazine.com\/es","push-errors":false,"_links":{"self":[{"href":"https:\/\/graziamagazine.com\/es\/wp-json\/wp\/v2\/articles\/156266"}],"collection":[{"href":"https:\/\/graziamagazine.com\/es\/wp-json\/wp\/v2\/articles"}],"about":[{"href":"https:\/\/graziamagazine.com\/es\/wp-json\/wp\/v2\/types\/articles"}],"author":[{"embeddable":true,"href":"https:\/\/graziamagazine.com\/es\/wp-json\/wp\/v2\/users\/11653"}],"wp:featuredmedia":[{"embeddable":true,"href":"https:\/\/graziamagazine.com\/es\/wp-json\/wp\/v2\/media\/156268"}],"wp:attachment":[{"href":"https:\/\/graziamagazine.com\/es\/wp-json\/wp\/v2\/media?parent=156266"}],"wp:term":[{"taxonomy":"category","embeddable":true,"href":"https:\/\/graziamagazine.com\/es\/wp-json\/wp\/v2\/categories?post=156266"}],"curies":[{"name":"wp","href":"https:\/\/api.w.org\/{rel}","templated":true}]}}