{"id":156257,"date":"2020-10-26T20:18:19","date_gmt":"2020-10-26T19:18:19","guid":{"rendered":"https:\/\/graziamagazine.com\/es\/?post_type=articles&#038;p=156257"},"modified":"2020-10-26T20:19:51","modified_gmt":"2020-10-26T19:19:51","slug":"zara-nos-crea-una-nueva-necesidad-y-lanza-el-beauty-set-perfecto","status":"publish","type":"articles","link":"https:\/\/graziamagazine.com\/es\/articles\/zara-nos-crea-una-nueva-necesidad-y-lanza-el-beauty-set-perfecto\/","title":{"rendered":"Zara nos crea una nueva necesidad y lanza el &#8216;beauty set&#8217; perfecto"},"content":{"rendered":"<p>Cada vez estamos m\u00e1s convencidos que Zara se ha propuesto que nos gastemos toda la quincena en cada una de las novedades que lanza cada semana. S\u00ed, \u00a1cada semana! Es imposible no caer en la tentaci\u00f3n de sus nuevas propuestas, y si hace unos d\u00edas el mundo ca\u00eda rendido a sus pies con <a href=\"https:\/\/graziamagazine.com\/mx\/articles\/zara-agota-dos-veces-su-nuevo-carro-de-la-compra-viral\/\">su primera l\u00ednea de carritos de la compra que se agotaron<\/a>, no una, si no dos veces en apenas dos d\u00edas, ahora lanza un nuevo objeto de deseo.<\/p>\n<p>Se trata de un nuevo acercamiento al mundo de la belleza, pero no a trav\u00e9s del maquillaje o el perfume como hemos visto en anteriores ocasiones, si no del cuidado facial. Se trata de un nuevo producto que promete agotarse, OTRA VEZ, y que forma parte de su secci\u00f3n de belleza: <strong>un <em>beauty set<\/em> con todo lo que necesitas para tu rutina diaria<\/strong>.<\/p>\n<h3>\u00bfQu\u00e9 incluye el nuevo neceser de Zara?<\/h3>\n<p>Adem\u00e1s de una bolsa s\u00faper bonita de terciopelo en rosa empolvado, todas estas cosas para que lleves tu ritual facial a otro nivel.<\/p>\n<ul>\n<li>Liga del pelo <em>scrunchie<\/em><\/li>\n<li>Diadema ajustable con tiras adherente<\/li>\n<li>Toallita de algod\u00f3n<\/li>\n<li>Pinzas para el pelo que no dejan marca (esto es s\u00faper importante)<\/li>\n<li><strong>Rodillo de cuarzo rosa<\/strong> para masajear rostro y cuello que ayuda a estimular la microcirculaci\u00f3n y eliminar la hinchaz\u00f3n o signos del cansancio.<\/li>\n<\/ul>\n<p><img loading=\"lazy\" decoding=\"async\" class=\"aligncenter wp-image-156260 size-full\" src=\"https:\/\/graziamagazine.com\/es\/wp-content\/uploads\/sites\/12\/2020\/10\/0653257676_2_1_1-1-e1603739845107.jpg\" alt=\"Zara nos crea una nueva necesidad y lanza el 'beauty set' perfecto\" width=\"838\" height=\"612\" \/><\/p>\n<p>El nuevo set est\u00e1 incre\u00edble porque <strong>incluye uno de los objetos de tratamiento convertido en el <em>must have<\/em> de la belleza<\/strong> de la temporada, el rodillo de jade, <a href=\"https:\/\/graziamagazine.com\/mx\/articles\/para-que-sirve-el-rodillo-de-jade-y-cual-es-la-forma-correcta-de-usarlo\/\">del que ya te hemos platicado en otras ocasiones y del que te hemos dado los mejores consejos para usarlo<\/a>. Pero si no, no pasa nada, porque Zara incluye tambi\u00e9n en la descripci\u00f3n de este beauty set en su sitio web, c\u00f3mo debes usarlo: \u00ab<em>Para un mayor resultado se recomienda utilizar con crema hidratante, un aceite facial, una mascarilla o un s\u00e9rum. Realizar un masaje en este sentido: de manera ascendente en el cuello, desde el ment\u00f3n hacia los p\u00f3mulos, hacia afuera desde los p\u00f3mulos a la sien, en el contorno de los ojos en direcci\u00f3n ascendente de dentro hacia fuera y hacia arriba en la frente<\/em>\u00ab.<\/p>\n<p><img loading=\"lazy\" decoding=\"async\" class=\"aligncenter size-full wp-image-156258\" src=\"https:\/\/graziamagazine.com\/es\/wp-content\/uploads\/sites\/12\/2020\/10\/0653257676_2_5_1.jpg\" alt=\"Zara nos crea una nueva necesidad y lanza el 'beauty set' perfecto\" width=\"850\" height=\"1275\" \/><\/p>\n<p>\u00bfTenemos o no tenemos objeto de deseo a la vista? <a href=\"https:\/\/www.zara.com\/es\/es\/neceser-beauty-set-p00653257.html?v1=70571189\" target=\"_blank\">Su <strong>precio es de 39,95 euros<\/strong><\/a>.<\/p>\n<p><em>*Im\u00e1genes: Cortes\u00eda Zara<\/em><\/p>\n","protected":false},"author":11653,"featured_media":156259,"template":"","format":"standard","categories":[7,4749],"acf":[],"yoast_head":"<!-- This site is optimized with the Yoast SEO Premium plugin v18.5 (Yoast SEO v20.4) - https:\/\/yoast.com\/wordpress\/plugins\/seo\/ -->\n<title>Zara nos crea una nueva necesidad y lanza el &#039;beauty set&#039; perfecto | Grazia<\/title>\n<meta name=\"description\" content=\"El buque insignia de Inditex se adentra en una nueva categor\u00eda de producto y entre en el mundo del cuidado facial con un set que promete ser un nuevo hit.\" \/>\n<meta name=\"robots\" content=\"index, follow, max-snippet:-1, max-image-preview:large, max-video-preview:-1\" \/>\n<link rel=\"canonical\" href=\"https:\/\/graziamagazine.com\/es\/articles\/zara-nos-crea-una-nueva-necesidad-y-lanza-el-beauty-set-perfecto\/\" \/>\n<meta property=\"og:locale\" content=\"es_ES\" \/>\n<meta property=\"og:type\" content=\"article\" \/>\n<meta property=\"og:title\" content=\"Zara nos crea una nueva necesidad y lanza el &#039;beauty set&#039; perfecto\" \/>\n<meta property=\"og:description\" content=\"El buque insignia de Inditex se adentra en una nueva categor\u00eda de producto y entre en el mundo del cuidado facial con un set que promete ser un nuevo hit.\" \/>\n<meta property=\"og:url\" content=\"https:\/\/graziamagazine.com\/es\/articles\/zara-nos-crea-una-nueva-necesidad-y-lanza-el-beauty-set-perfecto\/\" \/>\n<meta property=\"og:site_name\" content=\"Grazia\" \/>\n<meta property=\"article:modified_time\" content=\"2020-10-26T19:19:51+00:00\" \/>\n<meta property=\"og:image\" content=\"https:\/\/graziamagazine.com\/es\/wp-content\/uploads\/sites\/12\/2020\/10\/Captura-de-pantalla-2020-10-26-a-las-12.58.13.png?fit=1269%2C682\" \/>\n\t<meta property=\"og:image:width\" content=\"1269\" \/>\n\t<meta property=\"og:image:height\" content=\"682\" \/>\n\t<meta property=\"og:image:type\" content=\"image\/png\" \/>\n<meta name=\"twitter:card\" content=\"summary_large_image\" \/>\n<meta name=\"twitter:label1\" content=\"Est. reading time\" \/>\n\t<meta name=\"twitter:data1\" content=\"2 minutos\" \/>\n<script type=\"application\/ld+json\" class=\"yoast-schema-graph\">{\"@context\":\"https:\/\/schema.org\",\"@graph\":[{\"@type\":\"WebPage\",\"@id\":\"https:\/\/graziamagazine.com\/es\/articles\/zara-nos-crea-una-nueva-necesidad-y-lanza-el-beauty-set-perfecto\/\",\"url\":\"https:\/\/graziamagazine.com\/es\/articles\/zara-nos-crea-una-nueva-necesidad-y-lanza-el-beauty-set-perfecto\/\",\"name\":\"Zara nos crea una nueva necesidad y lanza el 'beauty set' perfecto | Grazia\",\"isPartOf\":{\"@id\":\"https:\/\/graziamagazine.com\/es\/#website\"},\"datePublished\":\"2020-10-26T19:18:19+00:00\",\"dateModified\":\"2020-10-26T19:19:51+00:00\",\"description\":\"El buque insignia de Inditex se adentra en una nueva categor\u00eda de producto y entre en el mundo del cuidado facial con un set que promete ser un nuevo hit.\",\"breadcrumb\":{\"@id\":\"https:\/\/graziamagazine.com\/es\/articles\/zara-nos-crea-una-nueva-necesidad-y-lanza-el-beauty-set-perfecto\/#breadcrumb\"},\"inLanguage\":\"es\",\"potentialAction\":[{\"@type\":\"ReadAction\",\"target\":[\"https:\/\/graziamagazine.com\/es\/articles\/zara-nos-crea-una-nueva-necesidad-y-lanza-el-beauty-set-perfecto\/\"]}]},{\"@type\":\"BreadcrumbList\",\"@id\":\"https:\/\/graziamagazine.com\/es\/articles\/zara-nos-crea-una-nueva-necesidad-y-lanza-el-beauty-set-perfecto\/#breadcrumb\",\"itemListElement\":[{\"@type\":\"ListItem\",\"position\":1,\"name\":\"Portada\",\"item\":\"https:\/\/graziamagazine.com\/es\/\"},{\"@type\":\"ListItem\",\"position\":2,\"name\":\"Zara nos crea una nueva necesidad y lanza el &#8216;beauty set&#8217; perfecto\"}]},{\"@type\":\"WebSite\",\"@id\":\"https:\/\/graziamagazine.com\/es\/#website\",\"url\":\"https:\/\/graziamagazine.com\/es\/\",\"name\":\"Grazia\",\"description\":\"Moda, belleza, celebrities, estilo de vida...\",\"potentialAction\":[{\"@type\":\"SearchAction\",\"target\":{\"@type\":\"EntryPoint\",\"urlTemplate\":\"https:\/\/graziamagazine.com\/es\/?s={search_term_string}\"},\"query-input\":\"required name=search_term_string\"}],\"inLanguage\":\"es\"}]}<\/script>\n<!-- \/ Yoast SEO Premium plugin. -->","yoast_head_json":{"title":"Zara nos crea una nueva necesidad y lanza el 'beauty set' perfecto | Grazia","description":"El buque insignia de Inditex se adentra en una nueva categor\u00eda de producto y entre en el mundo del cuidado facial con un set que promete ser un nuevo hit.","robots":{"index":"index","follow":"follow","max-snippet":"max-snippet:-1","max-image-preview":"max-image-preview:large","max-video-preview":"max-video-preview:-1"},"canonical":"https:\/\/graziamagazine.com\/es\/articles\/zara-nos-crea-una-nueva-necesidad-y-lanza-el-beauty-set-perfecto\/","og_locale":"es_ES","og_type":"article","og_title":"Zara nos crea una nueva necesidad y lanza el 'beauty set' perfecto","og_description":"El buque insignia de Inditex se adentra en una nueva categor\u00eda de producto y entre en el mundo del cuidado facial con un set que promete ser un nuevo hit.","og_url":"https:\/\/graziamagazine.com\/es\/articles\/zara-nos-crea-una-nueva-necesidad-y-lanza-el-beauty-set-perfecto\/","og_site_name":"Grazia","article_modified_time":"2020-10-26T19:19:51+00:00","og_image":[{"width":1269,"height":682,"url":"https:\/\/graziamagazine.com\/es\/wp-content\/uploads\/sites\/12\/2020\/10\/Captura-de-pantalla-2020-10-26-a-las-12.58.13.png?fit=1269%2C682","type":"image\/png"}],"twitter_card":"summary_large_image","twitter_misc":{"Est. reading time":"2 minutos"},"schema":{"@context":"https:\/\/schema.org","@graph":[{"@type":"WebPage","@id":"https:\/\/graziamagazine.com\/es\/articles\/zara-nos-crea-una-nueva-necesidad-y-lanza-el-beauty-set-perfecto\/","url":"https:\/\/graziamagazine.com\/es\/articles\/zara-nos-crea-una-nueva-necesidad-y-lanza-el-beauty-set-perfecto\/","name":"Zara nos crea una nueva necesidad y lanza el 'beauty set' perfecto | Grazia","isPartOf":{"@id":"https:\/\/graziamagazine.com\/es\/#website"},"datePublished":"2020-10-26T19:18:19+00:00","dateModified":"2020-10-26T19:19:51+00:00","description":"El buque insignia de Inditex se adentra en una nueva categor\u00eda de producto y entre en el mundo del cuidado facial con un set que promete ser un nuevo hit.","breadcrumb":{"@id":"https:\/\/graziamagazine.com\/es\/articles\/zara-nos-crea-una-nueva-necesidad-y-lanza-el-beauty-set-perfecto\/#breadcrumb"},"inLanguage":"es","potentialAction":[{"@type":"ReadAction","target":["https:\/\/graziamagazine.com\/es\/articles\/zara-nos-crea-una-nueva-necesidad-y-lanza-el-beauty-set-perfecto\/"]}]},{"@type":"BreadcrumbList","@id":"https:\/\/graziamagazine.com\/es\/articles\/zara-nos-crea-una-nueva-necesidad-y-lanza-el-beauty-set-perfecto\/#breadcrumb","itemListElement":[{"@type":"ListItem","position":1,"name":"Portada","item":"https:\/\/graziamagazine.com\/es\/"},{"@type":"ListItem","position":2,"name":"Zara nos crea una nueva necesidad y lanza el &#8216;beauty set&#8217; perfecto"}]},{"@type":"WebSite","@id":"https:\/\/graziamagazine.com\/es\/#website","url":"https:\/\/graziamagazine.com\/es\/","name":"Grazia","description":"Moda, belleza, celebrities, estilo de vida...","potentialAction":[{"@type":"SearchAction","target":{"@type":"EntryPoint","urlTemplate":"https:\/\/graziamagazine.com\/es\/?s={search_term_string}"},"query-input":"required name=search_term_string"}],"inLanguage":"es"}]}},"jetpack_sharing_enabled":true,"distributor_meta":false,"distributor_terms":false,"distributor_media":false,"distributor_original_site_name":"Grazia","distributor_original_site_url":"https:\/\/graziamagazine.com\/es","push-errors":false,"_links":{"self":[{"href":"https:\/\/graziamagazine.com\/es\/wp-json\/wp\/v2\/articles\/156257"}],"collection":[{"href":"https:\/\/graziamagazine.com\/es\/wp-json\/wp\/v2\/articles"}],"about":[{"href":"https:\/\/graziamagazine.com\/es\/wp-json\/wp\/v2\/types\/articles"}],"author":[{"embeddable":true,"href":"https:\/\/graziamagazine.com\/es\/wp-json\/wp\/v2\/users\/11653"}],"wp:featuredmedia":[{"embeddable":true,"href":"https:\/\/graziamagazine.com\/es\/wp-json\/wp\/v2\/media\/156259"}],"wp:attachment":[{"href":"https:\/\/graziamagazine.com\/es\/wp-json\/wp\/v2\/media?parent=156257"}],"wp:term":[{"taxonomy":"category","embeddable":true,"href":"https:\/\/graziamagazine.com\/es\/wp-json\/wp\/v2\/categories?post=156257"}],"curies":[{"name":"wp","href":"https:\/\/api.w.org\/{rel}","templated":true}]}}