{"id":156170,"date":"2020-10-19T20:28:32","date_gmt":"2020-10-19T18:28:32","guid":{"rendered":"https:\/\/graziamagazine.com\/es\/?post_type=articles&#038;p=156170"},"modified":"2020-10-19T20:30:33","modified_gmt":"2020-10-19T18:30:33","slug":"lisa-de-blackpink-se-convierte-en-la-nueva-embajadora-global-de-m-a-c","status":"publish","type":"articles","link":"https:\/\/graziamagazine.com\/es\/articles\/lisa-de-blackpink-se-convierte-en-la-nueva-embajadora-global-de-m-a-c\/","title":{"rendered":"La reina de la cultura K-Pop Lisa de Blackpink se convierte en la nueva embajadora global de M.A.C."},"content":{"rendered":"<p>Arraigada en el arte del maquillaje, M\u00b7A\u00b7C est\u00e1 constantemente en la b\u00fasqueda de la creatividad y experiencia profesional. LISA, conocida por sus carism\u00e1ticas y audaces actuaciones en el escenario y su presencia en la belleza, la moda y la m\u00fasica, no s\u00f3lo comparte una profunda conexi\u00f3n con los valores de M\u00b7A\u00b7C, sino que tambi\u00e9n sirve de inspiraci\u00f3n para la marca que se encuentra en constante evoluci\u00f3n. Es por eso que la firma de cosm\u00e9ticos ha elegido a\u00a0LISA de BLACKPINK (Lalisa Manobal) como la nueva embajadora Global de la marca, una importante colaboraci\u00f3n que se adentra junto a la potencia del K-Pop en la cultura pop.<\/p>\n<blockquote><p>LISA es la primera mujer \u00eddolo del K-Pop en ser nombrada Embajadora Global de la Marca de M\u00b7A\u00b7C.<\/p><\/blockquote>\n<p><em>\u00ab\u00a1Siempre he sido una gran fan de M\u00b7A\u00b7C! Me gusta c\u00f3mo la marca convierte el maquillaje en una forma de autoexpresi\u00f3n lo cual me da gran confianza en el escenario<\/em>\u00ab, comenta LISA. \u00abJunto con MAC, <strong>estoy entusiasmada por invitar a m\u00e1s audiencias ya que ambos tenemos la individualidad y la diversidad como parte de nuestra forma de ser<\/strong> \u00ab.<\/p>\n<p>La sinergia entre LISA y M\u00b7A\u00b7C es clave, ya que ambas rompen las fronteras entre culturas, destilando una relevancia global que permite contar historias a trav\u00e9s de sus palancas art\u00edsticas. LISA es la<strong> bailarina y rapera de uno de los grupos femeninos m\u00e1s exitosos del mundo, BLACKPINK.<\/strong> El video musical &#8216;How You Like That&#8217;, que sali\u00f3 a la venta en junio, hab\u00eda batido varios r\u00e9cords mundiales en el momento de su lanzamiento, como el de YouTube &#8216;El video m\u00e1s visto en 24 horas&#8217;. LISA <strong>es amada por sus fans en todo el mundo y la estrella del K-Pop m\u00e1s seguida en l\u00ednea con 39 millones de seguidores en Instagram<\/strong>. Como creadora de tendencias, tambi\u00e9n est\u00e1 en primera fila en los desfiles de moda, ha colaborado con grandes marcas y sigue inspirando a las generaciones m\u00e1s j\u00f3venes a trav\u00e9s de \u00e9xitos que rompen r\u00e9cords y que tienen valor como noticia.<\/p>\n<p>Nacida en Tailandia, debut\u00f3 en Corea del Sur en 2016, la joven de 23 a\u00f1os es la primera persona no coreana que ha debutado bajo la direcci\u00f3n de la agencia, habla tailand\u00e9s, coreano, ingl\u00e9s y japon\u00e9s. Con un talento extraordinario que exige atenci\u00f3n, LISA actu\u00f3 en Coachella en abril de 2019, lo que dio lugar a un v\u00eddeo que desencaden\u00f3 un desaf\u00edo en Internet al que se uni\u00f3 el icono cultural y super estrella de la m\u00fasica Dolly Parton.<\/p>\n<p><em>*Imagen: Cortes\u00eda<\/em><\/p>\n<p>&nbsp;<\/p>\n","protected":false},"author":11653,"featured_media":156171,"template":"","format":"standard","categories":[2971,7,13],"acf":{"banner":null},"yoast_head":"<!-- This site is optimized with the Yoast SEO Premium plugin v18.5 (Yoast SEO v20.4) - https:\/\/yoast.com\/wordpress\/plugins\/seo\/ -->\n<title>La reina de la cultura K-Pop Lisa de Blackpink se convierte en la nueva embajadora global de M.A.C. | Grazia<\/title>\n<meta name=\"description\" content=\"La firma de cosm\u00e9ticos M\u00b7A\u00b7C se ha asociado con la potencia del K-Pop, una de las de mayor influencia mundial en la cultura pop con millones de seguidores en el mundo.\" \/>\n<meta name=\"robots\" content=\"index, follow, max-snippet:-1, max-image-preview:large, max-video-preview:-1\" \/>\n<link rel=\"canonical\" href=\"https:\/\/graziamagazine.com\/es\/articles\/lisa-de-blackpink-se-convierte-en-la-nueva-embajadora-global-de-m-a-c\/\" \/>\n<meta property=\"og:locale\" content=\"es_ES\" \/>\n<meta property=\"og:type\" content=\"article\" \/>\n<meta property=\"og:title\" content=\"La reina de la cultura K-Pop Lisa de Blackpink se convierte en la nueva embajadora global de M.A.C.\" \/>\n<meta property=\"og:description\" content=\"La firma de cosm\u00e9ticos M\u00b7A\u00b7C se ha asociado con la potencia del K-Pop, una de las de mayor influencia mundial en la cultura pop con millones de seguidores en el mundo.\" \/>\n<meta property=\"og:url\" content=\"https:\/\/graziamagazine.com\/es\/articles\/lisa-de-blackpink-se-convierte-en-la-nueva-embajadora-global-de-m-a-c\/\" \/>\n<meta property=\"og:site_name\" content=\"Grazia\" \/>\n<meta property=\"article:modified_time\" content=\"2020-10-19T18:30:33+00:00\" \/>\n<meta property=\"og:image\" content=\"https:\/\/graziamagazine.com\/es\/wp-content\/uploads\/sites\/12\/2020\/10\/04-8862-1-72dpi-full.jpg?fit=1500%2C1000\" \/>\n\t<meta property=\"og:image:width\" content=\"1500\" \/>\n\t<meta property=\"og:image:height\" content=\"1000\" \/>\n\t<meta property=\"og:image:type\" content=\"image\/jpeg\" \/>\n<meta name=\"twitter:card\" content=\"summary_large_image\" \/>\n<meta name=\"twitter:label1\" content=\"Est. reading time\" \/>\n\t<meta name=\"twitter:data1\" content=\"2 minutos\" \/>\n<script type=\"application\/ld+json\" class=\"yoast-schema-graph\">{\"@context\":\"https:\/\/schema.org\",\"@graph\":[{\"@type\":\"WebPage\",\"@id\":\"https:\/\/graziamagazine.com\/es\/articles\/lisa-de-blackpink-se-convierte-en-la-nueva-embajadora-global-de-m-a-c\/\",\"url\":\"https:\/\/graziamagazine.com\/es\/articles\/lisa-de-blackpink-se-convierte-en-la-nueva-embajadora-global-de-m-a-c\/\",\"name\":\"La reina de la cultura K-Pop Lisa de Blackpink se convierte en la nueva embajadora global de M.A.C. | Grazia\",\"isPartOf\":{\"@id\":\"https:\/\/graziamagazine.com\/es\/#website\"},\"datePublished\":\"2020-10-19T18:28:32+00:00\",\"dateModified\":\"2020-10-19T18:30:33+00:00\",\"description\":\"La firma de cosm\u00e9ticos M\u00b7A\u00b7C se ha asociado con la potencia del K-Pop, una de las de mayor influencia mundial en la cultura pop con millones de seguidores en el mundo.\",\"breadcrumb\":{\"@id\":\"https:\/\/graziamagazine.com\/es\/articles\/lisa-de-blackpink-se-convierte-en-la-nueva-embajadora-global-de-m-a-c\/#breadcrumb\"},\"inLanguage\":\"es\",\"potentialAction\":[{\"@type\":\"ReadAction\",\"target\":[\"https:\/\/graziamagazine.com\/es\/articles\/lisa-de-blackpink-se-convierte-en-la-nueva-embajadora-global-de-m-a-c\/\"]}]},{\"@type\":\"BreadcrumbList\",\"@id\":\"https:\/\/graziamagazine.com\/es\/articles\/lisa-de-blackpink-se-convierte-en-la-nueva-embajadora-global-de-m-a-c\/#breadcrumb\",\"itemListElement\":[{\"@type\":\"ListItem\",\"position\":1,\"name\":\"Portada\",\"item\":\"https:\/\/graziamagazine.com\/es\/\"},{\"@type\":\"ListItem\",\"position\":2,\"name\":\"La reina de la cultura K-Pop Lisa de Blackpink se convierte en la nueva embajadora global de M.A.C.\"}]},{\"@type\":\"WebSite\",\"@id\":\"https:\/\/graziamagazine.com\/es\/#website\",\"url\":\"https:\/\/graziamagazine.com\/es\/\",\"name\":\"Grazia\",\"description\":\"Moda, belleza, celebrities, estilo de vida...\",\"potentialAction\":[{\"@type\":\"SearchAction\",\"target\":{\"@type\":\"EntryPoint\",\"urlTemplate\":\"https:\/\/graziamagazine.com\/es\/?s={search_term_string}\"},\"query-input\":\"required name=search_term_string\"}],\"inLanguage\":\"es\"}]}<\/script>\n<!-- \/ Yoast SEO Premium plugin. -->","yoast_head_json":{"title":"La reina de la cultura K-Pop Lisa de Blackpink se convierte en la nueva embajadora global de M.A.C. | Grazia","description":"La firma de cosm\u00e9ticos M\u00b7A\u00b7C se ha asociado con la potencia del K-Pop, una de las de mayor influencia mundial en la cultura pop con millones de seguidores en el mundo.","robots":{"index":"index","follow":"follow","max-snippet":"max-snippet:-1","max-image-preview":"max-image-preview:large","max-video-preview":"max-video-preview:-1"},"canonical":"https:\/\/graziamagazine.com\/es\/articles\/lisa-de-blackpink-se-convierte-en-la-nueva-embajadora-global-de-m-a-c\/","og_locale":"es_ES","og_type":"article","og_title":"La reina de la cultura K-Pop Lisa de Blackpink se convierte en la nueva embajadora global de M.A.C.","og_description":"La firma de cosm\u00e9ticos M\u00b7A\u00b7C se ha asociado con la potencia del K-Pop, una de las de mayor influencia mundial en la cultura pop con millones de seguidores en el mundo.","og_url":"https:\/\/graziamagazine.com\/es\/articles\/lisa-de-blackpink-se-convierte-en-la-nueva-embajadora-global-de-m-a-c\/","og_site_name":"Grazia","article_modified_time":"2020-10-19T18:30:33+00:00","og_image":[{"width":1500,"height":1000,"url":"https:\/\/graziamagazine.com\/es\/wp-content\/uploads\/sites\/12\/2020\/10\/04-8862-1-72dpi-full.jpg?fit=1500%2C1000","type":"image\/jpeg"}],"twitter_card":"summary_large_image","twitter_misc":{"Est. reading time":"2 minutos"},"schema":{"@context":"https:\/\/schema.org","@graph":[{"@type":"WebPage","@id":"https:\/\/graziamagazine.com\/es\/articles\/lisa-de-blackpink-se-convierte-en-la-nueva-embajadora-global-de-m-a-c\/","url":"https:\/\/graziamagazine.com\/es\/articles\/lisa-de-blackpink-se-convierte-en-la-nueva-embajadora-global-de-m-a-c\/","name":"La reina de la cultura K-Pop Lisa de Blackpink se convierte en la nueva embajadora global de M.A.C. | Grazia","isPartOf":{"@id":"https:\/\/graziamagazine.com\/es\/#website"},"datePublished":"2020-10-19T18:28:32+00:00","dateModified":"2020-10-19T18:30:33+00:00","description":"La firma de cosm\u00e9ticos M\u00b7A\u00b7C se ha asociado con la potencia del K-Pop, una de las de mayor influencia mundial en la cultura pop con millones de seguidores en el mundo.","breadcrumb":{"@id":"https:\/\/graziamagazine.com\/es\/articles\/lisa-de-blackpink-se-convierte-en-la-nueva-embajadora-global-de-m-a-c\/#breadcrumb"},"inLanguage":"es","potentialAction":[{"@type":"ReadAction","target":["https:\/\/graziamagazine.com\/es\/articles\/lisa-de-blackpink-se-convierte-en-la-nueva-embajadora-global-de-m-a-c\/"]}]},{"@type":"BreadcrumbList","@id":"https:\/\/graziamagazine.com\/es\/articles\/lisa-de-blackpink-se-convierte-en-la-nueva-embajadora-global-de-m-a-c\/#breadcrumb","itemListElement":[{"@type":"ListItem","position":1,"name":"Portada","item":"https:\/\/graziamagazine.com\/es\/"},{"@type":"ListItem","position":2,"name":"La reina de la cultura K-Pop Lisa de Blackpink se convierte en la nueva embajadora global de M.A.C."}]},{"@type":"WebSite","@id":"https:\/\/graziamagazine.com\/es\/#website","url":"https:\/\/graziamagazine.com\/es\/","name":"Grazia","description":"Moda, belleza, celebrities, estilo de vida...","potentialAction":[{"@type":"SearchAction","target":{"@type":"EntryPoint","urlTemplate":"https:\/\/graziamagazine.com\/es\/?s={search_term_string}"},"query-input":"required name=search_term_string"}],"inLanguage":"es"}]}},"jetpack_sharing_enabled":true,"distributor_meta":false,"distributor_terms":false,"distributor_media":false,"distributor_original_site_name":"Grazia","distributor_original_site_url":"https:\/\/graziamagazine.com\/es","push-errors":false,"_links":{"self":[{"href":"https:\/\/graziamagazine.com\/es\/wp-json\/wp\/v2\/articles\/156170"}],"collection":[{"href":"https:\/\/graziamagazine.com\/es\/wp-json\/wp\/v2\/articles"}],"about":[{"href":"https:\/\/graziamagazine.com\/es\/wp-json\/wp\/v2\/types\/articles"}],"author":[{"embeddable":true,"href":"https:\/\/graziamagazine.com\/es\/wp-json\/wp\/v2\/users\/11653"}],"wp:featuredmedia":[{"embeddable":true,"href":"https:\/\/graziamagazine.com\/es\/wp-json\/wp\/v2\/media\/156171"}],"wp:attachment":[{"href":"https:\/\/graziamagazine.com\/es\/wp-json\/wp\/v2\/media?parent=156170"}],"wp:term":[{"taxonomy":"category","embeddable":true,"href":"https:\/\/graziamagazine.com\/es\/wp-json\/wp\/v2\/categories?post=156170"}],"curies":[{"name":"wp","href":"https:\/\/api.w.org\/{rel}","templated":true}]}}