{"id":156157,"date":"2020-10-16T19:57:04","date_gmt":"2020-10-16T17:57:04","guid":{"rendered":"https:\/\/graziamagazine.com\/es\/?post_type=articles&#038;p=156157"},"modified":"2020-10-16T19:58:31","modified_gmt":"2020-10-16T17:58:31","slug":"la-reina-letizia-rompe-con-la-tradicion-en-los-premios-princesa-de-asturias-2020-sin-estreno-sin-varela-y-con-vestidazo","status":"publish","type":"articles","link":"https:\/\/graziamagazine.com\/es\/articles\/la-reina-letizia-rompe-con-la-tradicion-en-los-premios-princesa-de-asturias-2020-sin-estreno-sin-varela-y-con-vestidazo\/","title":{"rendered":"La reina Letizia rompe con la tradici\u00f3n en los Premios Princesa de Asturias 2020: sin estreno, sin Varela y con vestidazo"},"content":{"rendered":"<div class=\"articleGallery\">\n<div class=\"gallery-photo galleryContainer\">\n<div class=\"galleryContent\">\n<div class=\"article-gallery-title\">\n<p>Estos Premios Princesa de Asturias est\u00e1n siendo at\u00edpicos, y no solo por las circunstancias que vivimos. La reina Letizia ha roto con la tradici\u00f3n y por primera vez en su historia con los premios no ha estrenado outfit, pero no solo eso, tampoco ha elegido un Felipe Varela como ha sido lo habitual en estos 16 a\u00f1os.<\/p>\n<p><img loading=\"lazy\" decoding=\"async\" class=\"aligncenter size-full wp-image-156162\" src=\"https:\/\/graziamagazine.com\/es\/wp-content\/uploads\/sites\/12\/2020\/10\/33-3-696x530-1.jpg\" alt=\"La reina Letizia en los Premios Princesa de Asturias 2020: sin estreno, sin Varela pero con vestidazo\" width=\"696\" height=\"530\" \/><\/p>\n<p>De hecho, <strong>do\u00f1a Letizia ha recuperado un vestido de Delpozo que ya hizo historias en su momento cuando lo estren\u00f3 en 2017<\/strong> y despu\u00e9s lo luci\u00f3 en su visita a Par\u00eds junto a Brigitte Macron. Se trata de un dise\u00f1o de Josep Font de la firma espa\u00f1ola, con silueta l\u00e1piz, escote barco asim\u00e9trico que deja ver un solo hombro, y corte a la cintura, en el que destaca una gran flor. Minimalista, en color azul (el mismo tono en el que ha combinado sus salones y cartera de mano), do\u00f1a Letizia ha destilado elegancia por la alfombra azul de los Premios Princesa de Asturias 2020, eligiendo el color de la tierra que adem\u00e1s la vio nacer.<\/p>\n<p><img loading=\"lazy\" decoding=\"async\" class=\"aligncenter size-full wp-image-156164\" src=\"https:\/\/graziamagazine.com\/es\/wp-content\/uploads\/sites\/12\/2020\/10\/letizia1-z.jpg\" alt=\"La reina Letizia rompe con la tradici\u00f3n en los Premios Princesa de Asturias 2020: sin estreno, sin Varela y con vestidazo\" width=\"600\" height=\"920\" \/><\/p>\n<h3>Todos los looks de la reina Letizia en los Premios Princesa de Asturias<\/h3>\n<p>Desde 2004, cuando se convirti\u00f3 en Princesa de Asturias, la reina Letizia ha formado parte de estos premios en 13 ocasiones y en todas y cada una de ellas ha asistido vestida por su dise\u00f1ador de cabecera: Felipe Varela.\u00a0Este 2020 nos deja otro mensaje, en el armario de do\u00f1a Letizia hay lugar para nuevos estilos, nuevas firmas o firmas ya existencias para vestir los momentos m\u00e1s importantes de palacio.<\/p>\n<p>As\u00ed han sido todos sus looks.<\/p>\n<h3>En 2019, todo al rojo<\/h3>\n<\/div>\n<div class=\"autor\"><\/div>\n<div id=\"galeria-38656-2986343\" class=\"scroll-count galleryImage\" data-url-type=\"noticia scroll\" data-url-title=\"Premios Princesa de Asturias 2019\" data-url=\"https:\/\/www.woman.es\/moda\/tendencias\/reina-letizia-premios-princesa-asturias-2020-lanza-importante-mensaje-look-firmado-delpozo?foto=1#galeria-38656-2986343\">\n<p><img loading=\"lazy\" decoding=\"async\" class=\"lazy-render\" src=\"https:\/\/img1.woman.es\/cc\/4a\/36\/letizia-ortiz-vestido-hombreras-premios-princesa-asturias-2019.jpg\" width=\"650\" height=\"975\" data-lazy-src=\"https:\/\/img1.woman.es\/cc\/4a\/36\/letizia-ortiz-vestido-hombreras-premios-princesa-asturias-2019.jpg\" \/><\/p>\n<\/div>\n<div class=\"galleryContentTittle\">\n<h3>en 2018, con pedrer\u00eda<\/h3>\n<\/div>\n<div id=\"galeria-38656-2207422\" class=\"scroll-count galleryImage\" data-url-type=\"noticia scroll\" data-url-title=\"2018\" data-url=\"https:\/\/www.woman.es\/moda\/tendencias\/reina-letizia-premios-princesa-asturias-2020-lanza-importante-mensaje-look-firmado-delpozo?foto=2#galeria-38656-2207422\"><img loading=\"lazy\" decoding=\"async\" class=\"lazy-render\" src=\"https:\/\/img2.woman.es\/7b\/0a\/85\/don-felipe-dona-letizia-reina-sofia-premios-princesa-asturias-2018.jpg\" width=\"1000\" height=\"1500\" data-lazy-src=\"https:\/\/img2.woman.es\/7b\/0a\/85\/don-felipe-dona-letizia-reina-sofia-premios-princesa-asturias-2018.jpg\" \/><\/div>\n<div class=\"galleryContentTittle\">\n<p>&nbsp;<\/p>\n<\/div>\n<div id=\"galeria-38656-2205262\" class=\"scroll-count galleryImage\" data-url-type=\"noticia scroll\" data-url-title=\"2017\" data-url=\"https:\/\/www.woman.es\/moda\/tendencias\/reina-letizia-premios-princesa-asturias-2020-lanza-importante-mensaje-look-firmado-delpozo?foto=3#galeria-38656-2205262\">\n<div id=\"standard_2\" class=\"st-placement standard_2 inImage\">\n<div class=\"st-adunit st-show st-reset\">\n<div class=\"st-container st-reset\">\n<div class=\"st-adunit-ad st-reset\">\n<div class=\"st-reset\">\n<div class=\"important-styled st-canvas-container open Billboard_970x250 display-standard firfn4p\">\n<div class=\"important-styled st-canvas-el f5jwgn9\">\n<div class=\"important-styled st-canvas-container undefined firfn4p\">\n<div class=\"important-styled st-canvas-el f1wpjnaj\">\n<div class=\"important-styled st-canvas-container undefined firfn4p\">\n<div class=\"important-styled st-canvas-el frxra91\">\n<div class=\"important-styled fslxx24\">\n<h3 class=\"important-styled display-render-wrapper fslxx24\">2017, aires orientales<\/h3>\n<\/div>\n<\/div>\n<\/div>\n<div class=\"important-styled st-canvas-container undefined firfn4p\">\n<div class=\"important-styled st-canvas-el fexy0ga\">\n<div class=\"important-styled display-render x-to-close fu1w6l8\"><\/div>\n<\/div>\n<\/div>\n<\/div>\n<\/div>\n<\/div>\n<\/div>\n<\/div>\n<\/div>\n<\/div>\n<\/div>\n<\/div>\n<p><img loading=\"lazy\" decoding=\"async\" class=\"lazy-render\" src=\"https:\/\/img1.woman.es\/21\/36\/80\/letizia-ortiz-premios-princesa-asturias-2017.jpg\" width=\"650\" height=\"976\" data-lazy-src=\"https:\/\/img1.woman.es\/21\/36\/80\/letizia-ortiz-premios-princesa-asturias-2017.jpg\" \/><\/p>\n<\/div>\n<div class=\"galleryContentTittle\">\n<h3>2016, con brocados<\/h3>\n<\/div>\n<div id=\"galeria-38656-2205261\" class=\"scroll-count galleryImage\" data-url-type=\"noticia scroll\" data-url-title=\"2016\" data-url=\"https:\/\/www.woman.es\/moda\/tendencias\/reina-letizia-premios-princesa-asturias-2020-lanza-importante-mensaje-look-firmado-delpozo?foto=4#galeria-38656-2205261\">\n<p><img loading=\"lazy\" decoding=\"async\" class=\"lazy-render\" src=\"https:\/\/img2.woman.es\/23\/9c\/24\/letizia-ortiz-premios-princesa-asturias-2016.jpg\" width=\"650\" height=\"976\" data-lazy-src=\"https:\/\/img2.woman.es\/23\/9c\/24\/letizia-ortiz-premios-princesa-asturias-2016.jpg\" \/><\/p>\n<\/div>\n<div class=\"galleryContentTittle\">\n<h3>2015, degradado<\/h3>\n<\/div>\n<\/div>\n<\/div>\n<div class=\"galleryTopAd\">\n<div id=\"banner_d1ad9f4522_cpm_mb\" class=\"lazy-render\" data-lazy-function=\"f_banner_d1ad9f4522_cpm_mb\" data-google-query-id=\"CJee7t_HuewCFWGExwod-S0CcQ\">\n<div id=\"google_ads_iframe_\/138855687\/nacional-wom\/moda_7__container__\"><img loading=\"lazy\" decoding=\"async\" class=\"lazy-render\" src=\"https:\/\/img1.woman.es\/bf\/e5\/91\/premios-princesa-asturias-2015.jpg\" width=\"650\" height=\"976\" data-lazy-src=\"https:\/\/img1.woman.es\/bf\/e5\/91\/premios-princesa-asturias-2015.jpg\" \/><\/div>\n<\/div>\n<\/div>\n<div class=\"gallery-photo galleryContainer\">\n<p>&nbsp;<\/p>\n<h3>2014, silueta l\u00e1piz<\/h3>\n<div class=\"galleryContent\">\n<div id=\"galeria-38656-2205259\" class=\"scroll-count galleryImage\" data-url-type=\"noticia scroll\" data-url-title=\"2014\" data-url=\"https:\/\/www.woman.es\/moda\/tendencias\/reina-letizia-premios-princesa-asturias-2020-lanza-importante-mensaje-look-firmado-delpozo?foto=6#galeria-38656-2205259\">\n<div id=\"standard_3\" class=\"st-placement standard_3 inImage\">\n<div class=\"st-adunit st-show st-reset\">\n<div class=\"st-container st-reset\">\n<div class=\"st-adunit-ad st-reset\"><\/div>\n<\/div>\n<\/div>\n<\/div>\n<p><img loading=\"lazy\" decoding=\"async\" class=\"lazy-render\" src=\"https:\/\/img3.woman.es\/6f\/6c\/19\/2014.jpg\" width=\"650\" height=\"973\" data-lazy-src=\"https:\/\/img3.woman.es\/6f\/6c\/19\/2014.jpg\" \/><\/p>\n<\/div>\n<\/div>\n<\/div>\n<\/div>\n<p>&nbsp;<\/p>\n<h3>2013, en gasa verde<\/h3>\n<div class=\"articleGallery\">\n<div class=\"gallery-photo galleryContainer\">\n<div class=\"galleryContent\">\n<div id=\"galeria-38656-2205258\" class=\"scroll-count galleryImage\" data-url-type=\"noticia scroll\" data-url-title=\"2013\" data-url=\"https:\/\/www.woman.es\/moda\/tendencias\/reina-letizia-premios-princesa-asturias-2020-lanza-importante-mensaje-look-firmado-delpozo?foto=7#galeria-38656-2205258\"><img loading=\"lazy\" decoding=\"async\" class=\"lazy-render\" src=\"https:\/\/img3.woman.es\/92\/11\/6a\/letizia-ortiz-premios-principe-asturias-2013.jpg\" width=\"650\" height=\"1203\" data-lazy-src=\"https:\/\/img3.woman.es\/92\/11\/6a\/letizia-ortiz-premios-principe-asturias-2013.jpg\" \/><\/div>\n<div class=\"galleryContentTittle\">\n<p>&nbsp;<\/p>\n<h3>2012, tr\u00edo de color<\/h3>\n<\/div>\n<div id=\"galeria-38656-2205257\" class=\"scroll-count galleryImage\" data-url-type=\"noticia scroll\" data-url-title=\"2012\" data-url=\"https:\/\/www.woman.es\/moda\/tendencias\/reina-letizia-premios-princesa-asturias-2020-lanza-importante-mensaje-look-firmado-delpozo?foto=8#galeria-38656-2205257\">\n<p><img loading=\"lazy\" decoding=\"async\" class=\"lazy-render\" src=\"https:\/\/img2.woman.es\/79\/a4\/6e\/letizia-ortiz-premios-princesa-asturias-2012.jpg\" width=\"650\" height=\"976\" data-lazy-src=\"https:\/\/img2.woman.es\/79\/a4\/6e\/letizia-ortiz-premios-princesa-asturias-2012.jpg\" \/><\/p>\n<\/div>\n<div class=\"galleryContentTittle\">\n<h3>2011, con bordados<\/h3>\n<\/div>\n<\/div>\n<\/div>\n<div class=\"gallery-photo galleryContainer\">\n<div class=\"galleryContent\">\n<div id=\"galeria-38656-2205256\" class=\"scroll-count galleryImage\" data-url-type=\"noticia scroll\" data-url-title=\"2011\" data-url=\"https:\/\/www.woman.es\/moda\/tendencias\/reina-letizia-premios-princesa-asturias-2020-lanza-importante-mensaje-look-firmado-delpozo?foto=9#galeria-38656-2205256\">\n<p><img loading=\"lazy\" decoding=\"async\" class=\"lazy-render\" src=\"https:\/\/img1.woman.es\/c7\/b0\/3f\/letizia-ortiz-premios-principe-asturias-2011.jpg\" width=\"650\" height=\"975\" data-lazy-src=\"https:\/\/img1.woman.es\/c7\/b0\/3f\/letizia-ortiz-premios-principe-asturias-2011.jpg\" \/><\/p>\n<\/div>\n<div class=\"galleryContentTittle\">\n<h3>2010, a\u00f1os 50<\/h3>\n<\/div>\n<div id=\"galeria-38656-2205255\" class=\"scroll-count galleryImage\" data-url-type=\"noticia scroll\" data-url-title=\"2010\" data-url=\"https:\/\/www.woman.es\/moda\/tendencias\/reina-letizia-premios-princesa-asturias-2020-lanza-importante-mensaje-look-firmado-delpozo?foto=10#galeria-38656-2205255\">\n<p><img loading=\"lazy\" decoding=\"async\" class=\"lazy-render\" src=\"https:\/\/img3.woman.es\/c9\/1e\/ef\/2010.jpg\" width=\"650\" height=\"1050\" data-lazy-src=\"https:\/\/img3.woman.es\/c9\/1e\/ef\/2010.jpg\" \/><\/p>\n<\/div>\n<div class=\"galleryContentTittle\">\n<h3>2009, con rebeca<\/h3>\n<\/div>\n<div id=\"galeria-38656-2205249\" class=\"scroll-count galleryImage\" data-url-type=\"noticia scroll\" data-url-title=\"2009\" data-url=\"https:\/\/www.woman.es\/moda\/tendencias\/reina-letizia-premios-princesa-asturias-2020-lanza-importante-mensaje-look-firmado-delpozo?foto=11#galeria-38656-2205249\">\n<p><img loading=\"lazy\" decoding=\"async\" class=\"lazy-render\" src=\"https:\/\/img2.woman.es\/e4\/14\/46\/2009.jpg\" width=\"650\" height=\"977\" data-lazy-src=\"https:\/\/img2.woman.es\/e4\/14\/46\/2009.jpg\" \/><\/p>\n<\/div>\n<div class=\"galleryContentTittle\">\n<h3>2008, en guipur<\/h3>\n<\/div>\n<div id=\"galeria-38656-2205248\" class=\"scroll-count galleryImage\" data-url-type=\"noticia scroll\" data-url-title=\"2008\" data-url=\"https:\/\/www.woman.es\/moda\/tendencias\/reina-letizia-premios-princesa-asturias-2020-lanza-importante-mensaje-look-firmado-delpozo?foto=12#galeria-38656-2205248\">\n<p><img loading=\"lazy\" decoding=\"async\" class=\"lazy-render\" src=\"https:\/\/img4.woman.es\/27\/98\/dc\/letizia-ortiz-premios-principe-asturias-2008.jpg\" width=\"650\" height=\"918\" data-lazy-src=\"https:\/\/img4.woman.es\/27\/98\/dc\/letizia-ortiz-premios-principe-asturias-2008.jpg\" \/><\/p>\n<\/div>\n<div class=\"galleryContentTittle\">\n<h3>2007, brilli brilli<\/h3>\n<\/div>\n<\/div>\n<\/div>\n<div class=\"gallery-photo galleryContainer\">\n<div class=\"galleryContent\">\n<div id=\"galeria-38656-2205247\" class=\"scroll-count galleryImage\" data-url-type=\"noticia scroll\" data-url-title=\"2007\" data-url=\"https:\/\/www.woman.es\/moda\/tendencias\/reina-letizia-premios-princesa-asturias-2020-lanza-importante-mensaje-look-firmado-delpozo?foto=13#galeria-38656-2205247\">\n<p><img loading=\"lazy\" decoding=\"async\" class=\"lazy-render\" src=\"https:\/\/img4.woman.es\/30\/c5\/7b\/letizia-ortiz-premios-principe-asturias-2007.jpg\" width=\"650\" height=\"975\" data-lazy-src=\"https:\/\/img4.woman.es\/30\/c5\/7b\/letizia-ortiz-premios-principe-asturias-2007.jpg\" \/><\/p>\n<\/div>\n<div class=\"galleryContentTittle\">\n<h3>2006, con cuello alto<\/h3>\n<\/div>\n<div id=\"galeria-38656-2205243\" class=\"scroll-count galleryImage\" data-url-type=\"noticia scroll\" data-url-title=\"2006\" data-url=\"https:\/\/www.woman.es\/moda\/tendencias\/reina-letizia-premios-princesa-asturias-2020-lanza-importante-mensaje-look-firmado-delpozo?foto=14#galeria-38656-2205243\"><img loading=\"lazy\" decoding=\"async\" class=\"aligncenter size-full wp-image-156158\" src=\"https:\/\/graziamagazine.com\/es\/wp-content\/uploads\/sites\/12\/2020\/10\/reinaletizia2006g31a-a.jpg\" alt=\"La reina Letizia apuesta por un Delpozo en los Premios Princesa de Asturias 2020\" width=\"600\" height=\"850\" \/>\n<\/div>\n<div class=\"galleryContentTittle\">\n<h3>2004, con abrigo y vestido<\/h3>\n<\/div>\n<div id=\"galeria-38656-2205238\" class=\"scroll-count galleryImage\" data-url-type=\"noticia scroll\" data-url-title=\"2004\" data-url=\"https:\/\/www.woman.es\/moda\/tendencias\/reina-letizia-premios-princesa-asturias-2020-lanza-importante-mensaje-look-firmado-delpozo?foto=15#galeria-38656-2205238\"><img loading=\"lazy\" decoding=\"async\" class=\"lazy-render\" src=\"https:\/\/img1.woman.es\/31\/35\/31\/letizia-ortiz-premios-principe-asturias-2004.jpg\" width=\"650\" height=\"1023\" data-lazy-src=\"https:\/\/img1.woman.es\/31\/35\/31\/letizia-ortiz-premios-principe-asturias-2004.jpg\" \/><\/div>\n<\/div>\n<\/div>\n<\/div>\n<p>&nbsp;<\/p>\n<p><em>*Im\u00e1genes: Casa Real y Getty Images<\/em><\/p>\n<div class=\"articleGallery\">\n<div class=\"gallery-photo galleryContainer\">\n<h3><\/h3>\n<\/div>\n<\/div>\n<div class=\"boxinterest\">\n<div class=\"boxinterestContent\">\n<div id=\"taboola-below-article-thumbnails\" class=\" trc_related_container trc_spotlight_widget trc_elastic trc_elastic_thumbnails-a \" data-placement-name=\"Below Article Thumbnails\">\n<div class=\"trc_rbox_container\">\n<div>\n<div id=\"trc_wrapper_17944\" class=\"trc_rbox thumbnails-a trc-content-sponsored \">\n<div id=\"trc_header_17944\" class=\"trc_rbox_header trc_rbox_border_elm\">\n<div class=\"trc_header_ext\"><\/div>\n<\/div>\n<\/div>\n<\/div>\n<\/div>\n<\/div>\n<\/div>\n<\/div>\n<div style=\"width: 300px;height: 250px;background: initial\"><\/div>\n","protected":false},"author":11653,"featured_media":156163,"template":"","format":"standard","categories":[2971,13,2147],"acf":{"banner":null},"yoast_head":"<!-- This site is optimized with the Yoast SEO Premium plugin v18.5 (Yoast SEO v20.4) - https:\/\/yoast.com\/wordpress\/plugins\/seo\/ -->\n<title>La reina Letizia rompe con la tradici\u00f3n en los Premios Princesa de Asturias 2020: sin estreno, sin Varela y con vestidazo | Grazia<\/title>\n<meta name=\"description\" content=\"Do\u00f1a Letizia se ha saltado la tradici\u00f3n de llevar un Varela en una de las fechas m\u00e1s se\u00f1aladas de la agenda real, y ha recuperado de su armario un vestidazo que es pura maravilla.\" \/>\n<meta name=\"robots\" content=\"index, follow, max-snippet:-1, max-image-preview:large, max-video-preview:-1\" \/>\n<link rel=\"canonical\" href=\"https:\/\/graziamagazine.com\/es\/articles\/la-reina-letizia-rompe-con-la-tradicion-en-los-premios-princesa-de-asturias-2020-sin-estreno-sin-varela-y-con-vestidazo\/\" \/>\n<meta property=\"og:locale\" content=\"es_ES\" \/>\n<meta property=\"og:type\" content=\"article\" \/>\n<meta property=\"og:title\" content=\"La reina Letizia rompe con la tradici\u00f3n en los Premios Princesa de Asturias 2020: sin estreno, sin Varela y con vestidazo\" \/>\n<meta property=\"og:description\" content=\"Do\u00f1a Letizia se ha saltado la tradici\u00f3n de llevar un Varela en una de las fechas m\u00e1s se\u00f1aladas de la agenda real, y ha recuperado de su armario un vestidazo que es pura maravilla.\" \/>\n<meta property=\"og:url\" content=\"https:\/\/graziamagazine.com\/es\/articles\/la-reina-letizia-rompe-con-la-tradicion-en-los-premios-princesa-de-asturias-2020-sin-estreno-sin-varela-y-con-vestidazo\/\" \/>\n<meta property=\"og:site_name\" content=\"Grazia\" \/>\n<meta property=\"article:modified_time\" content=\"2020-10-16T17:58:31+00:00\" \/>\n<meta property=\"og:image\" content=\"https:\/\/graziamagazine.com\/es\/wp-content\/uploads\/sites\/12\/2020\/10\/letizia-t.jpg?fit=1240%2C744\" \/>\n\t<meta property=\"og:image:width\" content=\"1240\" \/>\n\t<meta property=\"og:image:height\" content=\"744\" \/>\n\t<meta property=\"og:image:type\" content=\"image\/jpeg\" \/>\n<meta name=\"twitter:card\" content=\"summary_large_image\" \/>\n<meta name=\"twitter:label1\" content=\"Est. reading time\" \/>\n\t<meta name=\"twitter:data1\" content=\"2 minutos\" \/>\n<script type=\"application\/ld+json\" class=\"yoast-schema-graph\">{\"@context\":\"https:\/\/schema.org\",\"@graph\":[{\"@type\":\"WebPage\",\"@id\":\"https:\/\/graziamagazine.com\/es\/articles\/la-reina-letizia-rompe-con-la-tradicion-en-los-premios-princesa-de-asturias-2020-sin-estreno-sin-varela-y-con-vestidazo\/\",\"url\":\"https:\/\/graziamagazine.com\/es\/articles\/la-reina-letizia-rompe-con-la-tradicion-en-los-premios-princesa-de-asturias-2020-sin-estreno-sin-varela-y-con-vestidazo\/\",\"name\":\"La reina Letizia rompe con la tradici\u00f3n en los Premios Princesa de Asturias 2020: sin estreno, sin Varela y con vestidazo | Grazia\",\"isPartOf\":{\"@id\":\"https:\/\/graziamagazine.com\/es\/#website\"},\"datePublished\":\"2020-10-16T17:57:04+00:00\",\"dateModified\":\"2020-10-16T17:58:31+00:00\",\"description\":\"Do\u00f1a Letizia se ha saltado la tradici\u00f3n de llevar un Varela en una de las fechas m\u00e1s se\u00f1aladas de la agenda real, y ha recuperado de su armario un vestidazo que es pura maravilla.\",\"breadcrumb\":{\"@id\":\"https:\/\/graziamagazine.com\/es\/articles\/la-reina-letizia-rompe-con-la-tradicion-en-los-premios-princesa-de-asturias-2020-sin-estreno-sin-varela-y-con-vestidazo\/#breadcrumb\"},\"inLanguage\":\"es\",\"potentialAction\":[{\"@type\":\"ReadAction\",\"target\":[\"https:\/\/graziamagazine.com\/es\/articles\/la-reina-letizia-rompe-con-la-tradicion-en-los-premios-princesa-de-asturias-2020-sin-estreno-sin-varela-y-con-vestidazo\/\"]}]},{\"@type\":\"BreadcrumbList\",\"@id\":\"https:\/\/graziamagazine.com\/es\/articles\/la-reina-letizia-rompe-con-la-tradicion-en-los-premios-princesa-de-asturias-2020-sin-estreno-sin-varela-y-con-vestidazo\/#breadcrumb\",\"itemListElement\":[{\"@type\":\"ListItem\",\"position\":1,\"name\":\"Portada\",\"item\":\"https:\/\/graziamagazine.com\/es\/\"},{\"@type\":\"ListItem\",\"position\":2,\"name\":\"La reina Letizia rompe con la tradici\u00f3n en los Premios Princesa de Asturias 2020: sin estreno, sin Varela y con vestidazo\"}]},{\"@type\":\"WebSite\",\"@id\":\"https:\/\/graziamagazine.com\/es\/#website\",\"url\":\"https:\/\/graziamagazine.com\/es\/\",\"name\":\"Grazia\",\"description\":\"Moda, belleza, celebrities, estilo de vida...\",\"potentialAction\":[{\"@type\":\"SearchAction\",\"target\":{\"@type\":\"EntryPoint\",\"urlTemplate\":\"https:\/\/graziamagazine.com\/es\/?s={search_term_string}\"},\"query-input\":\"required name=search_term_string\"}],\"inLanguage\":\"es\"}]}<\/script>\n<!-- \/ Yoast SEO Premium plugin. -->","yoast_head_json":{"title":"La reina Letizia rompe con la tradici\u00f3n en los Premios Princesa de Asturias 2020: sin estreno, sin Varela y con vestidazo | Grazia","description":"Do\u00f1a Letizia se ha saltado la tradici\u00f3n de llevar un Varela en una de las fechas m\u00e1s se\u00f1aladas de la agenda real, y ha recuperado de su armario un vestidazo que es pura maravilla.","robots":{"index":"index","follow":"follow","max-snippet":"max-snippet:-1","max-image-preview":"max-image-preview:large","max-video-preview":"max-video-preview:-1"},"canonical":"https:\/\/graziamagazine.com\/es\/articles\/la-reina-letizia-rompe-con-la-tradicion-en-los-premios-princesa-de-asturias-2020-sin-estreno-sin-varela-y-con-vestidazo\/","og_locale":"es_ES","og_type":"article","og_title":"La reina Letizia rompe con la tradici\u00f3n en los Premios Princesa de Asturias 2020: sin estreno, sin Varela y con vestidazo","og_description":"Do\u00f1a Letizia se ha saltado la tradici\u00f3n de llevar un Varela en una de las fechas m\u00e1s se\u00f1aladas de la agenda real, y ha recuperado de su armario un vestidazo que es pura maravilla.","og_url":"https:\/\/graziamagazine.com\/es\/articles\/la-reina-letizia-rompe-con-la-tradicion-en-los-premios-princesa-de-asturias-2020-sin-estreno-sin-varela-y-con-vestidazo\/","og_site_name":"Grazia","article_modified_time":"2020-10-16T17:58:31+00:00","og_image":[{"width":1240,"height":744,"url":"https:\/\/graziamagazine.com\/es\/wp-content\/uploads\/sites\/12\/2020\/10\/letizia-t.jpg?fit=1240%2C744","type":"image\/jpeg"}],"twitter_card":"summary_large_image","twitter_misc":{"Est. reading time":"2 minutos"},"schema":{"@context":"https:\/\/schema.org","@graph":[{"@type":"WebPage","@id":"https:\/\/graziamagazine.com\/es\/articles\/la-reina-letizia-rompe-con-la-tradicion-en-los-premios-princesa-de-asturias-2020-sin-estreno-sin-varela-y-con-vestidazo\/","url":"https:\/\/graziamagazine.com\/es\/articles\/la-reina-letizia-rompe-con-la-tradicion-en-los-premios-princesa-de-asturias-2020-sin-estreno-sin-varela-y-con-vestidazo\/","name":"La reina Letizia rompe con la tradici\u00f3n en los Premios Princesa de Asturias 2020: sin estreno, sin Varela y con vestidazo | Grazia","isPartOf":{"@id":"https:\/\/graziamagazine.com\/es\/#website"},"datePublished":"2020-10-16T17:57:04+00:00","dateModified":"2020-10-16T17:58:31+00:00","description":"Do\u00f1a Letizia se ha saltado la tradici\u00f3n de llevar un Varela en una de las fechas m\u00e1s se\u00f1aladas de la agenda real, y ha recuperado de su armario un vestidazo que es pura maravilla.","breadcrumb":{"@id":"https:\/\/graziamagazine.com\/es\/articles\/la-reina-letizia-rompe-con-la-tradicion-en-los-premios-princesa-de-asturias-2020-sin-estreno-sin-varela-y-con-vestidazo\/#breadcrumb"},"inLanguage":"es","potentialAction":[{"@type":"ReadAction","target":["https:\/\/graziamagazine.com\/es\/articles\/la-reina-letizia-rompe-con-la-tradicion-en-los-premios-princesa-de-asturias-2020-sin-estreno-sin-varela-y-con-vestidazo\/"]}]},{"@type":"BreadcrumbList","@id":"https:\/\/graziamagazine.com\/es\/articles\/la-reina-letizia-rompe-con-la-tradicion-en-los-premios-princesa-de-asturias-2020-sin-estreno-sin-varela-y-con-vestidazo\/#breadcrumb","itemListElement":[{"@type":"ListItem","position":1,"name":"Portada","item":"https:\/\/graziamagazine.com\/es\/"},{"@type":"ListItem","position":2,"name":"La reina Letizia rompe con la tradici\u00f3n en los Premios Princesa de Asturias 2020: sin estreno, sin Varela y con vestidazo"}]},{"@type":"WebSite","@id":"https:\/\/graziamagazine.com\/es\/#website","url":"https:\/\/graziamagazine.com\/es\/","name":"Grazia","description":"Moda, belleza, celebrities, estilo de vida...","potentialAction":[{"@type":"SearchAction","target":{"@type":"EntryPoint","urlTemplate":"https:\/\/graziamagazine.com\/es\/?s={search_term_string}"},"query-input":"required name=search_term_string"}],"inLanguage":"es"}]}},"jetpack_sharing_enabled":true,"distributor_meta":false,"distributor_terms":false,"distributor_media":false,"distributor_original_site_name":"Grazia","distributor_original_site_url":"https:\/\/graziamagazine.com\/es","push-errors":false,"_links":{"self":[{"href":"https:\/\/graziamagazine.com\/es\/wp-json\/wp\/v2\/articles\/156157"}],"collection":[{"href":"https:\/\/graziamagazine.com\/es\/wp-json\/wp\/v2\/articles"}],"about":[{"href":"https:\/\/graziamagazine.com\/es\/wp-json\/wp\/v2\/types\/articles"}],"author":[{"embeddable":true,"href":"https:\/\/graziamagazine.com\/es\/wp-json\/wp\/v2\/users\/11653"}],"wp:featuredmedia":[{"embeddable":true,"href":"https:\/\/graziamagazine.com\/es\/wp-json\/wp\/v2\/media\/156163"}],"wp:attachment":[{"href":"https:\/\/graziamagazine.com\/es\/wp-json\/wp\/v2\/media?parent=156157"}],"wp:term":[{"taxonomy":"category","embeddable":true,"href":"https:\/\/graziamagazine.com\/es\/wp-json\/wp\/v2\/categories?post=156157"}],"curies":[{"name":"wp","href":"https:\/\/api.w.org\/{rel}","templated":true}]}}