{"id":156083,"date":"2020-10-13T18:26:49","date_gmt":"2020-10-13T16:26:49","guid":{"rendered":"https:\/\/graziamagazine.com\/es\/?post_type=articles&#038;p=156083"},"modified":"2020-10-13T18:26:49","modified_gmt":"2020-10-13T16:26:49","slug":"la-coleccion-de-moda-lidl-llega-por-fin-online-a-espana-despues-de-arrasar-por-toda-europa","status":"publish","type":"articles","link":"https:\/\/graziamagazine.com\/es\/articles\/la-coleccion-de-moda-lidl-llega-por-fin-online-a-espana-despues-de-arrasar-por-toda-europa\/","title":{"rendered":"La colecci\u00f3n de moda Lidl llega por fin online a Espa\u00f1a despu\u00e9s de arrasar por toda Europa"},"content":{"rendered":"<p>Lidl sigue apostando por democratizar la moda con su propia colecci\u00f3n de moda con unidades limitadas en su tienda online, y esa colecci\u00f3n por fin llega a Espa\u00f1a. Una colecci\u00f3n llamada <strong>Flow Cost de Lidl<\/strong> que rompe con la idea de que los precios <em>low<\/em> no est\u00e1n re\u00f1idos con el <em>flow<\/em> y causando un furor que vuelve a despertar la moda de la \u2018logoman\u00eda\u2019, con camisetas, sandalias, gorras y las ya c\u00e9lebres zapatillas deportivas con los colores corporativos de la ense\u00f1a.<\/p>\n<p>Son muchos los fans de la marca que est\u00e1n dispuestos a hacer colas interminables por los nuevos lanzamientos de Lidl y, m\u00e1s concretamente, por sus recientes colecciones de ropa. El fen\u00f3meno de la <strong>democratizaci\u00f3n de la moda<\/strong> ha llegado con Lidl y ya no hay vuelta atr\u00e1s.<\/p>\n<p><img loading=\"lazy\" decoding=\"async\" class=\"aligncenter size-full wp-image-156087\" src=\"https:\/\/graziamagazine.com\/es\/wp-content\/uploads\/sites\/12\/2020\/10\/a359024_03_CMS.jpg\" alt=\"La colecci\u00f3n de moda Lidl llega por fin online a Espa\u00f1a despu\u00e9s de arrasar por toda Europa\" width=\"1024\" height=\"768\" \/><\/p>\n<p>En todos sus lanzamientos, Lidl tiene como objetivo principal satisfacer las necesidades de sus clientes. <strong>En este caso, no iba a ser diferente, la compa\u00f1\u00eda lanz\u00f3 su colecci\u00f3n de moda propia debido a las peticiones de sus clientes.<\/strong> Todo empez\u00f3 como una noticia preparada \u00a0para el <em>April Fools\u2019 Day<\/em>, el d\u00eda de los santos inocentes en Alemania, en el que Lidl anunciaba que presentar\u00edan su propia colecci\u00f3n de moda. Una vez desvelado que la informaci\u00f3n no era real, los clientes empezaron a pedirla entusiasmados por la idea, convirtiendo el art\u00edculo en viral incluso antes de que fuese una realidad.<\/p>\n<blockquote><p>Actualmente, la colecci\u00f3n ya se ha comercializado en diferentes pa\u00edses como en Alemania, Finlandia y Francia en los cuales ha cosechado un rotundo \u00e9xito. Es tan as\u00ed que algunos de los clientes han revendido las <em>sneakers<\/em> por precios que alcanzaban los 500 euros.<\/p><\/blockquote>\n<p>Una de las piezas m\u00e1s esperadas de esta colecci\u00f3n son las <strong>zapatillas m\u00e1s virales del a\u00f1o<\/strong> que contienen los colores del logo de Lidl (amarillo, azul y rojo) y han arrasado en Europa por s\u00f3lo <strong>19,99 euros<\/strong>. Adem\u00e1s, cuenta <strong>con camisetas tanto para hombre como para mujer, calcetines, gorras y chanclas con el logo de la marca <\/strong>que prometen causar sensaci\u00f3n. Todos los art\u00edculos de la colecci\u00f3n se comercializar\u00e1n de forma limitada en el canal <em>ecommerce<\/em> de la compa\u00f1\u00eda en Espa\u00f1a a partir de este jueves 14 de octubre.<\/p>\n<p><img loading=\"lazy\" decoding=\"async\" class=\"aligncenter size-full wp-image-156086\" src=\"https:\/\/graziamagazine.com\/es\/wp-content\/uploads\/sites\/12\/2020\/10\/a343803_03_CMS.jpg\" alt=\"La colecci\u00f3n de moda Lidl llega por fin online a Espa\u00f1a despu\u00e9s de arrasar por toda Europa\" width=\"1024\" height=\"768\" \/><\/p>\n<p>Esta campa\u00f1a coincide con el <strong>segundo aniversario del canal <em>ecommerce<\/em><\/strong> de la compa\u00f1\u00eda, que no ha dejado de cosechar \u00e9xitos estos \u00faltimos dos a\u00f1os y que celebra durante este mes de octubre con env\u00edos gratis por compras a partir de 50 euros.<\/p>\n<p><em>*Im\u00e1genes: Cortes\u00eda<\/em><\/p>\n","protected":false},"author":11653,"featured_media":156084,"template":"","format":"standard","categories":[2971,1],"acf":{"banner":null},"yoast_head":"<!-- This site is optimized with the Yoast SEO Premium plugin v18.5 (Yoast SEO v20.4) - https:\/\/yoast.com\/wordpress\/plugins\/seo\/ -->\n<title>La colecci\u00f3n de moda Lidl llega por fin online a Espa\u00f1a despu\u00e9s de arrasar por toda Europa | Grazia<\/title>\n<meta name=\"description\" content=\"La colecci\u00f3n limitada cuenta con art\u00edculos como camisetas, chanclas, calcetines y las famosas sneakers todo a un precio inferior a 20 euros.\" \/>\n<meta name=\"robots\" content=\"index, follow, max-snippet:-1, max-image-preview:large, max-video-preview:-1\" \/>\n<link rel=\"canonical\" href=\"https:\/\/graziamagazine.com\/es\/articles\/la-coleccion-de-moda-lidl-llega-por-fin-online-a-espana-despues-de-arrasar-por-toda-europa\/\" \/>\n<meta property=\"og:locale\" content=\"es_ES\" \/>\n<meta property=\"og:type\" content=\"article\" \/>\n<meta property=\"og:title\" content=\"La colecci\u00f3n de moda Lidl llega por fin online a Espa\u00f1a despu\u00e9s de arrasar por toda Europa\" \/>\n<meta property=\"og:description\" content=\"La colecci\u00f3n limitada cuenta con art\u00edculos como camisetas, chanclas, calcetines y las famosas sneakers todo a un precio inferior a 20 euros.\" \/>\n<meta property=\"og:url\" content=\"https:\/\/graziamagazine.com\/es\/articles\/la-coleccion-de-moda-lidl-llega-por-fin-online-a-espana-despues-de-arrasar-por-toda-europa\/\" \/>\n<meta property=\"og:site_name\" content=\"Grazia\" \/>\n<meta property=\"og:image\" content=\"https:\/\/graziamagazine.com\/es\/wp-content\/uploads\/sites\/12\/2020\/10\/a343803_07_CMS.jpg?fit=3000%2C2250\" \/>\n\t<meta property=\"og:image:width\" content=\"3000\" \/>\n\t<meta property=\"og:image:height\" content=\"2250\" \/>\n\t<meta property=\"og:image:type\" content=\"image\/jpeg\" \/>\n<meta name=\"twitter:card\" content=\"summary_large_image\" \/>\n<meta name=\"twitter:label1\" content=\"Est. reading time\" \/>\n\t<meta name=\"twitter:data1\" content=\"2 minutos\" \/>\n<script type=\"application\/ld+json\" class=\"yoast-schema-graph\">{\"@context\":\"https:\/\/schema.org\",\"@graph\":[{\"@type\":\"WebPage\",\"@id\":\"https:\/\/graziamagazine.com\/es\/articles\/la-coleccion-de-moda-lidl-llega-por-fin-online-a-espana-despues-de-arrasar-por-toda-europa\/\",\"url\":\"https:\/\/graziamagazine.com\/es\/articles\/la-coleccion-de-moda-lidl-llega-por-fin-online-a-espana-despues-de-arrasar-por-toda-europa\/\",\"name\":\"La colecci\u00f3n de moda Lidl llega por fin online a Espa\u00f1a despu\u00e9s de arrasar por toda Europa | Grazia\",\"isPartOf\":{\"@id\":\"https:\/\/graziamagazine.com\/es\/#website\"},\"datePublished\":\"2020-10-13T16:26:49+00:00\",\"dateModified\":\"2020-10-13T16:26:49+00:00\",\"description\":\"La colecci\u00f3n limitada cuenta con art\u00edculos como camisetas, chanclas, calcetines y las famosas sneakers todo a un precio inferior a 20 euros.\",\"breadcrumb\":{\"@id\":\"https:\/\/graziamagazine.com\/es\/articles\/la-coleccion-de-moda-lidl-llega-por-fin-online-a-espana-despues-de-arrasar-por-toda-europa\/#breadcrumb\"},\"inLanguage\":\"es\",\"potentialAction\":[{\"@type\":\"ReadAction\",\"target\":[\"https:\/\/graziamagazine.com\/es\/articles\/la-coleccion-de-moda-lidl-llega-por-fin-online-a-espana-despues-de-arrasar-por-toda-europa\/\"]}]},{\"@type\":\"BreadcrumbList\",\"@id\":\"https:\/\/graziamagazine.com\/es\/articles\/la-coleccion-de-moda-lidl-llega-por-fin-online-a-espana-despues-de-arrasar-por-toda-europa\/#breadcrumb\",\"itemListElement\":[{\"@type\":\"ListItem\",\"position\":1,\"name\":\"Portada\",\"item\":\"https:\/\/graziamagazine.com\/es\/\"},{\"@type\":\"ListItem\",\"position\":2,\"name\":\"La colecci\u00f3n de moda Lidl llega por fin online a Espa\u00f1a despu\u00e9s de arrasar por toda Europa\"}]},{\"@type\":\"WebSite\",\"@id\":\"https:\/\/graziamagazine.com\/es\/#website\",\"url\":\"https:\/\/graziamagazine.com\/es\/\",\"name\":\"Grazia\",\"description\":\"Moda, belleza, celebrities, estilo de vida...\",\"potentialAction\":[{\"@type\":\"SearchAction\",\"target\":{\"@type\":\"EntryPoint\",\"urlTemplate\":\"https:\/\/graziamagazine.com\/es\/?s={search_term_string}\"},\"query-input\":\"required name=search_term_string\"}],\"inLanguage\":\"es\"}]}<\/script>\n<!-- \/ Yoast SEO Premium plugin. -->","yoast_head_json":{"title":"La colecci\u00f3n de moda Lidl llega por fin online a Espa\u00f1a despu\u00e9s de arrasar por toda Europa | Grazia","description":"La colecci\u00f3n limitada cuenta con art\u00edculos como camisetas, chanclas, calcetines y las famosas sneakers todo a un precio inferior a 20 euros.","robots":{"index":"index","follow":"follow","max-snippet":"max-snippet:-1","max-image-preview":"max-image-preview:large","max-video-preview":"max-video-preview:-1"},"canonical":"https:\/\/graziamagazine.com\/es\/articles\/la-coleccion-de-moda-lidl-llega-por-fin-online-a-espana-despues-de-arrasar-por-toda-europa\/","og_locale":"es_ES","og_type":"article","og_title":"La colecci\u00f3n de moda Lidl llega por fin online a Espa\u00f1a despu\u00e9s de arrasar por toda Europa","og_description":"La colecci\u00f3n limitada cuenta con art\u00edculos como camisetas, chanclas, calcetines y las famosas sneakers todo a un precio inferior a 20 euros.","og_url":"https:\/\/graziamagazine.com\/es\/articles\/la-coleccion-de-moda-lidl-llega-por-fin-online-a-espana-despues-de-arrasar-por-toda-europa\/","og_site_name":"Grazia","og_image":[{"width":3000,"height":2250,"url":"https:\/\/graziamagazine.com\/es\/wp-content\/uploads\/sites\/12\/2020\/10\/a343803_07_CMS.jpg?fit=3000%2C2250","type":"image\/jpeg"}],"twitter_card":"summary_large_image","twitter_misc":{"Est. reading time":"2 minutos"},"schema":{"@context":"https:\/\/schema.org","@graph":[{"@type":"WebPage","@id":"https:\/\/graziamagazine.com\/es\/articles\/la-coleccion-de-moda-lidl-llega-por-fin-online-a-espana-despues-de-arrasar-por-toda-europa\/","url":"https:\/\/graziamagazine.com\/es\/articles\/la-coleccion-de-moda-lidl-llega-por-fin-online-a-espana-despues-de-arrasar-por-toda-europa\/","name":"La colecci\u00f3n de moda Lidl llega por fin online a Espa\u00f1a despu\u00e9s de arrasar por toda Europa | Grazia","isPartOf":{"@id":"https:\/\/graziamagazine.com\/es\/#website"},"datePublished":"2020-10-13T16:26:49+00:00","dateModified":"2020-10-13T16:26:49+00:00","description":"La colecci\u00f3n limitada cuenta con art\u00edculos como camisetas, chanclas, calcetines y las famosas sneakers todo a un precio inferior a 20 euros.","breadcrumb":{"@id":"https:\/\/graziamagazine.com\/es\/articles\/la-coleccion-de-moda-lidl-llega-por-fin-online-a-espana-despues-de-arrasar-por-toda-europa\/#breadcrumb"},"inLanguage":"es","potentialAction":[{"@type":"ReadAction","target":["https:\/\/graziamagazine.com\/es\/articles\/la-coleccion-de-moda-lidl-llega-por-fin-online-a-espana-despues-de-arrasar-por-toda-europa\/"]}]},{"@type":"BreadcrumbList","@id":"https:\/\/graziamagazine.com\/es\/articles\/la-coleccion-de-moda-lidl-llega-por-fin-online-a-espana-despues-de-arrasar-por-toda-europa\/#breadcrumb","itemListElement":[{"@type":"ListItem","position":1,"name":"Portada","item":"https:\/\/graziamagazine.com\/es\/"},{"@type":"ListItem","position":2,"name":"La colecci\u00f3n de moda Lidl llega por fin online a Espa\u00f1a despu\u00e9s de arrasar por toda Europa"}]},{"@type":"WebSite","@id":"https:\/\/graziamagazine.com\/es\/#website","url":"https:\/\/graziamagazine.com\/es\/","name":"Grazia","description":"Moda, belleza, celebrities, estilo de vida...","potentialAction":[{"@type":"SearchAction","target":{"@type":"EntryPoint","urlTemplate":"https:\/\/graziamagazine.com\/es\/?s={search_term_string}"},"query-input":"required name=search_term_string"}],"inLanguage":"es"}]}},"jetpack_sharing_enabled":true,"distributor_meta":false,"distributor_terms":false,"distributor_media":false,"distributor_original_site_name":"Grazia","distributor_original_site_url":"https:\/\/graziamagazine.com\/es","push-errors":false,"_links":{"self":[{"href":"https:\/\/graziamagazine.com\/es\/wp-json\/wp\/v2\/articles\/156083"}],"collection":[{"href":"https:\/\/graziamagazine.com\/es\/wp-json\/wp\/v2\/articles"}],"about":[{"href":"https:\/\/graziamagazine.com\/es\/wp-json\/wp\/v2\/types\/articles"}],"author":[{"embeddable":true,"href":"https:\/\/graziamagazine.com\/es\/wp-json\/wp\/v2\/users\/11653"}],"wp:featuredmedia":[{"embeddable":true,"href":"https:\/\/graziamagazine.com\/es\/wp-json\/wp\/v2\/media\/156084"}],"wp:attachment":[{"href":"https:\/\/graziamagazine.com\/es\/wp-json\/wp\/v2\/media?parent=156083"}],"wp:term":[{"taxonomy":"category","embeddable":true,"href":"https:\/\/graziamagazine.com\/es\/wp-json\/wp\/v2\/categories?post=156083"}],"curies":[{"name":"wp","href":"https:\/\/api.w.org\/{rel}","templated":true}]}}