{"id":155995,"date":"2020-10-07T20:16:44","date_gmt":"2020-10-07T18:16:44","guid":{"rendered":"https:\/\/graziamagazine.com\/es\/?post_type=articles&#038;p=155995"},"modified":"2020-10-07T20:16:44","modified_gmt":"2020-10-07T18:16:44","slug":"kate-middleton-vuelve-a-elegir-massimo-dutti-y-estrena-el-abrigo-perfecto-del-invierno","status":"publish","type":"articles","link":"https:\/\/graziamagazine.com\/es\/articles\/kate-middleton-vuelve-a-elegir-massimo-dutti-y-estrena-el-abrigo-perfecto-del-invierno\/","title":{"rendered":"Kate Middleton vuelve a elegir Massimo Dutti y estrena el abrigo perfecto del invierno"},"content":{"rendered":"<p>Parece que las agendas del mundo, y con ellas las de las royals europeas, se est\u00e1n reactivando. Acabamos de ver a Kate Middleton con un look muy f\u00e1cil y estiloso para llevar este pr\u00f3ximo invierno.<\/p>\n<p><strong>La Duquesa es muy dada a elegir ropa made in Spain<\/strong>, y son muchas las ocasiones en las que hemos visto c\u00f3mo elige prendas de las principales marcas de uno de nuestros granees grupos de moda: Inditex. <strong>La \u00faltima prenda que ha elegido la encontramos en la colecci\u00f3n oto\u00f1o invierno de Massimo Dutti.\u00a0<\/strong><\/p>\n<p><img loading=\"lazy\" decoding=\"async\" class=\"aligncenter size-full wp-image-155998\" src=\"https:\/\/graziamagazine.com\/es\/wp-content\/uploads\/sites\/12\/2020\/10\/1366_2000-76.jpeg\" alt=\"Kate Middleton vuelve a elegir Massimo Dutti y estrena el abrigo perfecto del invierno\" width=\"1024\" height=\"1691\" \/><\/p>\n<p>No es la primera vez que la vemos con prendas de la firma, y en esta ocasi\u00f3n ha estrenado un abrigo handmade de lana, s\u00faper calentito para los d\u00edas de fr\u00edo, con estampado de cuadros, cuello con solapa y un solo bot\u00f3n en el cierre, con corte recto. <a href=\"https:\/\/www.massimodutti.com\/es\/mujer\/abrigo-handmade-cuadros-lana-c1842525p8934832.html?colorId=710\" target=\"_blank\"><strong>El abrigo sigue disponible en la web de la firma desde la talla XS a la L y cuesta 199 euros.\u00a0<\/strong><\/a><\/p>\n<p><img loading=\"lazy\" decoding=\"async\" class=\"aligncenter size-full wp-image-155997\" src=\"https:\/\/graziamagazine.com\/es\/wp-content\/uploads\/sites\/12\/2020\/10\/6438948710_2_7_16.jpg\" alt=\"Kate Middleton vuelve a elegir Massimo Dutti y estrena el abrigo perfecto del invierno\" width=\"500\" height=\"666\" \/><\/p>\n<div class=\"descriptionDot\">De hecho, el abrigo no es la \u00fanica prenda del outfit de la Duquesa, tambi\u00e9n apost\u00f3 por un jersey de cashmere en azul beb\u00e9, que combin\u00f3 con un pantal\u00f3n de vestir recto, de largo por encima del tobillo. <a href=\"https:\/\/www.massimodutti.com\/es\/mujer\/jersey-100%25-cashmere-cuello-redondo-c1842525p8937477.html?colorId=982https:\/\/www.massimodutti.com\/es\/mujer\/jersey-100%25-cashmere-cuello-redondo-c1842525p8937477.html?colorId=982\" target=\"_blank\">En la web tiene un precio de 99,95 euros.<\/a><\/div>\n<div><\/div>\n<div><img loading=\"lazy\" decoding=\"async\" class=\"aligncenter size-full wp-image-155999\" src=\"https:\/\/graziamagazine.com\/es\/wp-content\/uploads\/sites\/12\/2020\/10\/5621511982_2_3_16.jpg\" alt=\"Kate Middleton vuelve a elegir Massimo Dutti y estrena el abrigo perfecto del invierno\" width=\"500\" height=\"666\" \/><\/div>\n<ul class=\"ng-scope\" style=\"margin: 0px;padding: 10px 0px 20px;width: 338.234px;color: #000000;font-family: BasisGrotesque-Regular-Pro;font-size: 14px;font-style: normal;font-weight: 400;letter-spacing: normal;text-align: left;text-indent: 0px;text-transform: none;background-color: #ffffff\">\n<li class=\"description ng-scope\"><\/li>\n<\/ul>\n<p><em>*Im\u00e1genes: Getty Images y cortes\u00eda Massimo Dutti.\u00a0<\/em><\/p>\n<p>&nbsp;<\/p>\n","protected":false},"author":11653,"featured_media":156000,"template":"","format":"standard","categories":[13,1,2147],"acf":[],"yoast_head":"<!-- This site is optimized with the Yoast SEO Premium plugin v18.5 (Yoast SEO v20.4) - https:\/\/yoast.com\/wordpress\/plugins\/seo\/ -->\n<title>Kate Middleton vuelve a elegir Massimo Dutti y estrena el abrigo perfecto del invierno | Grazia<\/title>\n<meta name=\"description\" content=\"La Duquesa de Cambridge vuelve a demostrar que es fiel seguidora de la moda espa\u00f1ola y las firmas del grupo Inditex y elige este abrigo que (de momento) no se ha agotado.\" \/>\n<meta name=\"robots\" content=\"index, follow, max-snippet:-1, max-image-preview:large, max-video-preview:-1\" \/>\n<link rel=\"canonical\" href=\"https:\/\/graziamagazine.com\/es\/articles\/kate-middleton-vuelve-a-elegir-massimo-dutti-y-estrena-el-abrigo-perfecto-del-invierno\/\" \/>\n<meta property=\"og:locale\" content=\"es_ES\" \/>\n<meta property=\"og:type\" content=\"article\" \/>\n<meta property=\"og:title\" content=\"Kate Middleton vuelve a elegir Massimo Dutti y estrena el abrigo perfecto del invierno\" \/>\n<meta property=\"og:description\" content=\"La Duquesa de Cambridge vuelve a demostrar que es fiel seguidora de la moda espa\u00f1ola y las firmas del grupo Inditex y elige este abrigo que (de momento) no se ha agotado.\" \/>\n<meta property=\"og:url\" content=\"https:\/\/graziamagazine.com\/es\/articles\/kate-middleton-vuelve-a-elegir-massimo-dutti-y-estrena-el-abrigo-perfecto-del-invierno\/\" \/>\n<meta property=\"og:site_name\" content=\"Grazia\" \/>\n<meta property=\"og:image\" content=\"https:\/\/graziamagazine.com\/es\/wp-content\/uploads\/sites\/12\/2020\/10\/Captura-de-pantalla-2020-10-07-a-las-20.13.55.png?fit=1011%2C727\" \/>\n\t<meta property=\"og:image:width\" content=\"1011\" \/>\n\t<meta property=\"og:image:height\" content=\"727\" \/>\n\t<meta property=\"og:image:type\" content=\"image\/png\" \/>\n<meta name=\"twitter:card\" content=\"summary_large_image\" \/>\n<meta name=\"twitter:label1\" content=\"Est. reading time\" \/>\n\t<meta name=\"twitter:data1\" content=\"1 minuto\" \/>\n<script type=\"application\/ld+json\" class=\"yoast-schema-graph\">{\"@context\":\"https:\/\/schema.org\",\"@graph\":[{\"@type\":\"WebPage\",\"@id\":\"https:\/\/graziamagazine.com\/es\/articles\/kate-middleton-vuelve-a-elegir-massimo-dutti-y-estrena-el-abrigo-perfecto-del-invierno\/\",\"url\":\"https:\/\/graziamagazine.com\/es\/articles\/kate-middleton-vuelve-a-elegir-massimo-dutti-y-estrena-el-abrigo-perfecto-del-invierno\/\",\"name\":\"Kate Middleton vuelve a elegir Massimo Dutti y estrena el abrigo perfecto del invierno | Grazia\",\"isPartOf\":{\"@id\":\"https:\/\/graziamagazine.com\/es\/#website\"},\"datePublished\":\"2020-10-07T18:16:44+00:00\",\"dateModified\":\"2020-10-07T18:16:44+00:00\",\"description\":\"La Duquesa de Cambridge vuelve a demostrar que es fiel seguidora de la moda espa\u00f1ola y las firmas del grupo Inditex y elige este abrigo que (de momento) no se ha agotado.\",\"breadcrumb\":{\"@id\":\"https:\/\/graziamagazine.com\/es\/articles\/kate-middleton-vuelve-a-elegir-massimo-dutti-y-estrena-el-abrigo-perfecto-del-invierno\/#breadcrumb\"},\"inLanguage\":\"es\",\"potentialAction\":[{\"@type\":\"ReadAction\",\"target\":[\"https:\/\/graziamagazine.com\/es\/articles\/kate-middleton-vuelve-a-elegir-massimo-dutti-y-estrena-el-abrigo-perfecto-del-invierno\/\"]}]},{\"@type\":\"BreadcrumbList\",\"@id\":\"https:\/\/graziamagazine.com\/es\/articles\/kate-middleton-vuelve-a-elegir-massimo-dutti-y-estrena-el-abrigo-perfecto-del-invierno\/#breadcrumb\",\"itemListElement\":[{\"@type\":\"ListItem\",\"position\":1,\"name\":\"Portada\",\"item\":\"https:\/\/graziamagazine.com\/es\/\"},{\"@type\":\"ListItem\",\"position\":2,\"name\":\"Kate Middleton vuelve a elegir Massimo Dutti y estrena el abrigo perfecto del invierno\"}]},{\"@type\":\"WebSite\",\"@id\":\"https:\/\/graziamagazine.com\/es\/#website\",\"url\":\"https:\/\/graziamagazine.com\/es\/\",\"name\":\"Grazia\",\"description\":\"Moda, belleza, celebrities, estilo de vida...\",\"potentialAction\":[{\"@type\":\"SearchAction\",\"target\":{\"@type\":\"EntryPoint\",\"urlTemplate\":\"https:\/\/graziamagazine.com\/es\/?s={search_term_string}\"},\"query-input\":\"required name=search_term_string\"}],\"inLanguage\":\"es\"}]}<\/script>\n<!-- \/ Yoast SEO Premium plugin. -->","yoast_head_json":{"title":"Kate Middleton vuelve a elegir Massimo Dutti y estrena el abrigo perfecto del invierno | Grazia","description":"La Duquesa de Cambridge vuelve a demostrar que es fiel seguidora de la moda espa\u00f1ola y las firmas del grupo Inditex y elige este abrigo que (de momento) no se ha agotado.","robots":{"index":"index","follow":"follow","max-snippet":"max-snippet:-1","max-image-preview":"max-image-preview:large","max-video-preview":"max-video-preview:-1"},"canonical":"https:\/\/graziamagazine.com\/es\/articles\/kate-middleton-vuelve-a-elegir-massimo-dutti-y-estrena-el-abrigo-perfecto-del-invierno\/","og_locale":"es_ES","og_type":"article","og_title":"Kate Middleton vuelve a elegir Massimo Dutti y estrena el abrigo perfecto del invierno","og_description":"La Duquesa de Cambridge vuelve a demostrar que es fiel seguidora de la moda espa\u00f1ola y las firmas del grupo Inditex y elige este abrigo que (de momento) no se ha agotado.","og_url":"https:\/\/graziamagazine.com\/es\/articles\/kate-middleton-vuelve-a-elegir-massimo-dutti-y-estrena-el-abrigo-perfecto-del-invierno\/","og_site_name":"Grazia","og_image":[{"width":1011,"height":727,"url":"https:\/\/graziamagazine.com\/es\/wp-content\/uploads\/sites\/12\/2020\/10\/Captura-de-pantalla-2020-10-07-a-las-20.13.55.png?fit=1011%2C727","type":"image\/png"}],"twitter_card":"summary_large_image","twitter_misc":{"Est. reading time":"1 minuto"},"schema":{"@context":"https:\/\/schema.org","@graph":[{"@type":"WebPage","@id":"https:\/\/graziamagazine.com\/es\/articles\/kate-middleton-vuelve-a-elegir-massimo-dutti-y-estrena-el-abrigo-perfecto-del-invierno\/","url":"https:\/\/graziamagazine.com\/es\/articles\/kate-middleton-vuelve-a-elegir-massimo-dutti-y-estrena-el-abrigo-perfecto-del-invierno\/","name":"Kate Middleton vuelve a elegir Massimo Dutti y estrena el abrigo perfecto del invierno | Grazia","isPartOf":{"@id":"https:\/\/graziamagazine.com\/es\/#website"},"datePublished":"2020-10-07T18:16:44+00:00","dateModified":"2020-10-07T18:16:44+00:00","description":"La Duquesa de Cambridge vuelve a demostrar que es fiel seguidora de la moda espa\u00f1ola y las firmas del grupo Inditex y elige este abrigo que (de momento) no se ha agotado.","breadcrumb":{"@id":"https:\/\/graziamagazine.com\/es\/articles\/kate-middleton-vuelve-a-elegir-massimo-dutti-y-estrena-el-abrigo-perfecto-del-invierno\/#breadcrumb"},"inLanguage":"es","potentialAction":[{"@type":"ReadAction","target":["https:\/\/graziamagazine.com\/es\/articles\/kate-middleton-vuelve-a-elegir-massimo-dutti-y-estrena-el-abrigo-perfecto-del-invierno\/"]}]},{"@type":"BreadcrumbList","@id":"https:\/\/graziamagazine.com\/es\/articles\/kate-middleton-vuelve-a-elegir-massimo-dutti-y-estrena-el-abrigo-perfecto-del-invierno\/#breadcrumb","itemListElement":[{"@type":"ListItem","position":1,"name":"Portada","item":"https:\/\/graziamagazine.com\/es\/"},{"@type":"ListItem","position":2,"name":"Kate Middleton vuelve a elegir Massimo Dutti y estrena el abrigo perfecto del invierno"}]},{"@type":"WebSite","@id":"https:\/\/graziamagazine.com\/es\/#website","url":"https:\/\/graziamagazine.com\/es\/","name":"Grazia","description":"Moda, belleza, celebrities, estilo de vida...","potentialAction":[{"@type":"SearchAction","target":{"@type":"EntryPoint","urlTemplate":"https:\/\/graziamagazine.com\/es\/?s={search_term_string}"},"query-input":"required name=search_term_string"}],"inLanguage":"es"}]}},"jetpack_sharing_enabled":true,"distributor_meta":false,"distributor_terms":false,"distributor_media":false,"distributor_original_site_name":"Grazia","distributor_original_site_url":"https:\/\/graziamagazine.com\/es","push-errors":false,"_links":{"self":[{"href":"https:\/\/graziamagazine.com\/es\/wp-json\/wp\/v2\/articles\/155995"}],"collection":[{"href":"https:\/\/graziamagazine.com\/es\/wp-json\/wp\/v2\/articles"}],"about":[{"href":"https:\/\/graziamagazine.com\/es\/wp-json\/wp\/v2\/types\/articles"}],"author":[{"embeddable":true,"href":"https:\/\/graziamagazine.com\/es\/wp-json\/wp\/v2\/users\/11653"}],"wp:featuredmedia":[{"embeddable":true,"href":"https:\/\/graziamagazine.com\/es\/wp-json\/wp\/v2\/media\/156000"}],"wp:attachment":[{"href":"https:\/\/graziamagazine.com\/es\/wp-json\/wp\/v2\/media?parent=155995"}],"wp:term":[{"taxonomy":"category","embeddable":true,"href":"https:\/\/graziamagazine.com\/es\/wp-json\/wp\/v2\/categories?post=155995"}],"curies":[{"name":"wp","href":"https:\/\/api.w.org\/{rel}","templated":true}]}}