{"id":155784,"date":"2020-09-24T19:32:13","date_gmt":"2020-09-24T17:32:13","guid":{"rendered":"https:\/\/graziamagazine.com\/es\/?post_type=articles&#038;p=155784"},"modified":"2020-09-24T19:38:28","modified_gmt":"2020-09-24T17:38:28","slug":"sobria-sostenible-y-atemporal-asi-es-la-coleccion-de-raf-simons-y-miuccia-prada","status":"publish","type":"articles","link":"https:\/\/graziamagazine.com\/es\/articles\/sobria-sostenible-y-atemporal-asi-es-la-coleccion-de-raf-simons-y-miuccia-prada\/","title":{"rendered":"Sobria, sostenible y atemporal, as\u00ed es la colecci\u00f3n de Raf Simons y Miuccia Prada"},"content":{"rendered":"<p>Desde que se conoci\u00f3 la noticia, los ac\u00e9rrimos seguidores de la moda y las pasarelas esperaban con ansia este d\u00eda para ver la primera colecci\u00f3n a dos manos, las del debut de Raf Simons y las de la ya veterana Miuccia Prada en lo que para muchos es una nueva era de la casa italiana Prada.<\/p>\n<p>Un desfile inspirado en la mediaci\u00f3n entre la humanidad y la tecnolog\u00eda, teniendo como resultado una serie de siluetas y procesos creativos atemporales y funcionales.<\/p>\n<blockquote>\n<h3>Esta temporada, en un tiempo en el que la mediaci\u00f3n entre la tecnolog\u00eda y el ser humano se ha vuelto vital, uni\u00e9ndonos incluso cuando estamos separados, la inspiraci\u00f3n proviene de esta fusi\u00f3n inherentemente contempor\u00e1nea e inevitable<\/h3>\n<p><img loading=\"lazy\" decoding=\"async\" class=\"aligncenter size-full wp-image-155787\" style=\"color: #444444;font-family: Garamond, 'EB Garamond', Baskerville, 'Baskerville Old Face', 'Hoefler Text', 'Times New Roman', serif;font-size: 16px;font-style: normal\" src=\"https:\/\/graziamagazine.com\/es\/wp-content\/uploads\/sites\/12\/2020\/09\/prada-p-v-2021_dd32343d_900x1350.jpg\" alt=\"\" width=\"900\" height=\"1350\" \/><\/p><\/blockquote>\n<p><img loading=\"lazy\" decoding=\"async\" class=\"aligncenter size-full wp-image-155789\" src=\"https:\/\/graziamagazine.com\/es\/wp-content\/uploads\/sites\/12\/2020\/09\/prada-po-rs21-0009-jpg.jpeg\" alt=\"Sostenible y futurista, as\u00ed es la colecci\u00f3n de Raf Simons y Miuccia Prada \" width=\"980\" height=\"1470\" \/><\/p>\n<blockquote>\n<h3>Las prendas son sobrias, refinadas, concentradas, sin adornos superfluos: tops de concha, pantalones rectos, abrigos en nailon reciclado, confeccionados con t\u00e9cnicas de alta costura<\/h3>\n<\/blockquote>\n<p><img loading=\"lazy\" decoding=\"async\" class=\"aligncenter size-full wp-image-155791\" src=\"https:\/\/graziamagazine.com\/es\/wp-content\/uploads\/sites\/12\/2020\/09\/prada-po-rs21-0012-jpg.jpeg\" alt=\"Sostenible y futurista, as\u00ed es la colecci\u00f3n de Raf Simons y Miuccia Prada \" width=\"980\" height=\"1470\" \/><\/p>\n<p><img loading=\"lazy\" decoding=\"async\" class=\"aligncenter size-full wp-image-155790\" src=\"https:\/\/graziamagazine.com\/es\/wp-content\/uploads\/sites\/12\/2020\/09\/prada-po-rs21-0011-jpg.jpeg\" alt=\"Sostenible y futurista, as\u00ed es la colecci\u00f3n de Raf Simons y Miuccia Prada \" width=\"980\" height=\"1470\" \/><\/p>\n<blockquote>\n<h3>La adici\u00f3n de bolsillos a las piezas es un acto pr\u00e1ctico, pero en esa practicidad, habla de vivir y de vida, de la utilidad de la ropa en un di\u00e1logo con el cuerpo humano<\/h3>\n<p><img loading=\"lazy\" decoding=\"async\" class=\"aligncenter size-full wp-image-155788\" src=\"https:\/\/graziamagazine.com\/es\/wp-content\/uploads\/sites\/12\/2020\/09\/prada-po-rs21-0004-jpg.jpeg\" alt=\"Sostenible y futurista, as\u00ed es la colecci\u00f3n de Raf Simons y Miuccia Prada \" width=\"980\" height=\"1470\" \/> <img loading=\"lazy\" decoding=\"async\" class=\"aligncenter size-full wp-image-155786\" src=\"https:\/\/graziamagazine.com\/es\/wp-content\/uploads\/sites\/12\/2020\/09\/prada-p-v-2021_8ae88045_900x1350-1.jpg\" alt=\"Sostenible y futurista, as\u00ed es la colecci\u00f3n de Raf Simons y Miuccia Prada \" width=\"900\" height=\"1350\" \/><\/p><\/blockquote>\n<p>Finalizando la pasarela, ambos creativos aparecieron en pantalla respondiendo a una serie de preguntas sobre su proceso y trabajo juntos, una conversaci\u00f3n que no te puedes perder (puedes escucharla desde el minuto 13.46):<\/p>\n<p><iframe loading=\"lazy\" title=\"Prada Spring\/Summer 2021 Womenswear Show\" width=\"500\" height=\"281\" src=\"https:\/\/www.youtube.com\/embed\/RCQxPSNzU2Q?feature=oembed\" frameborder=\"0\" allow=\"accelerometer; autoplay; clipboard-write; encrypted-media; gyroscope; picture-in-picture\" allowfullscreen><\/iframe><\/p>\n<p><em>Im\u00e1genes: Cortes\u00eda Prada<\/em><\/p>\n","protected":false},"author":16349,"featured_media":155792,"template":"","format":"standard","categories":[2971,1,2301],"acf":{"banner":null},"yoast_head":"<!-- This site is optimized with the Yoast SEO Premium plugin v18.5 (Yoast SEO v20.4) - https:\/\/yoast.com\/wordpress\/plugins\/seo\/ -->\n<title>Sobria, sostenible y atemporal, as\u00ed es la colecci\u00f3n de Raf Simons y Miuccia Prada | Grazia<\/title>\n<meta name=\"description\" content=\"Lleg\u00f3 uno de los desfiles m\u00e1s esperados de la Semana de la Moda de Mil\u00e1n y con \u00e9l una conversaci\u00f3n entre dos de los m\u00e1s aclamados creativos en la industria de la moda. Aqu\u00ed puedes escucharla.\" \/>\n<meta name=\"robots\" content=\"index, follow, max-snippet:-1, max-image-preview:large, max-video-preview:-1\" \/>\n<link rel=\"canonical\" href=\"https:\/\/graziamagazine.com\/es\/articles\/sobria-sostenible-y-atemporal-asi-es-la-coleccion-de-raf-simons-y-miuccia-prada\/\" \/>\n<meta property=\"og:locale\" content=\"es_ES\" \/>\n<meta property=\"og:type\" content=\"article\" \/>\n<meta property=\"og:title\" content=\"Sobria, sostenible y atemporal, as\u00ed es la colecci\u00f3n de Raf Simons y Miuccia Prada\" \/>\n<meta property=\"og:description\" content=\"Lleg\u00f3 uno de los desfiles m\u00e1s esperados de la Semana de la Moda de Mil\u00e1n y con \u00e9l una conversaci\u00f3n entre dos de los m\u00e1s aclamados creativos en la industria de la moda. Aqu\u00ed puedes escucharla.\" \/>\n<meta property=\"og:url\" content=\"https:\/\/graziamagazine.com\/es\/articles\/sobria-sostenible-y-atemporal-asi-es-la-coleccion-de-raf-simons-y-miuccia-prada\/\" \/>\n<meta property=\"og:site_name\" content=\"Grazia\" \/>\n<meta property=\"article:modified_time\" content=\"2020-09-24T17:38:28+00:00\" \/>\n<meta property=\"og:image\" content=\"https:\/\/graziamagazine.com\/es\/wp-content\/uploads\/sites\/12\/2020\/09\/prada-po-rs21-0014b-jpg.jpeg?fit=980%2C651\" \/>\n\t<meta property=\"og:image:width\" content=\"980\" \/>\n\t<meta property=\"og:image:height\" content=\"651\" \/>\n\t<meta property=\"og:image:type\" content=\"image\/jpeg\" \/>\n<meta name=\"twitter:card\" content=\"summary_large_image\" \/>\n<meta name=\"twitter:label1\" content=\"Est. reading time\" \/>\n\t<meta name=\"twitter:data1\" content=\"1 minuto\" \/>\n<script type=\"application\/ld+json\" class=\"yoast-schema-graph\">{\"@context\":\"https:\/\/schema.org\",\"@graph\":[{\"@type\":\"WebPage\",\"@id\":\"https:\/\/graziamagazine.com\/es\/articles\/sobria-sostenible-y-atemporal-asi-es-la-coleccion-de-raf-simons-y-miuccia-prada\/\",\"url\":\"https:\/\/graziamagazine.com\/es\/articles\/sobria-sostenible-y-atemporal-asi-es-la-coleccion-de-raf-simons-y-miuccia-prada\/\",\"name\":\"Sobria, sostenible y atemporal, as\u00ed es la colecci\u00f3n de Raf Simons y Miuccia Prada | Grazia\",\"isPartOf\":{\"@id\":\"https:\/\/graziamagazine.com\/es\/#website\"},\"datePublished\":\"2020-09-24T17:32:13+00:00\",\"dateModified\":\"2020-09-24T17:38:28+00:00\",\"description\":\"Lleg\u00f3 uno de los desfiles m\u00e1s esperados de la Semana de la Moda de Mil\u00e1n y con \u00e9l una conversaci\u00f3n entre dos de los m\u00e1s aclamados creativos en la industria de la moda. Aqu\u00ed puedes escucharla.\",\"breadcrumb\":{\"@id\":\"https:\/\/graziamagazine.com\/es\/articles\/sobria-sostenible-y-atemporal-asi-es-la-coleccion-de-raf-simons-y-miuccia-prada\/#breadcrumb\"},\"inLanguage\":\"es\",\"potentialAction\":[{\"@type\":\"ReadAction\",\"target\":[\"https:\/\/graziamagazine.com\/es\/articles\/sobria-sostenible-y-atemporal-asi-es-la-coleccion-de-raf-simons-y-miuccia-prada\/\"]}]},{\"@type\":\"BreadcrumbList\",\"@id\":\"https:\/\/graziamagazine.com\/es\/articles\/sobria-sostenible-y-atemporal-asi-es-la-coleccion-de-raf-simons-y-miuccia-prada\/#breadcrumb\",\"itemListElement\":[{\"@type\":\"ListItem\",\"position\":1,\"name\":\"Portada\",\"item\":\"https:\/\/graziamagazine.com\/es\/\"},{\"@type\":\"ListItem\",\"position\":2,\"name\":\"Sobria, sostenible y atemporal, as\u00ed es la colecci\u00f3n de Raf Simons y Miuccia Prada\"}]},{\"@type\":\"WebSite\",\"@id\":\"https:\/\/graziamagazine.com\/es\/#website\",\"url\":\"https:\/\/graziamagazine.com\/es\/\",\"name\":\"Grazia\",\"description\":\"Moda, belleza, celebrities, estilo de vida...\",\"potentialAction\":[{\"@type\":\"SearchAction\",\"target\":{\"@type\":\"EntryPoint\",\"urlTemplate\":\"https:\/\/graziamagazine.com\/es\/?s={search_term_string}\"},\"query-input\":\"required name=search_term_string\"}],\"inLanguage\":\"es\"}]}<\/script>\n<!-- \/ Yoast SEO Premium plugin. -->","yoast_head_json":{"title":"Sobria, sostenible y atemporal, as\u00ed es la colecci\u00f3n de Raf Simons y Miuccia Prada | Grazia","description":"Lleg\u00f3 uno de los desfiles m\u00e1s esperados de la Semana de la Moda de Mil\u00e1n y con \u00e9l una conversaci\u00f3n entre dos de los m\u00e1s aclamados creativos en la industria de la moda. Aqu\u00ed puedes escucharla.","robots":{"index":"index","follow":"follow","max-snippet":"max-snippet:-1","max-image-preview":"max-image-preview:large","max-video-preview":"max-video-preview:-1"},"canonical":"https:\/\/graziamagazine.com\/es\/articles\/sobria-sostenible-y-atemporal-asi-es-la-coleccion-de-raf-simons-y-miuccia-prada\/","og_locale":"es_ES","og_type":"article","og_title":"Sobria, sostenible y atemporal, as\u00ed es la colecci\u00f3n de Raf Simons y Miuccia Prada","og_description":"Lleg\u00f3 uno de los desfiles m\u00e1s esperados de la Semana de la Moda de Mil\u00e1n y con \u00e9l una conversaci\u00f3n entre dos de los m\u00e1s aclamados creativos en la industria de la moda. Aqu\u00ed puedes escucharla.","og_url":"https:\/\/graziamagazine.com\/es\/articles\/sobria-sostenible-y-atemporal-asi-es-la-coleccion-de-raf-simons-y-miuccia-prada\/","og_site_name":"Grazia","article_modified_time":"2020-09-24T17:38:28+00:00","og_image":[{"width":980,"height":651,"url":"https:\/\/graziamagazine.com\/es\/wp-content\/uploads\/sites\/12\/2020\/09\/prada-po-rs21-0014b-jpg.jpeg?fit=980%2C651","type":"image\/jpeg"}],"twitter_card":"summary_large_image","twitter_misc":{"Est. reading time":"1 minuto"},"schema":{"@context":"https:\/\/schema.org","@graph":[{"@type":"WebPage","@id":"https:\/\/graziamagazine.com\/es\/articles\/sobria-sostenible-y-atemporal-asi-es-la-coleccion-de-raf-simons-y-miuccia-prada\/","url":"https:\/\/graziamagazine.com\/es\/articles\/sobria-sostenible-y-atemporal-asi-es-la-coleccion-de-raf-simons-y-miuccia-prada\/","name":"Sobria, sostenible y atemporal, as\u00ed es la colecci\u00f3n de Raf Simons y Miuccia Prada | Grazia","isPartOf":{"@id":"https:\/\/graziamagazine.com\/es\/#website"},"datePublished":"2020-09-24T17:32:13+00:00","dateModified":"2020-09-24T17:38:28+00:00","description":"Lleg\u00f3 uno de los desfiles m\u00e1s esperados de la Semana de la Moda de Mil\u00e1n y con \u00e9l una conversaci\u00f3n entre dos de los m\u00e1s aclamados creativos en la industria de la moda. Aqu\u00ed puedes escucharla.","breadcrumb":{"@id":"https:\/\/graziamagazine.com\/es\/articles\/sobria-sostenible-y-atemporal-asi-es-la-coleccion-de-raf-simons-y-miuccia-prada\/#breadcrumb"},"inLanguage":"es","potentialAction":[{"@type":"ReadAction","target":["https:\/\/graziamagazine.com\/es\/articles\/sobria-sostenible-y-atemporal-asi-es-la-coleccion-de-raf-simons-y-miuccia-prada\/"]}]},{"@type":"BreadcrumbList","@id":"https:\/\/graziamagazine.com\/es\/articles\/sobria-sostenible-y-atemporal-asi-es-la-coleccion-de-raf-simons-y-miuccia-prada\/#breadcrumb","itemListElement":[{"@type":"ListItem","position":1,"name":"Portada","item":"https:\/\/graziamagazine.com\/es\/"},{"@type":"ListItem","position":2,"name":"Sobria, sostenible y atemporal, as\u00ed es la colecci\u00f3n de Raf Simons y Miuccia Prada"}]},{"@type":"WebSite","@id":"https:\/\/graziamagazine.com\/es\/#website","url":"https:\/\/graziamagazine.com\/es\/","name":"Grazia","description":"Moda, belleza, celebrities, estilo de vida...","potentialAction":[{"@type":"SearchAction","target":{"@type":"EntryPoint","urlTemplate":"https:\/\/graziamagazine.com\/es\/?s={search_term_string}"},"query-input":"required name=search_term_string"}],"inLanguage":"es"}]}},"jetpack_sharing_enabled":true,"distributor_meta":false,"distributor_terms":false,"distributor_media":false,"distributor_original_site_name":"Grazia","distributor_original_site_url":"https:\/\/graziamagazine.com\/es","push-errors":false,"_links":{"self":[{"href":"https:\/\/graziamagazine.com\/es\/wp-json\/wp\/v2\/articles\/155784"}],"collection":[{"href":"https:\/\/graziamagazine.com\/es\/wp-json\/wp\/v2\/articles"}],"about":[{"href":"https:\/\/graziamagazine.com\/es\/wp-json\/wp\/v2\/types\/articles"}],"author":[{"embeddable":true,"href":"https:\/\/graziamagazine.com\/es\/wp-json\/wp\/v2\/users\/16349"}],"wp:featuredmedia":[{"embeddable":true,"href":"https:\/\/graziamagazine.com\/es\/wp-json\/wp\/v2\/media\/155792"}],"wp:attachment":[{"href":"https:\/\/graziamagazine.com\/es\/wp-json\/wp\/v2\/media?parent=155784"}],"wp:term":[{"taxonomy":"category","embeddable":true,"href":"https:\/\/graziamagazine.com\/es\/wp-json\/wp\/v2\/categories?post=155784"}],"curies":[{"name":"wp","href":"https:\/\/api.w.org\/{rel}","templated":true}]}}