{"id":155775,"date":"2020-09-24T17:45:47","date_gmt":"2020-09-24T15:45:47","guid":{"rendered":"https:\/\/graziamagazine.com\/es\/?post_type=articles&#038;p=155775"},"modified":"2020-09-25T05:50:44","modified_gmt":"2020-09-25T03:50:44","slug":"especial-milan-fashion-week-todos-los-desfiles-y-tendencias-primavera-verano-2021","status":"publish","type":"articles","link":"https:\/\/graziamagazine.com\/es\/articles\/especial-milan-fashion-week-todos-los-desfiles-y-tendencias-primavera-verano-2021\/","title":{"rendered":"Especial Milan Fashion Week: todos los desfiles y tendencias primavera-verano 2021"},"content":{"rendered":"<p>La vida tiene que seguir, y aunque la pandemia sigue presente en todo el mundo, en la Semana de la Moda de Mil\u00e1n han querido apoyar a la moda y desde ayer ha dado comienzo a una semana de desfiles h\u00edbridos, combinando los presenciales con las propuestas digitales. Unos d\u00edas de moda, concretamente desde el 23 al 28 de septiembre, donde veremos las colecciones para la pr\u00f3xima primavera-verano 2021 de firmas como Dolce &amp; Gabbana, Max Mara, FENDI, Missoni, Prada y su primera colecci\u00f3n a dos manos por Miuccia Prada y Raf Simons, o Valentino, que ha cambiado Par\u00eds por Mil\u00e1n en esta ocasi\u00f3n.<\/p>\n<p>Aqu\u00ed recopilamos para ti todos los desfiles de la #MFW para que los veas siempre que quieras y tomes notas de las principales tendencias que el dise\u00f1o italiano tiene para el mundo.<\/p>\n<h3>etro, estilo &#8217;90s<\/h3>\n<p><iframe loading=\"lazy\" title=\"Etro Spring Summer 2021 women\u2019s fashion show livestream\" width=\"500\" height=\"281\" src=\"https:\/\/www.youtube.com\/embed\/iz0QYV2MOJc?feature=oembed\" frameborder=\"0\" allow=\"accelerometer; autoplay; clipboard-write; encrypted-media; gyroscope; picture-in-picture\" allowfullscreen><\/iframe><\/p>\n<h3>Prada, sobrio y refinado<\/h3>\n<p><iframe loading=\"lazy\" title=\"Prada Spring\/Summer 2021 Womenswear Show\" width=\"500\" height=\"281\" src=\"https:\/\/www.youtube.com\/embed\/RCQxPSNzU2Q?feature=oembed\" frameborder=\"0\" allow=\"accelerometer; autoplay; clipboard-write; encrypted-media; gyroscope; picture-in-picture\" allowfullscreen><\/iframe><\/p>\n<h3>Max Mara, el futurismo sosegado<\/h3>\n<p><iframe loading=\"lazy\" title=\"Max Mara Spring Summer 2021 Live Fashion Show\" width=\"500\" height=\"281\" src=\"https:\/\/www.youtube.com\/embed\/-W2Ih9y4Jb4?feature=oembed\" frameborder=\"0\" allow=\"accelerometer; autoplay; clipboard-write; encrypted-media; gyroscope; picture-in-picture\" allowfullscreen><\/iframe><\/p>\n<h3>Dolce &amp; Gabbana, patchwork y mucho color<\/h3>\n<p><iframe loading=\"lazy\" title=\"The Dolce&amp;Gabbana Women\u2019s Spring Summer 2021\" width=\"500\" height=\"281\" src=\"https:\/\/www.youtube.com\/embed\/rVjAtPiW3MQ?feature=oembed\" frameborder=\"0\" allow=\"accelerometer; autoplay; clipboard-write; encrypted-media; gyroscope; picture-in-picture\" allowfullscreen><\/iframe><\/p>\n<h3>Alberta Ferretti, la frescura<\/h3>\n<p><iframe loading=\"lazy\" title=\"Spring Summer 2021 Collection - Alberta Ferretti Fashion Show\" width=\"500\" height=\"281\" src=\"https:\/\/www.youtube.com\/embed\/qupD-5gHRh8?feature=oembed\" frameborder=\"0\" allow=\"accelerometer; autoplay; clipboard-write; encrypted-media; gyroscope; picture-in-picture\" allowfullscreen><\/iframe><\/p>\n<h3>blumarine, aires retro<\/h3>\n<p><iframe loading=\"lazy\" title=\"Blumarine Spring Summer 2021 Fashion Show\" width=\"500\" height=\"281\" src=\"https:\/\/www.youtube.com\/embed\/T6GOM4vi9hc?feature=oembed\" frameborder=\"0\" allow=\"accelerometer; autoplay; clipboard-write; encrypted-media; gyroscope; picture-in-picture\" allowfullscreen><\/iframe><\/p>\n<h3>FENDI, logoman\u00eda y artesan\u00eda<\/h3>\n<p><iframe loading=\"lazy\" title=\"Women\u2019s And Men\u2019s Collections Spring\/Summer 2021\" width=\"500\" height=\"281\" src=\"https:\/\/www.youtube.com\/embed\/_DOg_c6wu7M?start=153&#038;feature=oembed\" frameborder=\"0\" allow=\"accelerometer; autoplay; clipboard-write; encrypted-media; gyroscope; picture-in-picture\" allowfullscreen><\/iframe><\/p>\n<h3>Missoni, el jard\u00edn de la alta moda<\/h3>\n<p><iframe loading=\"lazy\" title=\"MISSONI MILANO Digital Fashion Week Spring Summer 2021 - Fashion Channel\" width=\"500\" height=\"281\" src=\"https:\/\/www.youtube.com\/embed\/Va8PfARjGic?feature=oembed\" frameborder=\"0\" allow=\"accelerometer; autoplay; clipboard-write; encrypted-media; gyroscope; picture-in-picture\" allowfullscreen><\/iframe><\/p>\n<h3>Giorgio Armani, la moda en forma de conversaciones<\/h3>\n<p><iframe loading=\"lazy\" title=\"Emporio Armani Building Dialogues\" width=\"500\" height=\"281\" src=\"https:\/\/www.youtube.com\/embed\/NL6TUrVY1Kc?feature=oembed\" frameborder=\"0\" allow=\"accelerometer; autoplay; clipboard-write; encrypted-media; gyroscope; picture-in-picture\" allowfullscreen><\/iframe><\/p>\n<p>&nbsp;<\/p>\n","protected":false},"author":11653,"featured_media":155783,"template":"","format":"standard","categories":[2971,1,2301],"acf":{"banner":null},"yoast_head":"<!-- This site is optimized with the Yoast SEO Premium plugin v18.5 (Yoast SEO v20.4) - https:\/\/yoast.com\/wordpress\/plugins\/seo\/ -->\n<title>Especial Milan Fashion Week: todos los desfiles y tendencias primavera-verano 2021 | Grazia<\/title>\n<meta name=\"description\" content=\"La Semana de la Moda de Mil\u00e1n da comienzo en una edici\u00f3n h\u00edbrida donde las firmas presentan sus propuestas en formato digital y presencial.\" \/>\n<meta name=\"robots\" content=\"index, follow, max-snippet:-1, max-image-preview:large, max-video-preview:-1\" \/>\n<link rel=\"canonical\" href=\"https:\/\/graziamagazine.com\/es\/articles\/especial-milan-fashion-week-todos-los-desfiles-y-tendencias-primavera-verano-2021\/\" \/>\n<meta property=\"og:locale\" content=\"es_ES\" \/>\n<meta property=\"og:type\" content=\"article\" \/>\n<meta property=\"og:title\" content=\"Especial Milan Fashion Week: todos los desfiles y tendencias primavera-verano 2021\" \/>\n<meta property=\"og:description\" content=\"La Semana de la Moda de Mil\u00e1n da comienzo en una edici\u00f3n h\u00edbrida donde las firmas presentan sus propuestas en formato digital y presencial.\" \/>\n<meta property=\"og:url\" content=\"https:\/\/graziamagazine.com\/es\/articles\/especial-milan-fashion-week-todos-los-desfiles-y-tendencias-primavera-verano-2021\/\" \/>\n<meta property=\"og:site_name\" content=\"Grazia\" \/>\n<meta property=\"article:modified_time\" content=\"2020-09-25T03:50:44+00:00\" \/>\n<meta property=\"og:image\" content=\"https:\/\/graziamagazine.com\/es\/wp-content\/uploads\/sites\/12\/2020\/09\/Captura-de-pantalla-2020-09-24-a-las-17.43.56.png?fit=895%2C727\" \/>\n\t<meta property=\"og:image:width\" content=\"895\" \/>\n\t<meta property=\"og:image:height\" content=\"727\" \/>\n\t<meta property=\"og:image:type\" content=\"image\/png\" \/>\n<meta name=\"twitter:card\" content=\"summary_large_image\" \/>\n<meta name=\"twitter:label1\" content=\"Est. reading time\" \/>\n\t<meta name=\"twitter:data1\" content=\"1 minuto\" \/>\n<script type=\"application\/ld+json\" class=\"yoast-schema-graph\">{\"@context\":\"https:\/\/schema.org\",\"@graph\":[{\"@type\":\"WebPage\",\"@id\":\"https:\/\/graziamagazine.com\/es\/articles\/especial-milan-fashion-week-todos-los-desfiles-y-tendencias-primavera-verano-2021\/\",\"url\":\"https:\/\/graziamagazine.com\/es\/articles\/especial-milan-fashion-week-todos-los-desfiles-y-tendencias-primavera-verano-2021\/\",\"name\":\"Especial Milan Fashion Week: todos los desfiles y tendencias primavera-verano 2021 | Grazia\",\"isPartOf\":{\"@id\":\"https:\/\/graziamagazine.com\/es\/#website\"},\"datePublished\":\"2020-09-24T15:45:47+00:00\",\"dateModified\":\"2020-09-25T03:50:44+00:00\",\"description\":\"La Semana de la Moda de Mil\u00e1n da comienzo en una edici\u00f3n h\u00edbrida donde las firmas presentan sus propuestas en formato digital y presencial.\",\"breadcrumb\":{\"@id\":\"https:\/\/graziamagazine.com\/es\/articles\/especial-milan-fashion-week-todos-los-desfiles-y-tendencias-primavera-verano-2021\/#breadcrumb\"},\"inLanguage\":\"es\",\"potentialAction\":[{\"@type\":\"ReadAction\",\"target\":[\"https:\/\/graziamagazine.com\/es\/articles\/especial-milan-fashion-week-todos-los-desfiles-y-tendencias-primavera-verano-2021\/\"]}]},{\"@type\":\"BreadcrumbList\",\"@id\":\"https:\/\/graziamagazine.com\/es\/articles\/especial-milan-fashion-week-todos-los-desfiles-y-tendencias-primavera-verano-2021\/#breadcrumb\",\"itemListElement\":[{\"@type\":\"ListItem\",\"position\":1,\"name\":\"Portada\",\"item\":\"https:\/\/graziamagazine.com\/es\/\"},{\"@type\":\"ListItem\",\"position\":2,\"name\":\"Especial Milan Fashion Week: todos los desfiles y tendencias primavera-verano 2021\"}]},{\"@type\":\"WebSite\",\"@id\":\"https:\/\/graziamagazine.com\/es\/#website\",\"url\":\"https:\/\/graziamagazine.com\/es\/\",\"name\":\"Grazia\",\"description\":\"Moda, belleza, celebrities, estilo de vida...\",\"potentialAction\":[{\"@type\":\"SearchAction\",\"target\":{\"@type\":\"EntryPoint\",\"urlTemplate\":\"https:\/\/graziamagazine.com\/es\/?s={search_term_string}\"},\"query-input\":\"required name=search_term_string\"}],\"inLanguage\":\"es\"}]}<\/script>\n<!-- \/ Yoast SEO Premium plugin. -->","yoast_head_json":{"title":"Especial Milan Fashion Week: todos los desfiles y tendencias primavera-verano 2021 | Grazia","description":"La Semana de la Moda de Mil\u00e1n da comienzo en una edici\u00f3n h\u00edbrida donde las firmas presentan sus propuestas en formato digital y presencial.","robots":{"index":"index","follow":"follow","max-snippet":"max-snippet:-1","max-image-preview":"max-image-preview:large","max-video-preview":"max-video-preview:-1"},"canonical":"https:\/\/graziamagazine.com\/es\/articles\/especial-milan-fashion-week-todos-los-desfiles-y-tendencias-primavera-verano-2021\/","og_locale":"es_ES","og_type":"article","og_title":"Especial Milan Fashion Week: todos los desfiles y tendencias primavera-verano 2021","og_description":"La Semana de la Moda de Mil\u00e1n da comienzo en una edici\u00f3n h\u00edbrida donde las firmas presentan sus propuestas en formato digital y presencial.","og_url":"https:\/\/graziamagazine.com\/es\/articles\/especial-milan-fashion-week-todos-los-desfiles-y-tendencias-primavera-verano-2021\/","og_site_name":"Grazia","article_modified_time":"2020-09-25T03:50:44+00:00","og_image":[{"width":895,"height":727,"url":"https:\/\/graziamagazine.com\/es\/wp-content\/uploads\/sites\/12\/2020\/09\/Captura-de-pantalla-2020-09-24-a-las-17.43.56.png?fit=895%2C727","type":"image\/png"}],"twitter_card":"summary_large_image","twitter_misc":{"Est. reading time":"1 minuto"},"schema":{"@context":"https:\/\/schema.org","@graph":[{"@type":"WebPage","@id":"https:\/\/graziamagazine.com\/es\/articles\/especial-milan-fashion-week-todos-los-desfiles-y-tendencias-primavera-verano-2021\/","url":"https:\/\/graziamagazine.com\/es\/articles\/especial-milan-fashion-week-todos-los-desfiles-y-tendencias-primavera-verano-2021\/","name":"Especial Milan Fashion Week: todos los desfiles y tendencias primavera-verano 2021 | Grazia","isPartOf":{"@id":"https:\/\/graziamagazine.com\/es\/#website"},"datePublished":"2020-09-24T15:45:47+00:00","dateModified":"2020-09-25T03:50:44+00:00","description":"La Semana de la Moda de Mil\u00e1n da comienzo en una edici\u00f3n h\u00edbrida donde las firmas presentan sus propuestas en formato digital y presencial.","breadcrumb":{"@id":"https:\/\/graziamagazine.com\/es\/articles\/especial-milan-fashion-week-todos-los-desfiles-y-tendencias-primavera-verano-2021\/#breadcrumb"},"inLanguage":"es","potentialAction":[{"@type":"ReadAction","target":["https:\/\/graziamagazine.com\/es\/articles\/especial-milan-fashion-week-todos-los-desfiles-y-tendencias-primavera-verano-2021\/"]}]},{"@type":"BreadcrumbList","@id":"https:\/\/graziamagazine.com\/es\/articles\/especial-milan-fashion-week-todos-los-desfiles-y-tendencias-primavera-verano-2021\/#breadcrumb","itemListElement":[{"@type":"ListItem","position":1,"name":"Portada","item":"https:\/\/graziamagazine.com\/es\/"},{"@type":"ListItem","position":2,"name":"Especial Milan Fashion Week: todos los desfiles y tendencias primavera-verano 2021"}]},{"@type":"WebSite","@id":"https:\/\/graziamagazine.com\/es\/#website","url":"https:\/\/graziamagazine.com\/es\/","name":"Grazia","description":"Moda, belleza, celebrities, estilo de vida...","potentialAction":[{"@type":"SearchAction","target":{"@type":"EntryPoint","urlTemplate":"https:\/\/graziamagazine.com\/es\/?s={search_term_string}"},"query-input":"required name=search_term_string"}],"inLanguage":"es"}]}},"jetpack_sharing_enabled":true,"distributor_meta":false,"distributor_terms":false,"distributor_media":false,"distributor_original_site_name":"Grazia","distributor_original_site_url":"https:\/\/graziamagazine.com\/es","push-errors":false,"_links":{"self":[{"href":"https:\/\/graziamagazine.com\/es\/wp-json\/wp\/v2\/articles\/155775"}],"collection":[{"href":"https:\/\/graziamagazine.com\/es\/wp-json\/wp\/v2\/articles"}],"about":[{"href":"https:\/\/graziamagazine.com\/es\/wp-json\/wp\/v2\/types\/articles"}],"author":[{"embeddable":true,"href":"https:\/\/graziamagazine.com\/es\/wp-json\/wp\/v2\/users\/11653"}],"wp:featuredmedia":[{"embeddable":true,"href":"https:\/\/graziamagazine.com\/es\/wp-json\/wp\/v2\/media\/155783"}],"wp:attachment":[{"href":"https:\/\/graziamagazine.com\/es\/wp-json\/wp\/v2\/media?parent=155775"}],"wp:term":[{"taxonomy":"category","embeddable":true,"href":"https:\/\/graziamagazine.com\/es\/wp-json\/wp\/v2\/categories?post=155775"}],"curies":[{"name":"wp","href":"https:\/\/api.w.org\/{rel}","templated":true}]}}