{"id":155732,"date":"2020-09-23T08:26:50","date_gmt":"2020-09-23T06:26:50","guid":{"rendered":"https:\/\/graziamagazine.com\/es\/?post_type=articles&#038;p=155732"},"modified":"2020-09-23T08:26:50","modified_gmt":"2020-09-23T06:26:50","slug":"mango-apuesta-por-lo-mas-jovenes-con-su-nueva-coleccion-teen","status":"publish","type":"articles","link":"https:\/\/graziamagazine.com\/es\/articles\/mango-apuesta-por-lo-mas-jovenes-con-su-nueva-coleccion-teen\/","title":{"rendered":"Mango apuesta por los m\u00e1s j\u00f3venes con su nueva colecci\u00f3n &#8216;Teen&#8217;"},"content":{"rendered":"<p>Est\u00e1 claro que las marcas de moda tienen claro que ah\u00ed fuera hay un gran n\u00famero de clientes potenciales que necesitan cubrir sus necesidades. La espa\u00f1ola <strong>Mango lo tiene claro y ahora ha pensado en acercarse a los j\u00f3venes<\/strong>, concretamente a los adolescentes y a trav\u00e9s de su l\u00ednea Mango Kids ha creado una <strong>nueva colecci\u00f3n c\u00e1psula<\/strong> que llega al mercado con el nombre de <strong><em>Teen<\/em><\/strong>.<\/p>\n<p><img loading=\"lazy\" decoding=\"async\" class=\"aligncenter size-full wp-image-155734\" src=\"https:\/\/graziamagazine.com\/es\/wp-content\/uploads\/sites\/12\/2020\/09\/a_kids_teen_0920_2.jpg\" alt=\"Mango apuesta por los m\u00e1s j\u00f3venes con su nueva colecci\u00f3n 'Teen'\" width=\"1024\" height=\"1362\" \/><\/p>\n<p>Se trata de una l\u00ednea pensada para el p\u00fablico adolescente y est\u00e1 destinada a j\u00f3venes de edad de 11 a 15 a\u00f1os. Los dise\u00f1os han sido creados siguiendo las tendencias actuales de una forma relajada, dejando margen para la expresi\u00f3n personal del p\u00fablico de esta edad que comienza a definir su estilo. La c\u00e1psula cubre tanto la l\u00ednea sport como la formal.<\/p>\n<figure id=\"attachment_155737\" aria-describedby=\"caption-attachment-155737\" style=\"width: 480px\" class=\"wp-caption aligncenter\"><img loading=\"lazy\" decoding=\"async\" class=\"size-full wp-image-155737\" src=\"https:\/\/graziamagazine.com\/es\/wp-content\/uploads\/sites\/12\/2020\/09\/77075144_89.jpg\" alt=\"Mango apuesta por los m\u00e1s j\u00f3venes con su nueva colecci\u00f3n 'Teen'\" width=\"480\" height=\"670\" \/><figcaption id=\"caption-attachment-155737\" class=\"wp-caption-text\">Vestido midi de flores: 29,99 euros.<\/figcaption><\/figure>\n<p class=\"vsv-little\">Camisetas crop con mensajes, botas cowboy, estampados trendy, abrigos de pelo&#8230; Todo te\u00f1ido con tonos modernos y apetecibles como los pasteles, y por supuesto, mucho denim.<\/p>\n<p><strong>La colecci\u00f3n ya est\u00e1 disponible online y en una selecci\u00f3n de tiendas de mercados entre los que se encuentra Espa\u00f1a<\/strong>. Tras este primer lanzamiento, la voluntad de la compa\u00f1\u00eda es ir ampliando en el futuro el n\u00famero de pa\u00edses en el que la nueva colecci\u00f3n est\u00e9 disponible.<\/p>\n<figure id=\"attachment_155736\" aria-describedby=\"caption-attachment-155736\" style=\"width: 480px\" class=\"wp-caption aligncenter\"><img loading=\"lazy\" decoding=\"async\" class=\"size-full wp-image-155736\" src=\"https:\/\/graziamagazine.com\/es\/wp-content\/uploads\/sites\/12\/2020\/09\/77045950_02.jpg\" alt=\"Mango apuesta por los m\u00e1s j\u00f3venes con su nueva colecci\u00f3n 'Teen'\" width=\"480\" height=\"670\" \/><figcaption id=\"caption-attachment-155736\" class=\"wp-caption-text\">Camiseta con mensaje: 7,99 euros<\/figcaption><\/figure>\n<p>Mango Kids se encuentra presente en m\u00e1s de 70 pa\u00edses. Desde su lanzamiento en 2013, re\u00fane ya m\u00e1s de 530 puntos de venta en todo el mundo y junto con Man y Violeta representaron el 18% de las ventas de la compa\u00f1\u00eda el pasado ejercicio.<\/p>\n<p><i>\u00a0<\/i><\/p>\n","protected":false},"author":11653,"featured_media":155738,"template":"","format":"standard","categories":[2971,1,2451],"acf":{"banner":null},"yoast_head":"<!-- This site is optimized with the Yoast SEO Premium plugin v18.5 (Yoast SEO v20.4) - https:\/\/yoast.com\/wordpress\/plugins\/seo\/ -->\n<title>Mango apuesta por los m\u00e1s j\u00f3venes con su nueva colecci\u00f3n &#039;Teen&#039; | Grazia<\/title>\n<meta name=\"description\" content=\"Los adolescentes son el objetivo de la firma espa\u00f1ola y su nueva colecci\u00f3n c\u00e1psula est\u00e1 destinada a adolescentes de 11 a 15 a\u00f1os.\" \/>\n<meta name=\"robots\" content=\"index, follow, max-snippet:-1, max-image-preview:large, max-video-preview:-1\" \/>\n<link rel=\"canonical\" href=\"https:\/\/graziamagazine.com\/es\/articles\/mango-apuesta-por-lo-mas-jovenes-con-su-nueva-coleccion-teen\/\" \/>\n<meta property=\"og:locale\" content=\"es_ES\" \/>\n<meta property=\"og:type\" content=\"article\" \/>\n<meta property=\"og:title\" content=\"Mango apuesta por los m\u00e1s j\u00f3venes con su nueva colecci\u00f3n &#039;Teen&#039;\" \/>\n<meta property=\"og:description\" content=\"Los adolescentes son el objetivo de la firma espa\u00f1ola y su nueva colecci\u00f3n c\u00e1psula est\u00e1 destinada a adolescentes de 11 a 15 a\u00f1os.\" \/>\n<meta property=\"og:url\" content=\"https:\/\/graziamagazine.com\/es\/articles\/mango-apuesta-por-lo-mas-jovenes-con-su-nueva-coleccion-teen\/\" \/>\n<meta property=\"og:site_name\" content=\"Grazia\" \/>\n<meta property=\"og:image\" content=\"https:\/\/graziamagazine.com\/es\/wp-content\/uploads\/sites\/12\/2020\/09\/Mango_Teen.jpg?fit=2000%2C1124\" \/>\n\t<meta property=\"og:image:width\" content=\"2000\" \/>\n\t<meta property=\"og:image:height\" content=\"1124\" \/>\n\t<meta property=\"og:image:type\" content=\"image\/jpeg\" \/>\n<meta name=\"twitter:card\" content=\"summary_large_image\" \/>\n<meta name=\"twitter:label1\" content=\"Est. reading time\" \/>\n\t<meta name=\"twitter:data1\" content=\"1 minuto\" \/>\n<script type=\"application\/ld+json\" class=\"yoast-schema-graph\">{\"@context\":\"https:\/\/schema.org\",\"@graph\":[{\"@type\":\"WebPage\",\"@id\":\"https:\/\/graziamagazine.com\/es\/articles\/mango-apuesta-por-lo-mas-jovenes-con-su-nueva-coleccion-teen\/\",\"url\":\"https:\/\/graziamagazine.com\/es\/articles\/mango-apuesta-por-lo-mas-jovenes-con-su-nueva-coleccion-teen\/\",\"name\":\"Mango apuesta por los m\u00e1s j\u00f3venes con su nueva colecci\u00f3n 'Teen' | Grazia\",\"isPartOf\":{\"@id\":\"https:\/\/graziamagazine.com\/es\/#website\"},\"datePublished\":\"2020-09-23T06:26:50+00:00\",\"dateModified\":\"2020-09-23T06:26:50+00:00\",\"description\":\"Los adolescentes son el objetivo de la firma espa\u00f1ola y su nueva colecci\u00f3n c\u00e1psula est\u00e1 destinada a adolescentes de 11 a 15 a\u00f1os.\",\"breadcrumb\":{\"@id\":\"https:\/\/graziamagazine.com\/es\/articles\/mango-apuesta-por-lo-mas-jovenes-con-su-nueva-coleccion-teen\/#breadcrumb\"},\"inLanguage\":\"es\",\"potentialAction\":[{\"@type\":\"ReadAction\",\"target\":[\"https:\/\/graziamagazine.com\/es\/articles\/mango-apuesta-por-lo-mas-jovenes-con-su-nueva-coleccion-teen\/\"]}]},{\"@type\":\"BreadcrumbList\",\"@id\":\"https:\/\/graziamagazine.com\/es\/articles\/mango-apuesta-por-lo-mas-jovenes-con-su-nueva-coleccion-teen\/#breadcrumb\",\"itemListElement\":[{\"@type\":\"ListItem\",\"position\":1,\"name\":\"Portada\",\"item\":\"https:\/\/graziamagazine.com\/es\/\"},{\"@type\":\"ListItem\",\"position\":2,\"name\":\"Mango apuesta por los m\u00e1s j\u00f3venes con su nueva colecci\u00f3n &#8216;Teen&#8217;\"}]},{\"@type\":\"WebSite\",\"@id\":\"https:\/\/graziamagazine.com\/es\/#website\",\"url\":\"https:\/\/graziamagazine.com\/es\/\",\"name\":\"Grazia\",\"description\":\"Moda, belleza, celebrities, estilo de vida...\",\"potentialAction\":[{\"@type\":\"SearchAction\",\"target\":{\"@type\":\"EntryPoint\",\"urlTemplate\":\"https:\/\/graziamagazine.com\/es\/?s={search_term_string}\"},\"query-input\":\"required name=search_term_string\"}],\"inLanguage\":\"es\"}]}<\/script>\n<!-- \/ Yoast SEO Premium plugin. -->","yoast_head_json":{"title":"Mango apuesta por los m\u00e1s j\u00f3venes con su nueva colecci\u00f3n 'Teen' | Grazia","description":"Los adolescentes son el objetivo de la firma espa\u00f1ola y su nueva colecci\u00f3n c\u00e1psula est\u00e1 destinada a adolescentes de 11 a 15 a\u00f1os.","robots":{"index":"index","follow":"follow","max-snippet":"max-snippet:-1","max-image-preview":"max-image-preview:large","max-video-preview":"max-video-preview:-1"},"canonical":"https:\/\/graziamagazine.com\/es\/articles\/mango-apuesta-por-lo-mas-jovenes-con-su-nueva-coleccion-teen\/","og_locale":"es_ES","og_type":"article","og_title":"Mango apuesta por los m\u00e1s j\u00f3venes con su nueva colecci\u00f3n 'Teen'","og_description":"Los adolescentes son el objetivo de la firma espa\u00f1ola y su nueva colecci\u00f3n c\u00e1psula est\u00e1 destinada a adolescentes de 11 a 15 a\u00f1os.","og_url":"https:\/\/graziamagazine.com\/es\/articles\/mango-apuesta-por-lo-mas-jovenes-con-su-nueva-coleccion-teen\/","og_site_name":"Grazia","og_image":[{"width":2000,"height":1124,"url":"https:\/\/graziamagazine.com\/es\/wp-content\/uploads\/sites\/12\/2020\/09\/Mango_Teen.jpg?fit=2000%2C1124","type":"image\/jpeg"}],"twitter_card":"summary_large_image","twitter_misc":{"Est. reading time":"1 minuto"},"schema":{"@context":"https:\/\/schema.org","@graph":[{"@type":"WebPage","@id":"https:\/\/graziamagazine.com\/es\/articles\/mango-apuesta-por-lo-mas-jovenes-con-su-nueva-coleccion-teen\/","url":"https:\/\/graziamagazine.com\/es\/articles\/mango-apuesta-por-lo-mas-jovenes-con-su-nueva-coleccion-teen\/","name":"Mango apuesta por los m\u00e1s j\u00f3venes con su nueva colecci\u00f3n 'Teen' | Grazia","isPartOf":{"@id":"https:\/\/graziamagazine.com\/es\/#website"},"datePublished":"2020-09-23T06:26:50+00:00","dateModified":"2020-09-23T06:26:50+00:00","description":"Los adolescentes son el objetivo de la firma espa\u00f1ola y su nueva colecci\u00f3n c\u00e1psula est\u00e1 destinada a adolescentes de 11 a 15 a\u00f1os.","breadcrumb":{"@id":"https:\/\/graziamagazine.com\/es\/articles\/mango-apuesta-por-lo-mas-jovenes-con-su-nueva-coleccion-teen\/#breadcrumb"},"inLanguage":"es","potentialAction":[{"@type":"ReadAction","target":["https:\/\/graziamagazine.com\/es\/articles\/mango-apuesta-por-lo-mas-jovenes-con-su-nueva-coleccion-teen\/"]}]},{"@type":"BreadcrumbList","@id":"https:\/\/graziamagazine.com\/es\/articles\/mango-apuesta-por-lo-mas-jovenes-con-su-nueva-coleccion-teen\/#breadcrumb","itemListElement":[{"@type":"ListItem","position":1,"name":"Portada","item":"https:\/\/graziamagazine.com\/es\/"},{"@type":"ListItem","position":2,"name":"Mango apuesta por los m\u00e1s j\u00f3venes con su nueva colecci\u00f3n &#8216;Teen&#8217;"}]},{"@type":"WebSite","@id":"https:\/\/graziamagazine.com\/es\/#website","url":"https:\/\/graziamagazine.com\/es\/","name":"Grazia","description":"Moda, belleza, celebrities, estilo de vida...","potentialAction":[{"@type":"SearchAction","target":{"@type":"EntryPoint","urlTemplate":"https:\/\/graziamagazine.com\/es\/?s={search_term_string}"},"query-input":"required name=search_term_string"}],"inLanguage":"es"}]}},"jetpack_sharing_enabled":true,"distributor_meta":false,"distributor_terms":false,"distributor_media":false,"distributor_original_site_name":"Grazia","distributor_original_site_url":"https:\/\/graziamagazine.com\/es","push-errors":false,"_links":{"self":[{"href":"https:\/\/graziamagazine.com\/es\/wp-json\/wp\/v2\/articles\/155732"}],"collection":[{"href":"https:\/\/graziamagazine.com\/es\/wp-json\/wp\/v2\/articles"}],"about":[{"href":"https:\/\/graziamagazine.com\/es\/wp-json\/wp\/v2\/types\/articles"}],"author":[{"embeddable":true,"href":"https:\/\/graziamagazine.com\/es\/wp-json\/wp\/v2\/users\/11653"}],"wp:featuredmedia":[{"embeddable":true,"href":"https:\/\/graziamagazine.com\/es\/wp-json\/wp\/v2\/media\/155738"}],"wp:attachment":[{"href":"https:\/\/graziamagazine.com\/es\/wp-json\/wp\/v2\/media?parent=155732"}],"wp:term":[{"taxonomy":"category","embeddable":true,"href":"https:\/\/graziamagazine.com\/es\/wp-json\/wp\/v2\/categories?post=155732"}],"curies":[{"name":"wp","href":"https:\/\/api.w.org\/{rel}","templated":true}]}}