{"id":155658,"date":"2020-09-21T17:22:27","date_gmt":"2020-09-21T15:22:27","guid":{"rendered":"https:\/\/graziamagazine.com\/es\/?post_type=articles&#038;p=155658"},"modified":"2020-09-21T17:28:12","modified_gmt":"2020-09-21T15:28:12","slug":"blanca-suarez-revoluciona-la-alfombra-de-san-sebastian-con-su-total-look-dior-que-es-maravilloso","status":"publish","type":"articles","link":"https:\/\/graziamagazine.com\/es\/articles\/blanca-suarez-revoluciona-la-alfombra-de-san-sebastian-con-su-total-look-dior-que-es-maravilloso\/","title":{"rendered":"Blanca Su\u00e1rez revoluciona la alfombra de San Sebasti\u00e1n con su total look Dior que es maravilloso"},"content":{"rendered":"<p>Blanca Su\u00e1rez es, sin duda, una de las guapas del cine espa\u00f1ol y cada aparici\u00f3n suya lo demuestra con creces. Su presencia en el Festival de Cine de San Sebasti\u00e1n era una de las m\u00e1s esperadas, por un lado para ver con qu\u00e9 nos sorprend\u00eda (estil\u00edsticamente hablando, claro) y por otro porque iba a ser la primera aparici\u00f3n p\u00fablica y oficial junto al actor Javier Rey, para presentar la pel\u00edcula donde la pareja inici\u00f3 su romance, &#8216;El verano que vivimos&#8217;, una de las presentaciones que m\u00e1s expectaci\u00f3n gener\u00f3.<\/p>\n<p>Pero volviendo a lo que nos ocupa, sus looks, Blanca ha entrado por la puerta grande de las mejores vestidas gracias a su look de presentaci\u00f3n (de d\u00eda) de la pel\u00edcula: un total look firmado por Dior que no le falta detalle alguno para ser completa y absolutamente maravilloso, creado por su estilista Leticia Riestra.<\/p>\n<h3>El vestido<\/h3>\n<p>Se trata de un vestido negro de raso largo midi, que forma parte de la <strong>colecci\u00f3n Fall 2020 creado por Maria Grazia Chiuri,<\/strong> en el que destaca un escote en terciopelo semi transparente s\u00faper favorecedor. Minimalista de l\u00edneas sencillas, pero perfecto para cualquier ocasi\u00f3n.<\/p>\n<p><img loading=\"lazy\" decoding=\"async\" class=\"aligncenter size-full wp-image-155678\" src=\"https:\/\/graziamagazine.com\/es\/wp-content\/uploads\/sites\/12\/2020\/09\/blanca-suarez_f924fac6_832x1248.jpg\" alt=\"Blanca Su\u00e1rez revoluciona la alfombra de San Sebasti\u00e1n con su total look Dior que es maravilloso\" width=\"832\" height=\"1248\" \/><\/p>\n<h4>Entre los accesorios, hemos elegido nuestros 3 favoritos. \u00bfT\u00fa qu\u00e9 opinas?<\/h4>\n<h3>El cintur\u00f3n<\/h3>\n<p>El elegido por Blanca es una de esas inversiones a las que podemos sacar much\u00edsimo partido en nuestro armario. Se trata del 30 Montaigne, como el bolso hom\u00f3nimo, en piel negra de becerro con las iniciales CD en dorado.<\/p>\n<p><img loading=\"lazy\" decoding=\"async\" class=\"aligncenter size-full wp-image-155679\" src=\"https:\/\/graziamagazine.com\/es\/wp-content\/uploads\/sites\/12\/2020\/09\/Captura-de-pantalla-2020-09-21-a-las-16.57.08.png\" alt=\"Blanca Su\u00e1rez revoluciona la alfombra de San Sebasti\u00e1n con su total look Dior que es maravilloso\" width=\"798\" height=\"502\" \/><\/p>\n<h3>Las gafas<\/h3>\n<p>Nos encantan las gafas redondas de aires sesenteros, la verdad. Son un torque perfecto para cualquier ocasi\u00f3n, y como vemos en Blanca, con un vestido m\u00e1s sofisticado quedan perfectas. Te proponemos el modelo extragrande DiorSociety2F, con cristales degradados de marr\u00f3n a rosa, montura rosa dorada con tachuelas. \u00a1Una preciosidad!<\/p>\n<p><img loading=\"lazy\" decoding=\"async\" class=\"aligncenter size-full wp-image-155680\" src=\"https:\/\/graziamagazine.com\/es\/wp-content\/uploads\/sites\/12\/2020\/09\/Captura-de-pantalla-2020-09-21-a-las-17.10.28.png\" alt=\"Blanca Su\u00e1rez revoluciona la alfombra de San Sebasti\u00e1n con su total look Dior que es maravilloso\" width=\"798\" height=\"406\" \/><\/p>\n<h3>Los pendientes<\/h3>\n<p>Aunque Blanca llevaba anillos de la colecci\u00f3n Rose des Vents de Dior Joaillerie, nuestro favorito son los pendientes, uno especial. Se trata de los pendientes Dior Tribales co perla, una de esas piezas que puedes usar en pareja o combin\u00e1ndolos con otros como ha hecho Blanca, con un pendiente largo.<\/p>\n<p><img loading=\"lazy\" decoding=\"async\" class=\"aligncenter size-full wp-image-155681\" src=\"https:\/\/graziamagazine.com\/es\/wp-content\/uploads\/sites\/12\/2020\/09\/Captura-de-pantalla-2020-09-21-a-las-17.18.17.png\" alt=\"Blanca Su\u00e1rez revoluciona la alfombra de San Sebasti\u00e1n con su total look Dior que es maravilloso\" width=\"780\" height=\"474\" \/><\/p>\n<p>\u00bfEs o no un LOOKAZO s\u00faper inspirador? Nosotras decimos que S\u00cd.<\/p>\n<p><em>*Im\u00e1genes: Getty Images y Cortes\u00eda<\/em><\/p>\n","protected":false},"author":11653,"featured_media":155659,"template":"","format":"standard","categories":[2971,2246,13,1],"acf":{"banner":null},"yoast_head":"<!-- This site is optimized with the Yoast SEO Premium plugin v18.5 (Yoast SEO v20.4) - https:\/\/yoast.com\/wordpress\/plugins\/seo\/ -->\n<title>Blanca Su\u00e1rez revoluciona la alfombra de San Sebasti\u00e1n con su total look Dior que es maravilloso | Grazia<\/title>\n<meta name=\"description\" content=\"Ha sido una de las mejor vestidas en recorrer la alfombra roja de la edici\u00f3n del Festival de Cine de San Sebasti\u00e1n y todo gracias a un look de Dior de cabeza a los pies que analizamos a detalle. \u00a1Nos chifla!\" \/>\n<meta name=\"robots\" content=\"index, follow, max-snippet:-1, max-image-preview:large, max-video-preview:-1\" \/>\n<link rel=\"canonical\" href=\"https:\/\/graziamagazine.com\/es\/articles\/blanca-suarez-revoluciona-la-alfombra-de-san-sebastian-con-su-total-look-dior-que-es-maravilloso\/\" \/>\n<meta property=\"og:locale\" content=\"es_ES\" \/>\n<meta property=\"og:type\" content=\"article\" \/>\n<meta property=\"og:title\" content=\"Blanca Su\u00e1rez revoluciona la alfombra de San Sebasti\u00e1n con su total look Dior que es maravilloso\" \/>\n<meta property=\"og:description\" content=\"Ha sido una de las mejor vestidas en recorrer la alfombra roja de la edici\u00f3n del Festival de Cine de San Sebasti\u00e1n y todo gracias a un look de Dior de cabeza a los pies que analizamos a detalle. \u00a1Nos chifla!\" \/>\n<meta property=\"og:url\" content=\"https:\/\/graziamagazine.com\/es\/articles\/blanca-suarez-revoluciona-la-alfombra-de-san-sebastian-con-su-total-look-dior-que-es-maravilloso\/\" \/>\n<meta property=\"og:site_name\" content=\"Grazia\" \/>\n<meta property=\"article:modified_time\" content=\"2020-09-21T15:28:12+00:00\" \/>\n<meta property=\"og:image\" content=\"https:\/\/graziamagazine.com\/es\/wp-content\/uploads\/sites\/12\/2020\/09\/blanca-suarez-con-gafas-setenteras_be5b04c6_812x541.jpg?fit=812%2C541\" \/>\n\t<meta property=\"og:image:width\" content=\"812\" \/>\n\t<meta property=\"og:image:height\" content=\"541\" \/>\n\t<meta property=\"og:image:type\" content=\"image\/jpeg\" \/>\n<meta name=\"twitter:card\" content=\"summary_large_image\" \/>\n<meta name=\"twitter:label1\" content=\"Est. reading time\" \/>\n\t<meta name=\"twitter:data1\" content=\"2 minutos\" \/>\n<script type=\"application\/ld+json\" class=\"yoast-schema-graph\">{\"@context\":\"https:\/\/schema.org\",\"@graph\":[{\"@type\":\"WebPage\",\"@id\":\"https:\/\/graziamagazine.com\/es\/articles\/blanca-suarez-revoluciona-la-alfombra-de-san-sebastian-con-su-total-look-dior-que-es-maravilloso\/\",\"url\":\"https:\/\/graziamagazine.com\/es\/articles\/blanca-suarez-revoluciona-la-alfombra-de-san-sebastian-con-su-total-look-dior-que-es-maravilloso\/\",\"name\":\"Blanca Su\u00e1rez revoluciona la alfombra de San Sebasti\u00e1n con su total look Dior que es maravilloso | Grazia\",\"isPartOf\":{\"@id\":\"https:\/\/graziamagazine.com\/es\/#website\"},\"datePublished\":\"2020-09-21T15:22:27+00:00\",\"dateModified\":\"2020-09-21T15:28:12+00:00\",\"description\":\"Ha sido una de las mejor vestidas en recorrer la alfombra roja de la edici\u00f3n del Festival de Cine de San Sebasti\u00e1n y todo gracias a un look de Dior de cabeza a los pies que analizamos a detalle. \u00a1Nos chifla!\",\"breadcrumb\":{\"@id\":\"https:\/\/graziamagazine.com\/es\/articles\/blanca-suarez-revoluciona-la-alfombra-de-san-sebastian-con-su-total-look-dior-que-es-maravilloso\/#breadcrumb\"},\"inLanguage\":\"es\",\"potentialAction\":[{\"@type\":\"ReadAction\",\"target\":[\"https:\/\/graziamagazine.com\/es\/articles\/blanca-suarez-revoluciona-la-alfombra-de-san-sebastian-con-su-total-look-dior-que-es-maravilloso\/\"]}]},{\"@type\":\"BreadcrumbList\",\"@id\":\"https:\/\/graziamagazine.com\/es\/articles\/blanca-suarez-revoluciona-la-alfombra-de-san-sebastian-con-su-total-look-dior-que-es-maravilloso\/#breadcrumb\",\"itemListElement\":[{\"@type\":\"ListItem\",\"position\":1,\"name\":\"Portada\",\"item\":\"https:\/\/graziamagazine.com\/es\/\"},{\"@type\":\"ListItem\",\"position\":2,\"name\":\"Blanca Su\u00e1rez revoluciona la alfombra de San Sebasti\u00e1n con su total look Dior que es maravilloso\"}]},{\"@type\":\"WebSite\",\"@id\":\"https:\/\/graziamagazine.com\/es\/#website\",\"url\":\"https:\/\/graziamagazine.com\/es\/\",\"name\":\"Grazia\",\"description\":\"Moda, belleza, celebrities, estilo de vida...\",\"potentialAction\":[{\"@type\":\"SearchAction\",\"target\":{\"@type\":\"EntryPoint\",\"urlTemplate\":\"https:\/\/graziamagazine.com\/es\/?s={search_term_string}\"},\"query-input\":\"required name=search_term_string\"}],\"inLanguage\":\"es\"}]}<\/script>\n<!-- \/ Yoast SEO Premium plugin. -->","yoast_head_json":{"title":"Blanca Su\u00e1rez revoluciona la alfombra de San Sebasti\u00e1n con su total look Dior que es maravilloso | Grazia","description":"Ha sido una de las mejor vestidas en recorrer la alfombra roja de la edici\u00f3n del Festival de Cine de San Sebasti\u00e1n y todo gracias a un look de Dior de cabeza a los pies que analizamos a detalle. \u00a1Nos chifla!","robots":{"index":"index","follow":"follow","max-snippet":"max-snippet:-1","max-image-preview":"max-image-preview:large","max-video-preview":"max-video-preview:-1"},"canonical":"https:\/\/graziamagazine.com\/es\/articles\/blanca-suarez-revoluciona-la-alfombra-de-san-sebastian-con-su-total-look-dior-que-es-maravilloso\/","og_locale":"es_ES","og_type":"article","og_title":"Blanca Su\u00e1rez revoluciona la alfombra de San Sebasti\u00e1n con su total look Dior que es maravilloso","og_description":"Ha sido una de las mejor vestidas en recorrer la alfombra roja de la edici\u00f3n del Festival de Cine de San Sebasti\u00e1n y todo gracias a un look de Dior de cabeza a los pies que analizamos a detalle. \u00a1Nos chifla!","og_url":"https:\/\/graziamagazine.com\/es\/articles\/blanca-suarez-revoluciona-la-alfombra-de-san-sebastian-con-su-total-look-dior-que-es-maravilloso\/","og_site_name":"Grazia","article_modified_time":"2020-09-21T15:28:12+00:00","og_image":[{"width":812,"height":541,"url":"https:\/\/graziamagazine.com\/es\/wp-content\/uploads\/sites\/12\/2020\/09\/blanca-suarez-con-gafas-setenteras_be5b04c6_812x541.jpg?fit=812%2C541","type":"image\/jpeg"}],"twitter_card":"summary_large_image","twitter_misc":{"Est. reading time":"2 minutos"},"schema":{"@context":"https:\/\/schema.org","@graph":[{"@type":"WebPage","@id":"https:\/\/graziamagazine.com\/es\/articles\/blanca-suarez-revoluciona-la-alfombra-de-san-sebastian-con-su-total-look-dior-que-es-maravilloso\/","url":"https:\/\/graziamagazine.com\/es\/articles\/blanca-suarez-revoluciona-la-alfombra-de-san-sebastian-con-su-total-look-dior-que-es-maravilloso\/","name":"Blanca Su\u00e1rez revoluciona la alfombra de San Sebasti\u00e1n con su total look Dior que es maravilloso | Grazia","isPartOf":{"@id":"https:\/\/graziamagazine.com\/es\/#website"},"datePublished":"2020-09-21T15:22:27+00:00","dateModified":"2020-09-21T15:28:12+00:00","description":"Ha sido una de las mejor vestidas en recorrer la alfombra roja de la edici\u00f3n del Festival de Cine de San Sebasti\u00e1n y todo gracias a un look de Dior de cabeza a los pies que analizamos a detalle. \u00a1Nos chifla!","breadcrumb":{"@id":"https:\/\/graziamagazine.com\/es\/articles\/blanca-suarez-revoluciona-la-alfombra-de-san-sebastian-con-su-total-look-dior-que-es-maravilloso\/#breadcrumb"},"inLanguage":"es","potentialAction":[{"@type":"ReadAction","target":["https:\/\/graziamagazine.com\/es\/articles\/blanca-suarez-revoluciona-la-alfombra-de-san-sebastian-con-su-total-look-dior-que-es-maravilloso\/"]}]},{"@type":"BreadcrumbList","@id":"https:\/\/graziamagazine.com\/es\/articles\/blanca-suarez-revoluciona-la-alfombra-de-san-sebastian-con-su-total-look-dior-que-es-maravilloso\/#breadcrumb","itemListElement":[{"@type":"ListItem","position":1,"name":"Portada","item":"https:\/\/graziamagazine.com\/es\/"},{"@type":"ListItem","position":2,"name":"Blanca Su\u00e1rez revoluciona la alfombra de San Sebasti\u00e1n con su total look Dior que es maravilloso"}]},{"@type":"WebSite","@id":"https:\/\/graziamagazine.com\/es\/#website","url":"https:\/\/graziamagazine.com\/es\/","name":"Grazia","description":"Moda, belleza, celebrities, estilo de vida...","potentialAction":[{"@type":"SearchAction","target":{"@type":"EntryPoint","urlTemplate":"https:\/\/graziamagazine.com\/es\/?s={search_term_string}"},"query-input":"required name=search_term_string"}],"inLanguage":"es"}]}},"jetpack_sharing_enabled":true,"distributor_meta":false,"distributor_terms":false,"distributor_media":false,"distributor_original_site_name":"Grazia","distributor_original_site_url":"https:\/\/graziamagazine.com\/es","push-errors":false,"_links":{"self":[{"href":"https:\/\/graziamagazine.com\/es\/wp-json\/wp\/v2\/articles\/155658"}],"collection":[{"href":"https:\/\/graziamagazine.com\/es\/wp-json\/wp\/v2\/articles"}],"about":[{"href":"https:\/\/graziamagazine.com\/es\/wp-json\/wp\/v2\/types\/articles"}],"author":[{"embeddable":true,"href":"https:\/\/graziamagazine.com\/es\/wp-json\/wp\/v2\/users\/11653"}],"wp:featuredmedia":[{"embeddable":true,"href":"https:\/\/graziamagazine.com\/es\/wp-json\/wp\/v2\/media\/155659"}],"wp:attachment":[{"href":"https:\/\/graziamagazine.com\/es\/wp-json\/wp\/v2\/media?parent=155658"}],"wp:term":[{"taxonomy":"category","embeddable":true,"href":"https:\/\/graziamagazine.com\/es\/wp-json\/wp\/v2\/categories?post=155658"}],"curies":[{"name":"wp","href":"https:\/\/api.w.org\/{rel}","templated":true}]}}