{"id":155542,"date":"2020-09-15T18:11:10","date_gmt":"2020-09-15T16:11:10","guid":{"rendered":"https:\/\/graziamagazine.com\/es\/?post_type=articles&#038;p=155542"},"modified":"2020-09-24T19:57:42","modified_gmt":"2020-09-24T17:57:42","slug":"foreo-y-oysho-se-unen-para-crear-la-rutina-de-belleza-perfecta","status":"publish","type":"articles","link":"https:\/\/graziamagazine.com\/es\/articles\/foreo-y-oysho-se-unen-para-crear-la-rutina-de-belleza-perfecta\/","title":{"rendered":"FOREO y Oysho se unen para crear la rutina de belleza perfecta"},"content":{"rendered":"<p>\u00bfPuede haber algo m\u00e1s maravilloso que una edici\u00f3n especial de tu marca favorita? S\u00ed, que dos de tus marcas favoritas se unan para crear un lanzamiento especial y \u00fanico. Eso es lo que acaban de hacer <strong>FOREO y Oysho con una colaboraci\u00f3n exclusiva que se suma a la nueva l\u00ednea SelfCare de la marca de Inditex<\/strong>. Una l\u00ednea pensada para favorecer la rutina de cuidado personal, en la que podemos encontrar prendas, b\u00e1sicos atemporales correspondientes a la moda \u00edntima deportiva y de ba\u00f1o, accesorios para el cabello y tambi\u00e9n productos de tratamiento para generar nuevas rutinas de belleza, en la que no pueden faltar los dispositivos inteligentes de la marca sueca.<\/p>\n<p>Gracias a este acuerdo, los dispositivos de limpieza y tratamiento facial de FOREO, <strong>LUNA mini 3, Serum SSS y la espuma limpiadora Micro-foam Cleanser, estar\u00e1n al alcance de los consumidores de un total de 25 pa\u00edses a trav\u00e9s de la web de Oysho.com as\u00ed como en distintas tiendas f\u00edsicas en Espa\u00f1a, Francia, Suiza e Italia.\u00a0<\/strong><\/p>\n<div>\n<div class=\"block-grid \">\n<div class=\"col num12\">\n<h3>todo para tener spa en casa<\/h3>\n<h4>El albornoz de Oysho: 49,99 euros<\/h4>\n<p><img loading=\"lazy\" decoding=\"async\" class=\"aligncenter size-full wp-image-155544\" src=\"https:\/\/graziamagazine.com\/es\/wp-content\/uploads\/sites\/12\/2020\/09\/1366_2000-65.jpeg\" alt=\"FOREO y Oysho se unen para crear la rutina de belleza perfecta\" width=\"1000\" height=\"1215\" \/><\/p>\n<h4>Los coleteros para depejar el pelo dela cara: 3,99 euros<\/h4>\n<p><img loading=\"lazy\" decoding=\"async\" class=\"aligncenter size-full wp-image-155543\" src=\"https:\/\/graziamagazine.com\/es\/wp-content\/uploads\/sites\/12\/2020\/09\/1366_2000-66.jpeg\" alt=\"FOREO y Oysho se unen para crear la rutina de belleza perfecta\" width=\"1000\" height=\"1217\" \/><\/p>\n<h4>Espuma limpiadora Micro-foam Cleanser: <strong>45,99\u20ac (100ml) y 9,99\u20ac (20ml)<\/strong><\/h4>\n<p>Puedes usarla a diario, porque su f\u00f3rmula rica en amino\u00e1cidos y vitamina es suave para la piel, eliminando todas las impurezas, adem\u00e1s de hidratarla y nutrirla.<\/p>\n<p><img loading=\"lazy\" decoding=\"async\" class=\"aligncenter size-full wp-image-155548\" src=\"https:\/\/graziamagazine.com\/es\/wp-content\/uploads\/sites\/12\/2020\/09\/1366_2000-68-e1600185372543.jpeg\" alt=\"FOREO y Oysho se unen para crear la rutina de belleza perfecta\" width=\"1024\" height=\"760\" \/><\/p>\n<h4>LUNA mini 3: 159 euros<\/h4>\n<p>Puedes elegirlo en rosa o en negro (perfecto en pareja, por ejemplo) y recuerda usarlo todos los d\u00edas para limpiar la piel por la ma\u00f1ana y por la noche. Si no lo has usado nunca, puedes conectarlo a su App para tener bajo control tu rutina de belleza, adem\u00e1s esta versi\u00f3n cuenta con el modo GLOW, que estimula la microcirculaci\u00f3n en la capa superior de la piel. \u00a1Un lujazo!<\/p>\n<p><img loading=\"lazy\" decoding=\"async\" class=\"aligncenter size-full wp-image-155549\" src=\"https:\/\/graziamagazine.com\/es\/wp-content\/uploads\/sites\/12\/2020\/09\/2-2.jpg\" alt=\"FOREO y Oysho se unen para crear la rutina de belleza perfecta\" width=\"650\" height=\"490\" \/><\/p>\n<h4>Serum SSS: 59,99 euros<\/h4>\n<p>El <a href=\"http:\/\/tracking.launchmetrics.com\/?ref=LhQAAJgmr5L-7WM8E4ayh8m2atULe_h-AQAAAPksokigy4_Q0-5yTwo29iKjbowIfIlxsRNsky9L2TEs0OfMx-VYoWoPIJFGa-CH9-tY8aDW4N-n8-c7KRDMAqLj13EnQ-NQ0xV1wyWsmYRD1dGMFmGR_KjSOl7Lg3dCduDDYVLPr-G5itr9UPlY345OcGNjrv_KpmEV4eJMER4KykOGWQaJ8wL11Glmsiir0epJeJiNxg7jLvNN5My2QdCAJgJe1urG9jcoOdXaBZf6CIsaASRV4Kyz1wX55ndzVQsdVFpDUU5FL7_NPDoMiAJz7dUeKoU9PlFFZ89-wBp3iFugJTezG5vmVxqy4I8TtA\" target=\"_blank\" rel=\"noopener noreferrer\" target=\"_blank\">suero hidratante y antioxidante de FOREO<\/a> que estimula la producci\u00f3n de col\u00e1geno, formulado a base de ingredientes activos como el \u00e1cido hialur\u00f3nico y el escualano, nos ayudar\u00e1 a rejuvenecer y cuidar nuestro rostro. Su textura ligera cuenta con micro-c\u00e1psulas que hidratan la piel en profundidad y con antioxidantes que nos ayudan a combatir los radicales libres derivados del sol, aportando luminosidad y dando lugar a un aspecto radiante.<\/p>\n<p><img loading=\"lazy\" decoding=\"async\" class=\"aligncenter size-full wp-image-155547\" src=\"https:\/\/graziamagazine.com\/es\/wp-content\/uploads\/sites\/12\/2020\/09\/1366_2000-67-e1600185333930.jpeg\" alt=\"FOREO y Oysho se unen para crear la rutina de belleza perfecta\" width=\"1024\" height=\"742\" \/><\/p>\n<p><em>*Im\u00e1genes: Cortes\u00eda\u00a0<\/em><\/p>\n<\/div>\n<\/div>\n<\/div>\n<div>\n<div class=\"block-grid \">\n<div class=\"col num12\">\n<p>&nbsp;<\/p>\n<\/div>\n<\/div>\n<\/div>\n","protected":false},"author":11653,"featured_media":155545,"template":"","format":"standard","categories":[7,4749,4585],"acf":[],"yoast_head":"<!-- This site is optimized with the Yoast SEO Premium plugin v18.5 (Yoast SEO v20.4) - https:\/\/yoast.com\/wordpress\/plugins\/seo\/ -->\n<title>FOREO y Oysho se unen para crear la rutina de belleza perfecta | Grazia<\/title>\n<meta name=\"description\" content=\"La nueva l\u00ednea Self Care es la propuesta de Oysho para fomentar la rutina diaria de cuidado personal, en colaboraci\u00f3n con FOREO Sweden.\" \/>\n<meta name=\"robots\" content=\"index, follow, max-snippet:-1, max-image-preview:large, max-video-preview:-1\" \/>\n<link rel=\"canonical\" href=\"https:\/\/graziamagazine.com\/es\/articles\/foreo-y-oysho-se-unen-para-crear-la-rutina-de-belleza-perfecta\/\" \/>\n<meta property=\"og:locale\" content=\"es_ES\" \/>\n<meta property=\"og:type\" content=\"article\" \/>\n<meta property=\"og:title\" content=\"FOREO y Oysho se unen para crear la rutina de belleza perfecta\" \/>\n<meta property=\"og:description\" content=\"La nueva l\u00ednea Self Care es la propuesta de Oysho para fomentar la rutina diaria de cuidado personal, en colaboraci\u00f3n con FOREO Sweden.\" \/>\n<meta property=\"og:url\" content=\"https:\/\/graziamagazine.com\/es\/articles\/foreo-y-oysho-se-unen-para-crear-la-rutina-de-belleza-perfecta\/\" \/>\n<meta property=\"og:site_name\" content=\"Grazia\" \/>\n<meta property=\"article:modified_time\" content=\"2020-09-24T17:57:42+00:00\" \/>\n<meta property=\"og:image\" content=\"https:\/\/graziamagazine.com\/es\/wp-content\/uploads\/sites\/12\/2020\/09\/2dc98bb0-91c0-4157-9b2e-ca3a029db296.jpg?fit=1000%2C1013\" \/>\n\t<meta property=\"og:image:width\" content=\"1000\" \/>\n\t<meta property=\"og:image:height\" content=\"1013\" \/>\n\t<meta property=\"og:image:type\" content=\"image\/jpeg\" \/>\n<meta name=\"twitter:card\" content=\"summary_large_image\" \/>\n<meta name=\"twitter:label1\" content=\"Est. reading time\" \/>\n\t<meta name=\"twitter:data1\" content=\"2 minutos\" \/>\n<script type=\"application\/ld+json\" class=\"yoast-schema-graph\">{\"@context\":\"https:\/\/schema.org\",\"@graph\":[{\"@type\":\"WebPage\",\"@id\":\"https:\/\/graziamagazine.com\/es\/articles\/foreo-y-oysho-se-unen-para-crear-la-rutina-de-belleza-perfecta\/\",\"url\":\"https:\/\/graziamagazine.com\/es\/articles\/foreo-y-oysho-se-unen-para-crear-la-rutina-de-belleza-perfecta\/\",\"name\":\"FOREO y Oysho se unen para crear la rutina de belleza perfecta | Grazia\",\"isPartOf\":{\"@id\":\"https:\/\/graziamagazine.com\/es\/#website\"},\"datePublished\":\"2020-09-15T16:11:10+00:00\",\"dateModified\":\"2020-09-24T17:57:42+00:00\",\"description\":\"La nueva l\u00ednea Self Care es la propuesta de Oysho para fomentar la rutina diaria de cuidado personal, en colaboraci\u00f3n con FOREO Sweden.\",\"breadcrumb\":{\"@id\":\"https:\/\/graziamagazine.com\/es\/articles\/foreo-y-oysho-se-unen-para-crear-la-rutina-de-belleza-perfecta\/#breadcrumb\"},\"inLanguage\":\"es\",\"potentialAction\":[{\"@type\":\"ReadAction\",\"target\":[\"https:\/\/graziamagazine.com\/es\/articles\/foreo-y-oysho-se-unen-para-crear-la-rutina-de-belleza-perfecta\/\"]}]},{\"@type\":\"BreadcrumbList\",\"@id\":\"https:\/\/graziamagazine.com\/es\/articles\/foreo-y-oysho-se-unen-para-crear-la-rutina-de-belleza-perfecta\/#breadcrumb\",\"itemListElement\":[{\"@type\":\"ListItem\",\"position\":1,\"name\":\"Portada\",\"item\":\"https:\/\/graziamagazine.com\/es\/\"},{\"@type\":\"ListItem\",\"position\":2,\"name\":\"FOREO y Oysho se unen para crear la rutina de belleza perfecta\"}]},{\"@type\":\"WebSite\",\"@id\":\"https:\/\/graziamagazine.com\/es\/#website\",\"url\":\"https:\/\/graziamagazine.com\/es\/\",\"name\":\"Grazia\",\"description\":\"Moda, belleza, celebrities, estilo de vida...\",\"potentialAction\":[{\"@type\":\"SearchAction\",\"target\":{\"@type\":\"EntryPoint\",\"urlTemplate\":\"https:\/\/graziamagazine.com\/es\/?s={search_term_string}\"},\"query-input\":\"required name=search_term_string\"}],\"inLanguage\":\"es\"}]}<\/script>\n<!-- \/ Yoast SEO Premium plugin. -->","yoast_head_json":{"title":"FOREO y Oysho se unen para crear la rutina de belleza perfecta | Grazia","description":"La nueva l\u00ednea Self Care es la propuesta de Oysho para fomentar la rutina diaria de cuidado personal, en colaboraci\u00f3n con FOREO Sweden.","robots":{"index":"index","follow":"follow","max-snippet":"max-snippet:-1","max-image-preview":"max-image-preview:large","max-video-preview":"max-video-preview:-1"},"canonical":"https:\/\/graziamagazine.com\/es\/articles\/foreo-y-oysho-se-unen-para-crear-la-rutina-de-belleza-perfecta\/","og_locale":"es_ES","og_type":"article","og_title":"FOREO y Oysho se unen para crear la rutina de belleza perfecta","og_description":"La nueva l\u00ednea Self Care es la propuesta de Oysho para fomentar la rutina diaria de cuidado personal, en colaboraci\u00f3n con FOREO Sweden.","og_url":"https:\/\/graziamagazine.com\/es\/articles\/foreo-y-oysho-se-unen-para-crear-la-rutina-de-belleza-perfecta\/","og_site_name":"Grazia","article_modified_time":"2020-09-24T17:57:42+00:00","og_image":[{"width":1000,"height":1013,"url":"https:\/\/graziamagazine.com\/es\/wp-content\/uploads\/sites\/12\/2020\/09\/2dc98bb0-91c0-4157-9b2e-ca3a029db296.jpg?fit=1000%2C1013","type":"image\/jpeg"}],"twitter_card":"summary_large_image","twitter_misc":{"Est. reading time":"2 minutos"},"schema":{"@context":"https:\/\/schema.org","@graph":[{"@type":"WebPage","@id":"https:\/\/graziamagazine.com\/es\/articles\/foreo-y-oysho-se-unen-para-crear-la-rutina-de-belleza-perfecta\/","url":"https:\/\/graziamagazine.com\/es\/articles\/foreo-y-oysho-se-unen-para-crear-la-rutina-de-belleza-perfecta\/","name":"FOREO y Oysho se unen para crear la rutina de belleza perfecta | Grazia","isPartOf":{"@id":"https:\/\/graziamagazine.com\/es\/#website"},"datePublished":"2020-09-15T16:11:10+00:00","dateModified":"2020-09-24T17:57:42+00:00","description":"La nueva l\u00ednea Self Care es la propuesta de Oysho para fomentar la rutina diaria de cuidado personal, en colaboraci\u00f3n con FOREO Sweden.","breadcrumb":{"@id":"https:\/\/graziamagazine.com\/es\/articles\/foreo-y-oysho-se-unen-para-crear-la-rutina-de-belleza-perfecta\/#breadcrumb"},"inLanguage":"es","potentialAction":[{"@type":"ReadAction","target":["https:\/\/graziamagazine.com\/es\/articles\/foreo-y-oysho-se-unen-para-crear-la-rutina-de-belleza-perfecta\/"]}]},{"@type":"BreadcrumbList","@id":"https:\/\/graziamagazine.com\/es\/articles\/foreo-y-oysho-se-unen-para-crear-la-rutina-de-belleza-perfecta\/#breadcrumb","itemListElement":[{"@type":"ListItem","position":1,"name":"Portada","item":"https:\/\/graziamagazine.com\/es\/"},{"@type":"ListItem","position":2,"name":"FOREO y Oysho se unen para crear la rutina de belleza perfecta"}]},{"@type":"WebSite","@id":"https:\/\/graziamagazine.com\/es\/#website","url":"https:\/\/graziamagazine.com\/es\/","name":"Grazia","description":"Moda, belleza, celebrities, estilo de vida...","potentialAction":[{"@type":"SearchAction","target":{"@type":"EntryPoint","urlTemplate":"https:\/\/graziamagazine.com\/es\/?s={search_term_string}"},"query-input":"required name=search_term_string"}],"inLanguage":"es"}]}},"jetpack_sharing_enabled":true,"distributor_meta":false,"distributor_terms":false,"distributor_media":false,"distributor_original_site_name":"Grazia","distributor_original_site_url":"https:\/\/graziamagazine.com\/es","push-errors":false,"_links":{"self":[{"href":"https:\/\/graziamagazine.com\/es\/wp-json\/wp\/v2\/articles\/155542"}],"collection":[{"href":"https:\/\/graziamagazine.com\/es\/wp-json\/wp\/v2\/articles"}],"about":[{"href":"https:\/\/graziamagazine.com\/es\/wp-json\/wp\/v2\/types\/articles"}],"author":[{"embeddable":true,"href":"https:\/\/graziamagazine.com\/es\/wp-json\/wp\/v2\/users\/11653"}],"wp:featuredmedia":[{"embeddable":true,"href":"https:\/\/graziamagazine.com\/es\/wp-json\/wp\/v2\/media\/155545"}],"wp:attachment":[{"href":"https:\/\/graziamagazine.com\/es\/wp-json\/wp\/v2\/media?parent=155542"}],"wp:term":[{"taxonomy":"category","embeddable":true,"href":"https:\/\/graziamagazine.com\/es\/wp-json\/wp\/v2\/categories?post=155542"}],"curies":[{"name":"wp","href":"https:\/\/api.w.org\/{rel}","templated":true}]}}