{"id":155528,"date":"2020-09-14T07:45:40","date_gmt":"2020-09-14T05:45:40","guid":{"rendered":"https:\/\/graziamagazine.com\/es\/?post_type=articles&#038;p=155528"},"modified":"2020-09-14T07:45:40","modified_gmt":"2020-09-14T05:45:40","slug":"nuevo-objeto-de-deseo-el-calendario-de-adviento-de-sephora-que-puede-ser-tuyo-en-preventa","status":"publish","type":"articles","link":"https:\/\/graziamagazine.com\/es\/articles\/nuevo-objeto-de-deseo-el-calendario-de-adviento-de-sephora-que-puede-ser-tuyo-en-preventa\/","title":{"rendered":"Nuevo objeto de deseo: el calendario de adviento de Sephora (que puede ser tuyo en preventa)"},"content":{"rendered":"<p>Pues s\u00ed, en este a\u00f1o extra\u00f1o que todos estamos viviendo, los tiempos han dejado pr\u00e1cticamente de ser importantes y aunque estemos (todav\u00eda) en septiembre te traemos una buena noticia de cara a Navidad.<\/p>\n<p>\u00bfSuena exagerado? Un poco, pero cuando veas de lo que te vamos a hablar, no pensar\u00e1s lo mismo. Hasta Sephora ha llegado uno de los bestseller de la temporada navide\u00f1a, su calendario de adviento de belleza y este a\u00f1o es m\u00e1s maravilloso que de costumbre, porque adem\u00e1s est\u00e1 m\u00e1s repleto que nunca.\u00a0 El calendario se compone de <strong>25 cajones que albergan una espectacular selecci\u00f3n de productos de tratamiento, maquillaje y cuidado del cabello.<\/strong><\/p>\n<div class=\"\">\n<div class=\"\"><span class=\"\" style=\"font-family: Century Gothic;font-size: large\">\u00a0<\/span><\/div>\n<div class=\"\">\n<div class=\"\">\n<div class=\"\"><img loading=\"lazy\" decoding=\"async\" class=\"aligncenter size-full wp-image-155530\" src=\"https:\/\/graziamagazine.com\/es\/wp-content\/uploads\/sites\/12\/2020\/09\/1366_2000-64.jpeg\" alt=\"Nuevo objeto de deseo: el calendario de adviento de Sephora (que puede ser tuyo en preventa) \" width=\"1024\" height=\"1820\" \/><\/div>\n<div><\/div>\n<div>\u00bfQuieres saber qu\u00e9 contiene? Toma nota porque la lista es LARGA.<\/div>\n<div><\/div>\n<h3>Esto es todo lo que incluye<\/h3>\n<div class=\"\">\n<div class=\"\">\n<ul class=\"x_MailOutline\">\n<li class=\"\"><span class=\"\" style=\"font-size: large\"><span class=\"\">El Gel Fijador de pesta\u00f1as.<b class=\"\">\u00a0<\/b><\/span><span class=\"\"><b class=\"\">24-Hour Brow Setter<\/b>\u00a0de\u00a0<\/span><span class=\"\"><span class=\"\" style=\"color: #278e8e\">BENEFIT<\/span><\/span><\/span><\/li>\n<li class=\"\">\n<div class=\"\"><span class=\"\" style=\"font-size: large\"><span class=\"\" style=\"font-family: Century Gothic\">La mascarilla capilar m\u00e1s hidratante y suntuosa.\u00a0<\/span><span class=\"\"><b class=\"\">Hydrating Melting Mask with Aloe Vera<\/b>\u00a0de\u00a0<\/span><span class=\"\" style=\"color: #278e8e\"><span class=\"\">CHRISTOPHE ROBIN<\/span><span class=\"\">.<\/span><\/span><\/span><\/div>\n<\/li>\n<li class=\"\">\n<div class=\"\"><span class=\"\" style=\"font-size: large\"><span class=\"\">El b\u00e1lsamo multiusos todo-en-uno m\u00e1s m\u00edtico.\u00a0<\/span><span class=\"\"><b class=\"\">All Purpose Skin Cream<\/b>\u00a0de\u00a0<\/span><span class=\"\" style=\"color: #278e8e\"><span class=\"\">EGYPTIAN MAGIC<\/span><span class=\"\">.<\/span><\/span><\/span><\/div>\n<\/li>\n<li class=\"\">\n<div class=\"\"><span class=\"\"><span class=\"\" style=\"font-size: large\"><span class=\"\" style=\"font-family: Century Gothic\">El contorno de ojos iluminador m\u00e1s natural.\u00a0<\/span><b class=\"\">CC Eye Clair<\/b>\u00a0de\u00a0<span class=\"\" style=\"color: #278e8e\">ERBORIAN<\/span>.<\/span><\/span><\/div>\n<\/li>\n<li class=\"\">\n<div class=\"\"><span class=\"\"><span class=\"\" style=\"font-size: large\"><span class=\"\" style=\"font-family: Century Gothic\">El limpiador de rostro y ojos.\u00a0<\/span><b class=\"\">Soy Face Cleanser<\/b>\u00a0de\u00a0<span class=\"\" style=\"color: #278e8e\">FRESH<\/span>.<\/span><\/span><\/div>\n<\/li>\n<li class=\"\">\n<div class=\"\"><span class=\"\"><span class=\"\" style=\"font-size: large\"><span class=\"\" style=\"font-family: Century Gothic\">Los polvos fijadores veganos m\u00e1s\u00a0<\/span>deseados y favorecedores.\u00a0<b class=\"\">Veil\u2122 Translucent Setting Powder<\/b>\u00a0de\u00a0<span class=\"\" style=\"color: #278e8e\">HOURGLASS<\/span>.<\/span><\/span><\/div>\n<\/li>\n<li class=\"\">\n<div class=\"\"><span class=\"\"><span class=\"\" style=\"font-size: large\"><span class=\"\" style=\"font-family: Century Gothic\">La paleta de sombras de la temporada.\u00a0<\/span><b class=\"\">Ruby Obsessions Eyeshadow Palette<\/b>\u00a0(Full\u00a0Size) de\u00a0<span class=\"\" style=\"color: #278e8e\">HUDA BEAUTY<\/span>.<\/span><\/span><\/div>\n<\/li>\n<li class=\"\">\n<div class=\"\"><span class=\"\"><span class=\"\" style=\"font-size: large\"><span class=\"\" style=\"font-family: Century Gothic\">La mascarilla nocturna para la piel m\u00e1s\u00a0<\/span>jugosa y radiante.\u00a0<b class=\"\">Water Sleeping Mask Lavender<\/b>\u00a0de\u00a0<span class=\"\" style=\"color: #278e8e\">LANEIGE<\/span>.<\/span><\/span><\/div>\n<\/li>\n<li class=\"\">\n<div class=\"\"><span class=\"\"><span class=\"\" style=\"font-size: large\"><span class=\"\" style=\"font-family: Century Gothic\">La m\u00e1scara de pesta\u00f1as para una\u00a0<\/span>longitud extrema.\u00a0<b class=\"\">At Lash&#8217;d Mascara<\/b>\u00a0de\u00a0<span class=\"\" style=\"color: #278e8e\">MARC JACOBS BEAUTY<\/span>.<\/span><\/span><\/div>\n<\/li>\n<li class=\"\">\n<div class=\"\"><span class=\"\"><span class=\"\" style=\"font-size: large\"><span class=\"\" style=\"font-family: Century Gothic\">El spray facial revitalizante y calmante del\u00a0<\/span>guru de los t\u00f3nicos.\u00a0<b class=\"\">Facial Spray With Aloe Herbs And\u00a0Rosewater<\/b>\u00a0de\u00a0<span class=\"\" style=\"color: #278e8e\">MARIO BADESCU<\/span><\/span><\/span><\/div>\n<\/li>\n<li class=\"\">\n<div class=\"\"><span class=\"\"><span class=\"\" style=\"font-size: large\"><span class=\"\" style=\"font-family: Century Gothic\">El gel de manos m\u00e1s pr\u00e1ctico y delicioso.\u00a0<\/span><b class=\"\">Magic Diamond<\/b>\u00a0(Full Size) de\u00a0<span class=\"\" style=\"color: #278e8e\">MERCI HANDY.<\/span><\/span><\/span><\/div>\n<\/li>\n<li class=\"\">\n<div class=\"\"><span class=\"\"><span class=\"\" style=\"font-size: large\"><span class=\"\" style=\"font-family: Century Gothic\">La m\u00e1scara de pesta\u00f1as voluminizadora.\u00a0<\/span><b class=\"\">KUSH High Volume Mascara<\/b>\u00a0de\u00a0<span class=\"\" style=\"color: #278e8e\">MILK<\/span>.<\/span><\/span><\/div>\n<\/li>\n<li class=\"\">\n<div class=\"\"><span class=\"\"><span class=\"\" style=\"font-size: large\"><span class=\"\" style=\"font-family: Century Gothic\">El iluminador m\u00e1s brillante.\u00a0<\/span><b class=\"\">Mini Super Glow tono #2 light-medium<\/b>\u00a0de\u00a0<span class=\"\" style=\"color: #278e8e\">NATASHA DENONA<\/span>.<\/span><\/span><\/div>\n<\/li>\n<li class=\"\">\n<div class=\"\"><span class=\"\"><span class=\"\" style=\"font-size: large\"><span class=\"\" style=\"font-family: Century Gothic\">El l\u00e1piz de ojos m\u00e1s irresistible.\u00a0<\/span><b class=\"\">Magnetic Luminous Eye Color Burnish<\/b>\u00a0(Full\u00a0Size) de\u00a0<span class=\"\" style=\"color: #278e8e\">NUDESTIX.<\/span><\/span><\/span><\/div>\n<\/li>\n<li class=\"\">\n<div class=\"\"><span class=\"\"><span class=\"\" style=\"font-size: large\"><span class=\"\" style=\"font-family: Century Gothic\">La crema facial energizante con el s\u00faper\u00a0<\/span>ingrediente ginseng.\u00a0<b class=\"\">Ginzing\u2122 Ultra-hydrating Energy-boosting\u00a0Cream<\/b>\u00a0de\u00a0<span class=\"\" style=\"color: #278e8e\">ORIGINS.<\/span><\/span><\/span><\/div>\n<\/li>\n<li class=\"\">\n<div class=\"\"><span class=\"\"><span class=\"\" style=\"font-size: large\"><span class=\"\" style=\"font-family: Century Gothic\">Los parches para ojos m\u00e1s\u00a0drenajes\u00a0y\u00a0<\/span>relajantes \u00a1y con c\u00e1\u00f1amo!\u00a0<b class=\"\">Moodpatch Chill Mode Soothing\u00a0Cannabis Seed<\/b>\u00a0de\u00a0<span class=\"\" style=\"color: #278e8e\">PATCHOLOGY.<\/span><\/span><\/span><\/div>\n<\/li>\n<li class=\"\">\n<div class=\"\"><span class=\"\"><span class=\"\" style=\"font-size: large\"><span class=\"\" style=\"font-family: Century Gothic\">El t\u00f3nico anti-edad con retinol por excelencia.\u00a0<\/span><b class=\"\">Retinol Tonic<\/b>\u00a0de\u00a0<span class=\"\" style=\"color: #278e8e\">PIXI.<\/span><\/span><\/span><\/div>\n<\/li>\n<li class=\"\">\n<div class=\"\"><span class=\"\"><span class=\"\" style=\"font-size: large\"><span class=\"\" style=\"font-family: Century Gothic\">La m\u00e1scara de pesta\u00f1as extrema de la\u00a0<\/span>reina del maquillaje \u00a1en tama\u00f1o full size!.\u00a0<b class=\"\">FetishEYES\u2122 Mascara &#8211; Xtreme Black<\/b>\u00a0de\u00a0<span class=\"\" style=\"color: #278e8e\">PAT MCGRATH LABS.<\/span><\/span><\/span><\/div>\n<\/li>\n<li class=\"\">\n<div class=\"\"><span class=\"\"><span class=\"\" style=\"font-size: large\"><span class=\"\" style=\"font-family: Century Gothic\">El t\u00f3nico exfoliante e iluminador con\u00a0<\/span>\u00e1cidos frutales.\u00a0<b class=\"\">Ready Steady Glow Daily AHA Tonic<\/b>\u00a0de\u00a0<span class=\"\" style=\"color: #278e8e\">REN<\/span>.<\/span><\/span><\/div>\n<\/li>\n<li class=\"\">\n<div class=\"\"><span class=\"\"><span class=\"\" style=\"font-size: large\"><span class=\"\" style=\"font-family: Century Gothic\">El champ\u00fa m\u00e1s natural, eco y sostenible.\u00a0<\/span><b class=\"\">Shampoing Solide<\/b>\u00a0de\u00a0<span class=\"\" style=\"color: #278e8e\">RESPIRE<\/span>.<\/span><\/span><\/div>\n<\/li>\n<li class=\"\">\n<div class=\"\"><span class=\"\"><span class=\"\" style=\"font-size: large\"><span class=\"\" style=\"font-family: Century Gothic\">El labial efecto brillo y semitransparente.\u00a0<\/span><b class=\"\">Rouge Veloute Brillant Mauve Spirit<\/b>\u00a0(Full\u00a0Size) de\u00a0<span class=\"\" style=\"color: #278e8e\">SEPHORA COLLECTION.<\/span><\/span><\/span><\/div>\n<\/li>\n<li class=\"\">\n<div class=\"\"><span class=\"\"><span class=\"\" style=\"font-size: large\"><span class=\"\" style=\"font-family: Century Gothic\">El s\u00e9rum iluminador con vitaminas\u00a0<b class=\"\">C + E.\u00a0<\/b><\/span><b class=\"\">Super Serum Eclat\u00a0<\/b>(Full Size) de\u00a0<span class=\"\" style=\"color: #278e8e\">SEPHORA COLLECTION<\/span>.<\/span><\/span><\/div>\n<\/li>\n<li class=\"\">\n<div class=\"\"><span class=\"\"><span class=\"\" style=\"font-size: large\"><span class=\"\" style=\"font-family: Century Gothic\">El tratamiento hidratante rico en\u00a0cer\u00e1micas.\u00a0<\/span><b class=\"\">Ice Ceramide Moisturizing Cream<\/b>\u00a0de\u00a0<span class=\"\" style=\"color: #278e8e\">SUNDAY RILEY.<\/span><\/span><\/span><\/div>\n<\/li>\n<li class=\"\">\n<div class=\"\"><span class=\"\"><span class=\"\" style=\"font-size: large\"><span class=\"\" style=\"font-family: Century Gothic\">El eye-liner m\u00e1s preciso, vegano y deseado.\u00a0<\/span><b class=\"\">Tarteist\u2122 Double Take Eyeliner black<\/b>\u00a0(Full\u00a0Size) de\u00a0<span class=\"\" style=\"color: #278e8e\">TARTE.<\/span><\/span><\/span><\/div>\n<\/li>\n<li class=\"\"><span class=\"\"><span class=\"\" style=\"font-size: large\"><span class=\"\" style=\"font-family: Century Gothic\">Los polvos matificantes y fijadores\u00a0<\/span>del maquillaje.\u00a0<b class=\"\">Peach Perfect Mattifying Loose Setting\u00a0Powder<\/b>\u00a0en tono Translucent Whisper de\u00a0<span class=\"\" style=\"color: #278e8e\">TOO FACED.<\/span><\/span><\/span><\/li>\n<\/ul>\n<\/div>\n<div class=\"\"><\/div>\n<div class=\"\">El calendario ya est\u00e1 a la venta (en<strong> pre-venta) a trav\u00e9s de la App de Sephora, desde el 11 de septiembre<\/strong> y despu\u00e9s estar\u00e1 disponible en las tiendas f\u00edsicas y su tienda online hasta fin de existencias. <strong>Su precio es de 119,99 euros<\/strong>.<\/div>\n<div><\/div>\n<div><em>*Imagen: Cortes\u00eda<\/em><\/div>\n<div class=\"\">\n<div class=\"\">\n<div class=\"\"><\/div>\n<\/div>\n<\/div>\n<\/div>\n<\/div>\n<\/div>\n<\/div>\n","protected":false},"author":11653,"featured_media":155529,"template":"","format":"standard","categories":[7],"acf":[],"yoast_head":"<!-- This site is optimized with the Yoast SEO Premium plugin v18.5 (Yoast SEO v20.4) - https:\/\/yoast.com\/wordpress\/plugins\/seo\/ -->\n<title>Nuevo objeto de deseo: el calendario de adviento de Sephora (que puede ser tuyo en preventa) | Grazia<\/title>\n<meta name=\"description\" content=\"Es uno de los momentos m\u00e1s esperados del a\u00f1o para las beauty lovers, y por suerte ya podemos encontrarlo en Sephora. \u00a1Te damos todos los detalles!\" \/>\n<meta name=\"robots\" content=\"index, follow, max-snippet:-1, max-image-preview:large, max-video-preview:-1\" \/>\n<link rel=\"canonical\" href=\"https:\/\/graziamagazine.com\/es\/articles\/nuevo-objeto-de-deseo-el-calendario-de-adviento-de-sephora-que-puede-ser-tuyo-en-preventa\/\" \/>\n<meta property=\"og:locale\" content=\"es_ES\" \/>\n<meta property=\"og:type\" content=\"article\" \/>\n<meta property=\"og:title\" content=\"Nuevo objeto de deseo: el calendario de adviento de Sephora (que puede ser tuyo en preventa)\" \/>\n<meta property=\"og:description\" content=\"Es uno de los momentos m\u00e1s esperados del a\u00f1o para las beauty lovers, y por suerte ya podemos encontrarlo en Sephora. \u00a1Te damos todos los detalles!\" \/>\n<meta property=\"og:url\" content=\"https:\/\/graziamagazine.com\/es\/articles\/nuevo-objeto-de-deseo-el-calendario-de-adviento-de-sephora-que-puede-ser-tuyo-en-preventa\/\" \/>\n<meta property=\"og:site_name\" content=\"Grazia\" \/>\n<meta property=\"og:image\" content=\"https:\/\/graziamagazine.com\/es\/wp-content\/uploads\/sites\/12\/2020\/09\/1366_2000-63.jpeg?fit=1366%2C1213\" \/>\n\t<meta property=\"og:image:width\" content=\"1366\" \/>\n\t<meta property=\"og:image:height\" content=\"1213\" \/>\n\t<meta property=\"og:image:type\" content=\"image\/jpeg\" \/>\n<meta name=\"twitter:card\" content=\"summary_large_image\" \/>\n<meta name=\"twitter:label1\" content=\"Est. reading time\" \/>\n\t<meta name=\"twitter:data1\" content=\"3 minutos\" \/>\n<script type=\"application\/ld+json\" class=\"yoast-schema-graph\">{\"@context\":\"https:\/\/schema.org\",\"@graph\":[{\"@type\":\"WebPage\",\"@id\":\"https:\/\/graziamagazine.com\/es\/articles\/nuevo-objeto-de-deseo-el-calendario-de-adviento-de-sephora-que-puede-ser-tuyo-en-preventa\/\",\"url\":\"https:\/\/graziamagazine.com\/es\/articles\/nuevo-objeto-de-deseo-el-calendario-de-adviento-de-sephora-que-puede-ser-tuyo-en-preventa\/\",\"name\":\"Nuevo objeto de deseo: el calendario de adviento de Sephora (que puede ser tuyo en preventa) | Grazia\",\"isPartOf\":{\"@id\":\"https:\/\/graziamagazine.com\/es\/#website\"},\"datePublished\":\"2020-09-14T05:45:40+00:00\",\"dateModified\":\"2020-09-14T05:45:40+00:00\",\"description\":\"Es uno de los momentos m\u00e1s esperados del a\u00f1o para las beauty lovers, y por suerte ya podemos encontrarlo en Sephora. \u00a1Te damos todos los detalles!\",\"breadcrumb\":{\"@id\":\"https:\/\/graziamagazine.com\/es\/articles\/nuevo-objeto-de-deseo-el-calendario-de-adviento-de-sephora-que-puede-ser-tuyo-en-preventa\/#breadcrumb\"},\"inLanguage\":\"es\",\"potentialAction\":[{\"@type\":\"ReadAction\",\"target\":[\"https:\/\/graziamagazine.com\/es\/articles\/nuevo-objeto-de-deseo-el-calendario-de-adviento-de-sephora-que-puede-ser-tuyo-en-preventa\/\"]}]},{\"@type\":\"BreadcrumbList\",\"@id\":\"https:\/\/graziamagazine.com\/es\/articles\/nuevo-objeto-de-deseo-el-calendario-de-adviento-de-sephora-que-puede-ser-tuyo-en-preventa\/#breadcrumb\",\"itemListElement\":[{\"@type\":\"ListItem\",\"position\":1,\"name\":\"Portada\",\"item\":\"https:\/\/graziamagazine.com\/es\/\"},{\"@type\":\"ListItem\",\"position\":2,\"name\":\"Nuevo objeto de deseo: el calendario de adviento de Sephora (que puede ser tuyo en preventa)\"}]},{\"@type\":\"WebSite\",\"@id\":\"https:\/\/graziamagazine.com\/es\/#website\",\"url\":\"https:\/\/graziamagazine.com\/es\/\",\"name\":\"Grazia\",\"description\":\"Moda, belleza, celebrities, estilo de vida...\",\"potentialAction\":[{\"@type\":\"SearchAction\",\"target\":{\"@type\":\"EntryPoint\",\"urlTemplate\":\"https:\/\/graziamagazine.com\/es\/?s={search_term_string}\"},\"query-input\":\"required name=search_term_string\"}],\"inLanguage\":\"es\"}]}<\/script>\n<!-- \/ Yoast SEO Premium plugin. -->","yoast_head_json":{"title":"Nuevo objeto de deseo: el calendario de adviento de Sephora (que puede ser tuyo en preventa) | Grazia","description":"Es uno de los momentos m\u00e1s esperados del a\u00f1o para las beauty lovers, y por suerte ya podemos encontrarlo en Sephora. \u00a1Te damos todos los detalles!","robots":{"index":"index","follow":"follow","max-snippet":"max-snippet:-1","max-image-preview":"max-image-preview:large","max-video-preview":"max-video-preview:-1"},"canonical":"https:\/\/graziamagazine.com\/es\/articles\/nuevo-objeto-de-deseo-el-calendario-de-adviento-de-sephora-que-puede-ser-tuyo-en-preventa\/","og_locale":"es_ES","og_type":"article","og_title":"Nuevo objeto de deseo: el calendario de adviento de Sephora (que puede ser tuyo en preventa)","og_description":"Es uno de los momentos m\u00e1s esperados del a\u00f1o para las beauty lovers, y por suerte ya podemos encontrarlo en Sephora. \u00a1Te damos todos los detalles!","og_url":"https:\/\/graziamagazine.com\/es\/articles\/nuevo-objeto-de-deseo-el-calendario-de-adviento-de-sephora-que-puede-ser-tuyo-en-preventa\/","og_site_name":"Grazia","og_image":[{"width":1366,"height":1213,"url":"https:\/\/graziamagazine.com\/es\/wp-content\/uploads\/sites\/12\/2020\/09\/1366_2000-63.jpeg?fit=1366%2C1213","type":"image\/jpeg"}],"twitter_card":"summary_large_image","twitter_misc":{"Est. reading time":"3 minutos"},"schema":{"@context":"https:\/\/schema.org","@graph":[{"@type":"WebPage","@id":"https:\/\/graziamagazine.com\/es\/articles\/nuevo-objeto-de-deseo-el-calendario-de-adviento-de-sephora-que-puede-ser-tuyo-en-preventa\/","url":"https:\/\/graziamagazine.com\/es\/articles\/nuevo-objeto-de-deseo-el-calendario-de-adviento-de-sephora-que-puede-ser-tuyo-en-preventa\/","name":"Nuevo objeto de deseo: el calendario de adviento de Sephora (que puede ser tuyo en preventa) | Grazia","isPartOf":{"@id":"https:\/\/graziamagazine.com\/es\/#website"},"datePublished":"2020-09-14T05:45:40+00:00","dateModified":"2020-09-14T05:45:40+00:00","description":"Es uno de los momentos m\u00e1s esperados del a\u00f1o para las beauty lovers, y por suerte ya podemos encontrarlo en Sephora. \u00a1Te damos todos los detalles!","breadcrumb":{"@id":"https:\/\/graziamagazine.com\/es\/articles\/nuevo-objeto-de-deseo-el-calendario-de-adviento-de-sephora-que-puede-ser-tuyo-en-preventa\/#breadcrumb"},"inLanguage":"es","potentialAction":[{"@type":"ReadAction","target":["https:\/\/graziamagazine.com\/es\/articles\/nuevo-objeto-de-deseo-el-calendario-de-adviento-de-sephora-que-puede-ser-tuyo-en-preventa\/"]}]},{"@type":"BreadcrumbList","@id":"https:\/\/graziamagazine.com\/es\/articles\/nuevo-objeto-de-deseo-el-calendario-de-adviento-de-sephora-que-puede-ser-tuyo-en-preventa\/#breadcrumb","itemListElement":[{"@type":"ListItem","position":1,"name":"Portada","item":"https:\/\/graziamagazine.com\/es\/"},{"@type":"ListItem","position":2,"name":"Nuevo objeto de deseo: el calendario de adviento de Sephora (que puede ser tuyo en preventa)"}]},{"@type":"WebSite","@id":"https:\/\/graziamagazine.com\/es\/#website","url":"https:\/\/graziamagazine.com\/es\/","name":"Grazia","description":"Moda, belleza, celebrities, estilo de vida...","potentialAction":[{"@type":"SearchAction","target":{"@type":"EntryPoint","urlTemplate":"https:\/\/graziamagazine.com\/es\/?s={search_term_string}"},"query-input":"required name=search_term_string"}],"inLanguage":"es"}]}},"jetpack_sharing_enabled":true,"distributor_meta":false,"distributor_terms":false,"distributor_media":false,"distributor_original_site_name":"Grazia","distributor_original_site_url":"https:\/\/graziamagazine.com\/es","push-errors":false,"_links":{"self":[{"href":"https:\/\/graziamagazine.com\/es\/wp-json\/wp\/v2\/articles\/155528"}],"collection":[{"href":"https:\/\/graziamagazine.com\/es\/wp-json\/wp\/v2\/articles"}],"about":[{"href":"https:\/\/graziamagazine.com\/es\/wp-json\/wp\/v2\/types\/articles"}],"author":[{"embeddable":true,"href":"https:\/\/graziamagazine.com\/es\/wp-json\/wp\/v2\/users\/11653"}],"wp:featuredmedia":[{"embeddable":true,"href":"https:\/\/graziamagazine.com\/es\/wp-json\/wp\/v2\/media\/155529"}],"wp:attachment":[{"href":"https:\/\/graziamagazine.com\/es\/wp-json\/wp\/v2\/media?parent=155528"}],"wp:term":[{"taxonomy":"category","embeddable":true,"href":"https:\/\/graziamagazine.com\/es\/wp-json\/wp\/v2\/categories?post=155528"}],"curies":[{"name":"wp","href":"https:\/\/api.w.org\/{rel}","templated":true}]}}