{"id":155470,"date":"2020-09-10T16:52:04","date_gmt":"2020-09-10T14:52:04","guid":{"rendered":"https:\/\/graziamagazine.com\/es\/?post_type=articles&#038;p=155470"},"modified":"2020-09-10T17:29:31","modified_gmt":"2020-09-10T15:29:31","slug":"es-oficial-after-tendra-dos-nuevas-peliculas-con-hero-fiennes-tiffin-y-josephine-langford","status":"publish","type":"articles","link":"https:\/\/graziamagazine.com\/es\/articles\/es-oficial-after-tendra-dos-nuevas-peliculas-con-hero-fiennes-tiffin-y-josephine-langford\/","title":{"rendered":"Es oficial: &#8216;After&#8217; tendr\u00e1 dos nuevas pel\u00edculas con Hero Fiennes TIffin y Josephine Langford"},"content":{"rendered":"<p>\u00a1<strong>Josephine Langford<\/strong>\u00a0y<strong>\u00a0Hero Fiennes Tiffin<\/strong> acaban de darle la mejor noticia a sus seguidores! Si te encant\u00f3 <em>After<\/em>\u00a0y\u00a0<em>After We Collided,<\/em> pel\u00edcula y secuela m\u00e1s esperada del a\u00f1o, prep\u00e1rate porque dos nuevos t\u00edtulos, <em>After We Fell<\/em>\u00a0y\u00a0<em>After Ever Happy,,<\/em>\u00a0oficialmente se est\u00e1n adaptando a la pantalla grande.<\/p>\n<blockquote><p>Hey, fans de <em>After<\/em>. Nos encantan todas vuestras reacciones a la segunda pel\u00edcula. Significa mucho para nosotros y no estar\u00edamos aqu\u00ed si no fuera por todos vosotros (Hero)<\/p><\/blockquote>\n<p>\u201c<em>S\u00e9 que algunos no han tenido la oportunidad de ver After We Collided en su pa\u00eds todav\u00eda, pero tenemos algunas noticias muy especiales que definitivamente os van a alegrar<\/em>\u201d, agreg\u00f3 Josephine. \u201c<em>Ha habido mucha gente trabajando muy duro entre bastidores\u201d, se\u00f1al\u00f3 Hero. \u201cY finalmente podemos decirles que la tercera y cuarta pel\u00edcula est\u00e1n oficialmente en producci\u00f3n<\/em>\u201d, concluy\u00f3 Josephine.<\/p>\n<p><strong>Las fechas de estreno y m\u00e1s detalles del rodaje a\u00fan no se han anunciado<\/strong>, pero ojal\u00e1 puedan grabar una despu\u00e9s de la otra para que los fans no tengan que esperar mucho tiempo entre una y otra. Y si no quieres esperar m\u00e1s para ver c\u00f3mo contin\u00faa esta historia, recuerda que los libros escritos por Anna Todd ya est\u00e1n publicados, con ellos puedes averiguar la trama y qu\u00e9 pasa con Hardin Scott y Tessa Young antes del estreno de las dos pel\u00edculas.<\/p>\n<p>\u00bfNo puedes con la emoci\u00f3n? \u00a1Nosotras tampoco!<\/p>\n<p><em>*Im\u00e1genes: Cortes\u00eda<\/em><\/p>\n","protected":false},"author":11653,"featured_media":155471,"template":"","format":"standard","categories":[],"acf":[],"yoast_head":"<!-- This site is optimized with the Yoast SEO Premium plugin v18.5 (Yoast SEO v20.4) - https:\/\/yoast.com\/wordpress\/plugins\/seo\/ -->\n<title>Es oficial: &#039;After&#039; tendr\u00e1 dos nuevas pel\u00edculas con Hero Fiennes TIffin y Josephine Langford | Grazia<\/title>\n<meta name=\"description\" content=\"La emoci\u00f3n est\u00e1 servida, amigas, y no podemos esperar a ver lo que viene de esta saga literaria llena de amor, porque parece que la temperatura va a seguir subiendo.\" \/>\n<meta name=\"robots\" content=\"index, follow, max-snippet:-1, max-image-preview:large, max-video-preview:-1\" \/>\n<link rel=\"canonical\" href=\"https:\/\/graziamagazine.com\/es\/articles\/es-oficial-after-tendra-dos-nuevas-peliculas-con-hero-fiennes-tiffin-y-josephine-langford\/\" \/>\n<meta property=\"og:locale\" content=\"es_ES\" \/>\n<meta property=\"og:type\" content=\"article\" \/>\n<meta property=\"og:title\" content=\"Es oficial: &#039;After&#039; tendr\u00e1 dos nuevas pel\u00edculas con Hero Fiennes TIffin y Josephine Langford\" \/>\n<meta property=\"og:description\" content=\"La emoci\u00f3n est\u00e1 servida, amigas, y no podemos esperar a ver lo que viene de esta saga literaria llena de amor, porque parece que la temperatura va a seguir subiendo.\" \/>\n<meta property=\"og:url\" content=\"https:\/\/graziamagazine.com\/es\/articles\/es-oficial-after-tendra-dos-nuevas-peliculas-con-hero-fiennes-tiffin-y-josephine-langford\/\" \/>\n<meta property=\"og:site_name\" content=\"Grazia\" \/>\n<meta property=\"article:modified_time\" content=\"2020-09-10T15:29:31+00:00\" \/>\n<meta property=\"og:image\" content=\"https:\/\/graziamagazine.com\/es\/wp-content\/uploads\/sites\/12\/2020\/09\/after-aqui-empieza-todo-llega-a-netflix-40173-main-1592259610.jpg?fit=1024%2C561\" \/>\n\t<meta property=\"og:image:width\" content=\"1024\" \/>\n\t<meta property=\"og:image:height\" content=\"561\" \/>\n\t<meta property=\"og:image:type\" content=\"image\/jpeg\" \/>\n<meta name=\"twitter:card\" content=\"summary_large_image\" \/>\n<meta name=\"twitter:label1\" content=\"Est. reading time\" \/>\n\t<meta name=\"twitter:data1\" content=\"1 minuto\" \/>\n<script type=\"application\/ld+json\" class=\"yoast-schema-graph\">{\"@context\":\"https:\/\/schema.org\",\"@graph\":[{\"@type\":\"WebPage\",\"@id\":\"https:\/\/graziamagazine.com\/es\/articles\/es-oficial-after-tendra-dos-nuevas-peliculas-con-hero-fiennes-tiffin-y-josephine-langford\/\",\"url\":\"https:\/\/graziamagazine.com\/es\/articles\/es-oficial-after-tendra-dos-nuevas-peliculas-con-hero-fiennes-tiffin-y-josephine-langford\/\",\"name\":\"Es oficial: 'After' tendr\u00e1 dos nuevas pel\u00edculas con Hero Fiennes TIffin y Josephine Langford | Grazia\",\"isPartOf\":{\"@id\":\"https:\/\/graziamagazine.com\/es\/#website\"},\"datePublished\":\"2020-09-10T14:52:04+00:00\",\"dateModified\":\"2020-09-10T15:29:31+00:00\",\"description\":\"La emoci\u00f3n est\u00e1 servida, amigas, y no podemos esperar a ver lo que viene de esta saga literaria llena de amor, porque parece que la temperatura va a seguir subiendo.\",\"breadcrumb\":{\"@id\":\"https:\/\/graziamagazine.com\/es\/articles\/es-oficial-after-tendra-dos-nuevas-peliculas-con-hero-fiennes-tiffin-y-josephine-langford\/#breadcrumb\"},\"inLanguage\":\"es\",\"potentialAction\":[{\"@type\":\"ReadAction\",\"target\":[\"https:\/\/graziamagazine.com\/es\/articles\/es-oficial-after-tendra-dos-nuevas-peliculas-con-hero-fiennes-tiffin-y-josephine-langford\/\"]}]},{\"@type\":\"BreadcrumbList\",\"@id\":\"https:\/\/graziamagazine.com\/es\/articles\/es-oficial-after-tendra-dos-nuevas-peliculas-con-hero-fiennes-tiffin-y-josephine-langford\/#breadcrumb\",\"itemListElement\":[{\"@type\":\"ListItem\",\"position\":1,\"name\":\"Portada\",\"item\":\"https:\/\/graziamagazine.com\/es\/\"},{\"@type\":\"ListItem\",\"position\":2,\"name\":\"Es oficial: &#8216;After&#8217; tendr\u00e1 dos nuevas pel\u00edculas con Hero Fiennes TIffin y Josephine Langford\"}]},{\"@type\":\"WebSite\",\"@id\":\"https:\/\/graziamagazine.com\/es\/#website\",\"url\":\"https:\/\/graziamagazine.com\/es\/\",\"name\":\"Grazia\",\"description\":\"Moda, belleza, celebrities, estilo de vida...\",\"potentialAction\":[{\"@type\":\"SearchAction\",\"target\":{\"@type\":\"EntryPoint\",\"urlTemplate\":\"https:\/\/graziamagazine.com\/es\/?s={search_term_string}\"},\"query-input\":\"required name=search_term_string\"}],\"inLanguage\":\"es\"}]}<\/script>\n<!-- \/ Yoast SEO Premium plugin. -->","yoast_head_json":{"title":"Es oficial: 'After' tendr\u00e1 dos nuevas pel\u00edculas con Hero Fiennes TIffin y Josephine Langford | Grazia","description":"La emoci\u00f3n est\u00e1 servida, amigas, y no podemos esperar a ver lo que viene de esta saga literaria llena de amor, porque parece que la temperatura va a seguir subiendo.","robots":{"index":"index","follow":"follow","max-snippet":"max-snippet:-1","max-image-preview":"max-image-preview:large","max-video-preview":"max-video-preview:-1"},"canonical":"https:\/\/graziamagazine.com\/es\/articles\/es-oficial-after-tendra-dos-nuevas-peliculas-con-hero-fiennes-tiffin-y-josephine-langford\/","og_locale":"es_ES","og_type":"article","og_title":"Es oficial: 'After' tendr\u00e1 dos nuevas pel\u00edculas con Hero Fiennes TIffin y Josephine Langford","og_description":"La emoci\u00f3n est\u00e1 servida, amigas, y no podemos esperar a ver lo que viene de esta saga literaria llena de amor, porque parece que la temperatura va a seguir subiendo.","og_url":"https:\/\/graziamagazine.com\/es\/articles\/es-oficial-after-tendra-dos-nuevas-peliculas-con-hero-fiennes-tiffin-y-josephine-langford\/","og_site_name":"Grazia","article_modified_time":"2020-09-10T15:29:31+00:00","og_image":[{"width":1024,"height":561,"url":"https:\/\/graziamagazine.com\/es\/wp-content\/uploads\/sites\/12\/2020\/09\/after-aqui-empieza-todo-llega-a-netflix-40173-main-1592259610.jpg?fit=1024%2C561","type":"image\/jpeg"}],"twitter_card":"summary_large_image","twitter_misc":{"Est. reading time":"1 minuto"},"schema":{"@context":"https:\/\/schema.org","@graph":[{"@type":"WebPage","@id":"https:\/\/graziamagazine.com\/es\/articles\/es-oficial-after-tendra-dos-nuevas-peliculas-con-hero-fiennes-tiffin-y-josephine-langford\/","url":"https:\/\/graziamagazine.com\/es\/articles\/es-oficial-after-tendra-dos-nuevas-peliculas-con-hero-fiennes-tiffin-y-josephine-langford\/","name":"Es oficial: 'After' tendr\u00e1 dos nuevas pel\u00edculas con Hero Fiennes TIffin y Josephine Langford | Grazia","isPartOf":{"@id":"https:\/\/graziamagazine.com\/es\/#website"},"datePublished":"2020-09-10T14:52:04+00:00","dateModified":"2020-09-10T15:29:31+00:00","description":"La emoci\u00f3n est\u00e1 servida, amigas, y no podemos esperar a ver lo que viene de esta saga literaria llena de amor, porque parece que la temperatura va a seguir subiendo.","breadcrumb":{"@id":"https:\/\/graziamagazine.com\/es\/articles\/es-oficial-after-tendra-dos-nuevas-peliculas-con-hero-fiennes-tiffin-y-josephine-langford\/#breadcrumb"},"inLanguage":"es","potentialAction":[{"@type":"ReadAction","target":["https:\/\/graziamagazine.com\/es\/articles\/es-oficial-after-tendra-dos-nuevas-peliculas-con-hero-fiennes-tiffin-y-josephine-langford\/"]}]},{"@type":"BreadcrumbList","@id":"https:\/\/graziamagazine.com\/es\/articles\/es-oficial-after-tendra-dos-nuevas-peliculas-con-hero-fiennes-tiffin-y-josephine-langford\/#breadcrumb","itemListElement":[{"@type":"ListItem","position":1,"name":"Portada","item":"https:\/\/graziamagazine.com\/es\/"},{"@type":"ListItem","position":2,"name":"Es oficial: &#8216;After&#8217; tendr\u00e1 dos nuevas pel\u00edculas con Hero Fiennes TIffin y Josephine Langford"}]},{"@type":"WebSite","@id":"https:\/\/graziamagazine.com\/es\/#website","url":"https:\/\/graziamagazine.com\/es\/","name":"Grazia","description":"Moda, belleza, celebrities, estilo de vida...","potentialAction":[{"@type":"SearchAction","target":{"@type":"EntryPoint","urlTemplate":"https:\/\/graziamagazine.com\/es\/?s={search_term_string}"},"query-input":"required name=search_term_string"}],"inLanguage":"es"}]}},"jetpack_sharing_enabled":true,"distributor_meta":false,"distributor_terms":false,"distributor_media":false,"distributor_original_site_name":"Grazia","distributor_original_site_url":"https:\/\/graziamagazine.com\/es","push-errors":false,"_links":{"self":[{"href":"https:\/\/graziamagazine.com\/es\/wp-json\/wp\/v2\/articles\/155470"}],"collection":[{"href":"https:\/\/graziamagazine.com\/es\/wp-json\/wp\/v2\/articles"}],"about":[{"href":"https:\/\/graziamagazine.com\/es\/wp-json\/wp\/v2\/types\/articles"}],"author":[{"embeddable":true,"href":"https:\/\/graziamagazine.com\/es\/wp-json\/wp\/v2\/users\/11653"}],"wp:featuredmedia":[{"embeddable":true,"href":"https:\/\/graziamagazine.com\/es\/wp-json\/wp\/v2\/media\/155471"}],"wp:attachment":[{"href":"https:\/\/graziamagazine.com\/es\/wp-json\/wp\/v2\/media?parent=155470"}],"wp:term":[{"taxonomy":"category","embeddable":true,"href":"https:\/\/graziamagazine.com\/es\/wp-json\/wp\/v2\/categories?post=155470"}],"curies":[{"name":"wp","href":"https:\/\/api.w.org\/{rel}","templated":true}]}}