{"id":155466,"date":"2020-09-17T07:00:55","date_gmt":"2020-09-17T05:00:55","guid":{"rendered":"https:\/\/graziamagazine.com\/es\/?post_type=articles&#038;p=155466"},"modified":"2020-09-17T07:00:55","modified_gmt":"2020-09-17T05:00:55","slug":"tributo-a-la-bata-homenaje-a-la-moda-de-madres-y-abuelas","status":"publish","type":"articles","link":"https:\/\/graziamagazine.com\/es\/articles\/tributo-a-la-bata-homenaje-a-la-moda-de-madres-y-abuelas\/","title":{"rendered":"Tributo a la bata: homenaje a la moda de madres y abuelas"},"content":{"rendered":"<p>Tu madre, tu abuela, las mujeres de tu vida seguro que han tenido, tienen y tendr\u00e1 una bata en su armario. \u00bfNo? Si perteneces como yo, a esa generaci\u00f3n de hijas y nietas de una \u00e9poca, sabr\u00e1s de lo que te estoy hablando porque esta prenda ha sido un b\u00e1sico en su vida, y en las nuestras.<\/p>\n<p>La bata representa una generaci\u00f3n de mujeres en Espa\u00f1a en peligro de extinci\u00f3n, esas mujeres pilares del hogar y cuyo uniforme diario era esa prenda c\u00f3moda para estar en casa, y tambi\u00e9n al salir de ella.<\/p>\n<p><strong>Por todo eso la bata se ha convertido en la protagonista del trabajo de una fot\u00f3grafa espa\u00f1ola, Luc\u00eda Herrero<\/strong>. Durante los \u00faltimos a\u00f1os el trabajo de esta fot\u00f3grafa madrile\u00f1a se ha desarrollado en lo que ella denomina \u00abAntropolog\u00eda Fant\u00e1stica\u00bb , un estilo entre documental y teatral con el que representa a las personas o grupos con elementos fant\u00e1sticos. Luc\u00eda fotograf\u00eda siempre personas reales a los que elige por qui\u00e9nes son y qu\u00e9 representan, y en sus fotos se interpretan as\u00ed mismos. <strong>As\u00ed ha sido con las protagonistas de &#8216;Homenaje a la bata&#8217;, una muestra fotogr\u00e1fica que retrata a esa generaci\u00f3n de una manera completamente diferente, y hemos hablando con ella para saber m\u00e1s sobre este proyecto visual.<\/strong><\/p>\n<h4>\u00bfDe \u00a0d\u00f3nde surgi\u00f3 este proyecto?<\/h4>\n<p><strong>Dispar\u00e9 el primer cap\u00edtulo en junio del 2015<\/strong>, en el pueblo de Villarmienzo y despu\u00e9s dej\u00e9 dormir el proyecto. Lo despert\u00e9 de nuevo en verano del 2019. En 2015 estudiaba un master de foto de moda, y en mi tesis quer\u00eda explicar cu\u00e1l era la manera en la que el lenguaje visual del documental se entrelaza con el de la fotograf\u00eda de moda o comercial. Decid\u00ed hacer fotograf\u00eda documental y dise\u00f1ar la historia de modo que el punto central de estudio fuera una prenda ic\u00f3nica: LA BATA. <strong>Esta es una prenda no sujeta a los cambios estacionales de la moda,\u00a0 define a todo un estrato social y a una generaci\u00f3n que est\u00e1 en peligro de extinci\u00f3n<\/strong>.<\/p>\n<blockquote><p>Los personajes que aparecen en mis trabajos se interpretan a si mismos con una vuelta de tuerca, subi\u00e9ndoles ligeramente de volumen.<\/p>\n<p><img loading=\"lazy\" decoding=\"async\" class=\"aligncenter size-full wp-image-155575\" src=\"https:\/\/graziamagazine.com\/es\/wp-content\/uploads\/sites\/12\/2020\/09\/Captura-de-pantalla-2020-09-17-a-las-06.08.10.png\" alt=\"Tributo a la bata: homenaje a la moda de madres y abuelas\" width=\"932\" height=\"618\" \/><\/p><\/blockquote>\n<p>En 2014 Luc\u00eda fue a un pueblo de la Mancha a fotografiar la boda de su prima, Villamienzo. Ah\u00ed conoci\u00f3 a Constancia, una de las protagonistas de esta serie que tom\u00f3 forma con ella y sus amigas en un shooting que hoy nos muestra una realidad que muchos de los que tienen pueblo reconocer\u00e1n.<\/p>\n<h4>\u00bfC\u00f3mo fue tomando forma?<\/h4>\n<p>Hablo de la mujer pero tambi\u00e9n de un hecho social, geogr\u00e1fico, econ\u00f3mico, pol\u00edtico\u2026 En esta boda me hice amiga de Constancia, una mujer que hoy tiene 93 a\u00f1os. Un alma sensible que escribe poemas, aunque siempre ha sido una mujer de su casa. Cuando nos despedimos, me dijo con l\u00e1grimas en los ojos \u201cEsta es la \u00faltima vez que nos veremos\u201d. Y yo le respond\u00ed \u201cVolver\u00e9\u201d. Un a\u00f1o despu\u00e9s organizamos a sus amigas para este shooting. Aparec\u00ed con una furgoneta llena de batas (Unas compradas al kilo en el Rastro de Madrid y otras (de estampados bizarros) creadas por m\u00ed con la ayuda de un amigo dise\u00f1ador \u2013Julen Ariztegui-). Tambi\u00e9n llev\u00e9 complementos: Gorros, gafas, pa\u00f1uelos\u2026<\/p>\n<p>Fueron 2 d\u00edas de sesi\u00f3n. Ellas no se lo esperaban as\u00ed, pero lo disfrutaron mucho y lo recuerdan como una gran aventura. Se han hecho famosas y dicen \u201c<em>Qui\u00e9n lo iba a imaginar, a nuestra edad<\/em>\u201d. <strong>Con este proyecto quer\u00eda homenajear a esa mujer que no ha ganado medallas, ni sueldo ni se le ha hecho ninguna estatua en un parque<\/strong>.<\/p>\n<h4><strong>\u00bfPor qu\u00e9 la bata y no otra prenda del armario de nuestras madres y abuelas?<\/strong><\/h4>\n<p><strong>La bata es un uniforme de trabajo<\/strong>. A partir de esta prenda explico qui\u00e9n es esa mujer, cu\u00e1l era su rol en la sociedad: El del cuidado del hogar y los suyos. Se trata de un trabajo no remunerado. <strong>Ellas han sido el soporte emocional de toda una sociedad<\/strong>. Tambi\u00e9n, adem\u00e1s, una fuerza de trabajo. En cambio, no ha tenido acceso a una participaci\u00f3n activa en la vida pol\u00edtica, econ\u00f3mica ni intelectual de la sociedad. Ella no ha dictado las leyes, sino que las ha acatado.<\/p>\n<p>Hay otras prendas en su armario dignas de estudio: la faja, el traje de novia, el traje de madrina, el traje de ir a misa. Pero esos son complementarios a mi estudio. Los sat\u00e9lites que complementan a la bata, que habla de trabajo, dedicaci\u00f3n, amor y resiliencia.<\/p>\n<p><img loading=\"lazy\" decoding=\"async\" class=\"aligncenter size-full wp-image-155576\" src=\"https:\/\/graziamagazine.com\/es\/wp-content\/uploads\/sites\/12\/2020\/09\/Captura-de-pantalla-2020-09-17-a-las-06.08.38.png\" alt=\"Tributo a la bata: homenaje a la moda de madres y abuelas\" width=\"397\" height=\"595\" \/><\/p>\n<blockquote><p>Como mujer que soy impulsora y receptora del cambio pienso que uno tiene que mirar hacia atr\u00e1s para examinar qu\u00e9 es lo que se abandona y qu\u00e9 es lo que se quiere conservar<\/p><\/blockquote>\n<h4>\u00bfC\u00f3mo es esa mujer que usa bata?<\/h4>\n<p><strong>Las mujeres que retrato est\u00e1n ubicadas en Europa del sur y del Este<\/strong>. Tienen 70-80-90 a\u00f1os, pertenecen a la clase trabajadora y son esas mujeres eslabones del cambio vivido en la sociedad. Pero tambi\u00e9n son la \u00faltima generaci\u00f3n en la que el cambio es evidentemente brusco: sus hijas han podido estudiar, ocupar posiciones en la sociedad, tomar decisiones sobre su propia vida. Esas hijas han salido por primera vez en la historia de la humanidad de los roles establecidos.<\/p>\n<h4>\u00bfCrees que despu\u00e9s que estas generaciones que se van, las hijas y nietas de la bata volveremos a usarla?, \u00bfcu\u00e1l crees que ser\u00eda la bata moderna?<\/h4>\n<p>No hay bata moderna. El hombre y la mujer se funden en su funci\u00f3n en la sociedad, todo tiende al unisex lo cual est\u00e1 muy bien. Por supuesto se puede llevar bata, pero estar\u00eda re-significada, y como decimos \u00abel h\u00e1bito no hace al monje\u00bb. Por ejemplo, yo tengo batas en casa (demasiadas, despu\u00e9s de este proyecto)\u2026 pero no por ello soy una mujer de bata.<\/p>\n<blockquote><p>Me gustar\u00eda recorrer Espa\u00f1a, Portugal, Grecia, Italia. Rumania, Hungr\u00eda, Polonia. Ahora trato de reunir fondos para dedicarme a ello. Me encantar\u00eda poder fotografiar, escribir, editar durante los pr\u00f3ximos dos a\u00f1os.<\/p><\/blockquote>\n<p>El objetivo de Luc\u00eda es poder ampliar este universo fotogr\u00e1fico que muestra en \u00abHomenaje a la bata\u00bb, y para ello est\u00e1 en pleno proceso de reunir fondos para dedicarse de lleno. La idea es hacer un libro donde cada cap\u00edtulo sea diferente al anterior, y ahora todos podemos contribuir a ello. <a href=\"https:\/\/www.luciaherrero.com\/bata_buy\" target=\"_blank\"><strong>En su p\u00e1gina web Luc\u00eda Herrero ha creado un apartado de venta crowdfunding, donde poder comprar fotos frrmadas y numeradas, con las que adem\u00e1s se apoya el proyecto. El costo de la fotograf\u00eda es de 50 euros.\u00a0\u00a0<\/strong><\/a><\/p>\n<p><img loading=\"lazy\" decoding=\"async\" class=\"aligncenter size-full wp-image-155577\" src=\"https:\/\/graziamagazine.com\/es\/wp-content\/uploads\/sites\/12\/2020\/09\/Captura-de-pantalla-2020-09-17-a-las-06.08.51.png\" alt=\"Tributo a la bata: homenaje a la moda de madres y abuelas\" width=\"922\" height=\"609\" \/><\/p>\n<p>Luc\u00eda Herrero busca una galer\u00eda que la represente, y mientras ese momento llega prepara una exposici\u00f3n itinerante -puede que comience en Portugal- que llevar\u00e1 por t\u00edtulo \u00ab<a href=\"https:\/\/www.terraesplendida.com\/portfolio-item\/antropologia-fantastica-a-fotografia-de-lucia-herrero\/\" target=\"_blank\">Antropolog\u00eda fant\u00e1stica<\/a>\u00bb y que recoge 4 de sus proyectos: Tribus\/Especies\/El Hombre Reno\/Tributo a La Bata.<\/p>\n<p>Si quieres conocer m\u00e1s del trabajo de Luc\u00eda Herrero puedes ver, hasta principios de octubre, su serie expuesta TRIBUS en <a href=\"https:\/\/konventzero.com\" target=\"_blank\">https:\/\/konventzero.com<\/a>.<\/p>\n<p><em>*Im\u00e1genes: Cortes\u00eda Luc\u00eda Herrero<\/em><\/p>\n<p>&nbsp;<\/p>\n<p>&nbsp;<\/p>\n","protected":false},"author":11653,"featured_media":155578,"template":"","format":"standard","categories":[2971,1],"acf":{"banner":null},"yoast_head":"<!-- This site is optimized with the Yoast SEO Premium plugin v18.5 (Yoast SEO v20.4) - https:\/\/yoast.com\/wordpress\/plugins\/seo\/ -->\n<title>Tributo a la bata: homenaje a la moda de madres y abuelas | Grazia<\/title>\n<meta name=\"description\" content=\"Hablamos con Luc\u00eda Herrero, la fot\u00f3grafa que est\u00e1 detr\u00e1s de este proyecto que rinde un homenaje a la manera de vestir de las mujeres espa\u00f1olas de una generaci\u00f3n que va camino de desaparecer.\" \/>\n<meta name=\"robots\" content=\"index, follow, max-snippet:-1, max-image-preview:large, max-video-preview:-1\" \/>\n<link rel=\"canonical\" href=\"https:\/\/graziamagazine.com\/es\/articles\/tributo-a-la-bata-homenaje-a-la-moda-de-madres-y-abuelas\/\" \/>\n<meta property=\"og:locale\" content=\"es_ES\" \/>\n<meta property=\"og:type\" content=\"article\" \/>\n<meta property=\"og:title\" content=\"Tributo a la bata: homenaje a la moda de madres y abuelas\" \/>\n<meta property=\"og:description\" content=\"Hablamos con Luc\u00eda Herrero, la fot\u00f3grafa que est\u00e1 detr\u00e1s de este proyecto que rinde un homenaje a la manera de vestir de las mujeres espa\u00f1olas de una generaci\u00f3n que va camino de desaparecer.\" \/>\n<meta property=\"og:url\" content=\"https:\/\/graziamagazine.com\/es\/articles\/tributo-a-la-bata-homenaje-a-la-moda-de-madres-y-abuelas\/\" \/>\n<meta property=\"og:site_name\" content=\"Grazia\" \/>\n<meta property=\"og:image\" content=\"https:\/\/graziamagazine.com\/es\/wp-content\/uploads\/sites\/12\/2020\/09\/GN11P20F23_1611.jpg?fit=1280%2C720\" \/>\n\t<meta property=\"og:image:width\" content=\"1280\" \/>\n\t<meta property=\"og:image:height\" content=\"720\" \/>\n\t<meta property=\"og:image:type\" content=\"image\/jpeg\" \/>\n<meta name=\"twitter:card\" content=\"summary_large_image\" \/>\n<meta name=\"twitter:label1\" content=\"Est. reading time\" \/>\n\t<meta name=\"twitter:data1\" content=\"6 minutos\" \/>\n<script type=\"application\/ld+json\" class=\"yoast-schema-graph\">{\"@context\":\"https:\/\/schema.org\",\"@graph\":[{\"@type\":\"WebPage\",\"@id\":\"https:\/\/graziamagazine.com\/es\/articles\/tributo-a-la-bata-homenaje-a-la-moda-de-madres-y-abuelas\/\",\"url\":\"https:\/\/graziamagazine.com\/es\/articles\/tributo-a-la-bata-homenaje-a-la-moda-de-madres-y-abuelas\/\",\"name\":\"Tributo a la bata: homenaje a la moda de madres y abuelas | Grazia\",\"isPartOf\":{\"@id\":\"https:\/\/graziamagazine.com\/es\/#website\"},\"datePublished\":\"2020-09-17T05:00:55+00:00\",\"dateModified\":\"2020-09-17T05:00:55+00:00\",\"description\":\"Hablamos con Luc\u00eda Herrero, la fot\u00f3grafa que est\u00e1 detr\u00e1s de este proyecto que rinde un homenaje a la manera de vestir de las mujeres espa\u00f1olas de una generaci\u00f3n que va camino de desaparecer.\",\"breadcrumb\":{\"@id\":\"https:\/\/graziamagazine.com\/es\/articles\/tributo-a-la-bata-homenaje-a-la-moda-de-madres-y-abuelas\/#breadcrumb\"},\"inLanguage\":\"es\",\"potentialAction\":[{\"@type\":\"ReadAction\",\"target\":[\"https:\/\/graziamagazine.com\/es\/articles\/tributo-a-la-bata-homenaje-a-la-moda-de-madres-y-abuelas\/\"]}]},{\"@type\":\"BreadcrumbList\",\"@id\":\"https:\/\/graziamagazine.com\/es\/articles\/tributo-a-la-bata-homenaje-a-la-moda-de-madres-y-abuelas\/#breadcrumb\",\"itemListElement\":[{\"@type\":\"ListItem\",\"position\":1,\"name\":\"Portada\",\"item\":\"https:\/\/graziamagazine.com\/es\/\"},{\"@type\":\"ListItem\",\"position\":2,\"name\":\"Tributo a la bata: homenaje a la moda de madres y abuelas\"}]},{\"@type\":\"WebSite\",\"@id\":\"https:\/\/graziamagazine.com\/es\/#website\",\"url\":\"https:\/\/graziamagazine.com\/es\/\",\"name\":\"Grazia\",\"description\":\"Moda, belleza, celebrities, estilo de vida...\",\"potentialAction\":[{\"@type\":\"SearchAction\",\"target\":{\"@type\":\"EntryPoint\",\"urlTemplate\":\"https:\/\/graziamagazine.com\/es\/?s={search_term_string}\"},\"query-input\":\"required name=search_term_string\"}],\"inLanguage\":\"es\"}]}<\/script>\n<!-- \/ Yoast SEO Premium plugin. -->","yoast_head_json":{"title":"Tributo a la bata: homenaje a la moda de madres y abuelas | Grazia","description":"Hablamos con Luc\u00eda Herrero, la fot\u00f3grafa que est\u00e1 detr\u00e1s de este proyecto que rinde un homenaje a la manera de vestir de las mujeres espa\u00f1olas de una generaci\u00f3n que va camino de desaparecer.","robots":{"index":"index","follow":"follow","max-snippet":"max-snippet:-1","max-image-preview":"max-image-preview:large","max-video-preview":"max-video-preview:-1"},"canonical":"https:\/\/graziamagazine.com\/es\/articles\/tributo-a-la-bata-homenaje-a-la-moda-de-madres-y-abuelas\/","og_locale":"es_ES","og_type":"article","og_title":"Tributo a la bata: homenaje a la moda de madres y abuelas","og_description":"Hablamos con Luc\u00eda Herrero, la fot\u00f3grafa que est\u00e1 detr\u00e1s de este proyecto que rinde un homenaje a la manera de vestir de las mujeres espa\u00f1olas de una generaci\u00f3n que va camino de desaparecer.","og_url":"https:\/\/graziamagazine.com\/es\/articles\/tributo-a-la-bata-homenaje-a-la-moda-de-madres-y-abuelas\/","og_site_name":"Grazia","og_image":[{"width":1280,"height":720,"url":"https:\/\/graziamagazine.com\/es\/wp-content\/uploads\/sites\/12\/2020\/09\/GN11P20F23_1611.jpg?fit=1280%2C720","type":"image\/jpeg"}],"twitter_card":"summary_large_image","twitter_misc":{"Est. reading time":"6 minutos"},"schema":{"@context":"https:\/\/schema.org","@graph":[{"@type":"WebPage","@id":"https:\/\/graziamagazine.com\/es\/articles\/tributo-a-la-bata-homenaje-a-la-moda-de-madres-y-abuelas\/","url":"https:\/\/graziamagazine.com\/es\/articles\/tributo-a-la-bata-homenaje-a-la-moda-de-madres-y-abuelas\/","name":"Tributo a la bata: homenaje a la moda de madres y abuelas | Grazia","isPartOf":{"@id":"https:\/\/graziamagazine.com\/es\/#website"},"datePublished":"2020-09-17T05:00:55+00:00","dateModified":"2020-09-17T05:00:55+00:00","description":"Hablamos con Luc\u00eda Herrero, la fot\u00f3grafa que est\u00e1 detr\u00e1s de este proyecto que rinde un homenaje a la manera de vestir de las mujeres espa\u00f1olas de una generaci\u00f3n que va camino de desaparecer.","breadcrumb":{"@id":"https:\/\/graziamagazine.com\/es\/articles\/tributo-a-la-bata-homenaje-a-la-moda-de-madres-y-abuelas\/#breadcrumb"},"inLanguage":"es","potentialAction":[{"@type":"ReadAction","target":["https:\/\/graziamagazine.com\/es\/articles\/tributo-a-la-bata-homenaje-a-la-moda-de-madres-y-abuelas\/"]}]},{"@type":"BreadcrumbList","@id":"https:\/\/graziamagazine.com\/es\/articles\/tributo-a-la-bata-homenaje-a-la-moda-de-madres-y-abuelas\/#breadcrumb","itemListElement":[{"@type":"ListItem","position":1,"name":"Portada","item":"https:\/\/graziamagazine.com\/es\/"},{"@type":"ListItem","position":2,"name":"Tributo a la bata: homenaje a la moda de madres y abuelas"}]},{"@type":"WebSite","@id":"https:\/\/graziamagazine.com\/es\/#website","url":"https:\/\/graziamagazine.com\/es\/","name":"Grazia","description":"Moda, belleza, celebrities, estilo de vida...","potentialAction":[{"@type":"SearchAction","target":{"@type":"EntryPoint","urlTemplate":"https:\/\/graziamagazine.com\/es\/?s={search_term_string}"},"query-input":"required name=search_term_string"}],"inLanguage":"es"}]}},"jetpack_sharing_enabled":true,"distributor_meta":false,"distributor_terms":false,"distributor_media":false,"distributor_original_site_name":"Grazia","distributor_original_site_url":"https:\/\/graziamagazine.com\/es","push-errors":false,"_links":{"self":[{"href":"https:\/\/graziamagazine.com\/es\/wp-json\/wp\/v2\/articles\/155466"}],"collection":[{"href":"https:\/\/graziamagazine.com\/es\/wp-json\/wp\/v2\/articles"}],"about":[{"href":"https:\/\/graziamagazine.com\/es\/wp-json\/wp\/v2\/types\/articles"}],"author":[{"embeddable":true,"href":"https:\/\/graziamagazine.com\/es\/wp-json\/wp\/v2\/users\/11653"}],"wp:featuredmedia":[{"embeddable":true,"href":"https:\/\/graziamagazine.com\/es\/wp-json\/wp\/v2\/media\/155578"}],"wp:attachment":[{"href":"https:\/\/graziamagazine.com\/es\/wp-json\/wp\/v2\/media?parent=155466"}],"wp:term":[{"taxonomy":"category","embeddable":true,"href":"https:\/\/graziamagazine.com\/es\/wp-json\/wp\/v2\/categories?post=155466"}],"curies":[{"name":"wp","href":"https:\/\/api.w.org\/{rel}","templated":true}]}}