{"id":155452,"date":"2020-09-09T20:02:32","date_gmt":"2020-09-09T18:02:32","guid":{"rendered":"https:\/\/graziamagazine.com\/es\/?post_type=articles&#038;p=155452"},"modified":"2020-09-09T20:02:32","modified_gmt":"2020-09-09T18:02:32","slug":"zara-lanza-una-nueva","status":"publish","type":"articles","link":"https:\/\/graziamagazine.com\/es\/articles\/zara-lanza-una-nueva\/","title":{"rendered":"&#8216;The charm collection&#8217;: la nueva l\u00ednea de bisuter\u00eda creada por Zara"},"content":{"rendered":"<p>Apenas llevamos unos d\u00edas de vuelta al trabajo y Zara ataca de nuevo con una colecci\u00f3n de la que hemos sentido un flechazo instant\u00e1neo. Si te gustan las piezas de joyer\u00eda o bisuter\u00eda especiales, entonces la nueva l\u00ednea de colgantes y charms que acaba de poner a la venta, est\u00e1 hecha para ti.<\/p>\n<p><strong>Se llama &#8216;The Charm Collection&#8217;<\/strong> y est\u00e1 formada por <strong>nueve charms ideales<\/strong>, fabricados en plata de ley y ba\u00f1ados en oro de 24 kilates, que hacen sean m\u00e1s duraderos (siempre con los cuidados adecuados) que cualquier otras piezas, y que se pueden combinar con dos tipos de cadenas, una m\u00e1s gruesa con eslabones y otra m\u00e1s fina tipo cord\u00f3n, dependiendo del efecto que quieras crear en tu look.<\/p>\n<p><img loading=\"lazy\" decoding=\"async\" class=\"aligncenter size-full wp-image-155456\" src=\"https:\/\/graziamagazine.com\/es\/wp-content\/uploads\/sites\/12\/2020\/09\/1366_2000-2-e1599673962971.png\" alt=\"'The charm collection': la nueva l\u00ednea de bisuter\u00eda creada por Zara\" width=\"878\" height=\"796\" \/><\/p>\n<p>Todas las piezas de la colecci\u00f3n tienen un denominador com\u00fan, el precio, que es de 29,95 euros y adem\u00e1s puedes combinarlas juntas o separadas, ya que todas llevan asociado un mensaje de suerte y felicidad. Puedes elegir entre una llave, un anillo, un caballo como el del ajedrez, un candado, una herradura, un coraz\u00f3n en dos partes o los dados de la suerte.<\/p>\n<p><img loading=\"lazy\" decoding=\"async\" class=\"aligncenter size-full wp-image-155454\" src=\"https:\/\/graziamagazine.com\/es\/wp-content\/uploads\/sites\/12\/2020\/09\/0276321777_1_1_1.jpg\" alt=\"'The charm collection': la nueva l\u00ednea de bisuter\u00eda creada por Zara\" width=\"750\" height=\"939\" \/><\/p>\n<p>Nos encantan las cajitas en las que vienen, una buena manera de guardarlas siempre y tambi\u00e9n para hacer algunos regalos s\u00faper chulos a tus amigas, por ejemplo.<\/p>\n<p><img loading=\"lazy\" decoding=\"async\" class=\"aligncenter size-full wp-image-155453\" src=\"https:\/\/graziamagazine.com\/es\/wp-content\/uploads\/sites\/12\/2020\/09\/0276321777_2_2_1.jpg\" alt=\"'The charm collection': la nueva l\u00ednea de bisuter\u00eda creada por Zara\" width=\"750\" height=\"1125\" \/><\/p>\n<p>\u00bfCu\u00e1l de todos es tu favorito?<\/p>\n<p><em>*Im\u00e1genes: Cortes\u00eda\u00a0<\/em><\/p>\n","protected":false},"author":11653,"featured_media":155455,"template":"","format":"standard","categories":[1,4749],"acf":[],"yoast_head":"<!-- This site is optimized with the Yoast SEO Premium plugin v18.5 (Yoast SEO v20.4) - https:\/\/yoast.com\/wordpress\/plugins\/seo\/ -->\n<title>&#039;The charm collection&#039;: la nueva l\u00ednea de bisuter\u00eda creada por Zara | Grazia<\/title>\n<meta name=\"description\" content=\"La nueva colecci\u00f3n de accesorios ba\u00f1ados en oro de 24 kilates ya est\u00e1 a la venta y la web de la firma y estamos seguros que va a agotarse muy muy pronto.\" \/>\n<meta name=\"robots\" content=\"index, follow, max-snippet:-1, max-image-preview:large, max-video-preview:-1\" \/>\n<link rel=\"canonical\" href=\"https:\/\/graziamagazine.com\/es\/articles\/zara-lanza-una-nueva\/\" \/>\n<meta property=\"og:locale\" content=\"es_ES\" \/>\n<meta property=\"og:type\" content=\"article\" \/>\n<meta property=\"og:title\" content=\"&#039;The charm collection&#039;: la nueva l\u00ednea de bisuter\u00eda creada por Zara\" \/>\n<meta property=\"og:description\" content=\"La nueva colecci\u00f3n de accesorios ba\u00f1ados en oro de 24 kilates ya est\u00e1 a la venta y la web de la firma y estamos seguros que va a agotarse muy muy pronto.\" \/>\n<meta property=\"og:url\" content=\"https:\/\/graziamagazine.com\/es\/articles\/zara-lanza-una-nueva\/\" \/>\n<meta property=\"og:site_name\" content=\"Grazia\" \/>\n<meta property=\"og:image\" content=\"https:\/\/graziamagazine.com\/es\/wp-content\/uploads\/sites\/12\/2020\/09\/1366_2000-1-1-e1599673815491.png?resize=1024,829\" \/>\n\t<meta property=\"og:image:width\" content=\"1024\" \/>\n\t<meta property=\"og:image:height\" content=\"829\" \/>\n\t<meta property=\"og:image:type\" content=\"image\/png\" \/>\n<meta name=\"twitter:card\" content=\"summary_large_image\" \/>\n<meta name=\"twitter:label1\" content=\"Est. reading time\" \/>\n\t<meta name=\"twitter:data1\" content=\"1 minuto\" \/>\n<script type=\"application\/ld+json\" class=\"yoast-schema-graph\">{\"@context\":\"https:\/\/schema.org\",\"@graph\":[{\"@type\":\"WebPage\",\"@id\":\"https:\/\/graziamagazine.com\/es\/articles\/zara-lanza-una-nueva\/\",\"url\":\"https:\/\/graziamagazine.com\/es\/articles\/zara-lanza-una-nueva\/\",\"name\":\"'The charm collection': la nueva l\u00ednea de bisuter\u00eda creada por Zara | Grazia\",\"isPartOf\":{\"@id\":\"https:\/\/graziamagazine.com\/es\/#website\"},\"datePublished\":\"2020-09-09T18:02:32+00:00\",\"dateModified\":\"2020-09-09T18:02:32+00:00\",\"description\":\"La nueva colecci\u00f3n de accesorios ba\u00f1ados en oro de 24 kilates ya est\u00e1 a la venta y la web de la firma y estamos seguros que va a agotarse muy muy pronto.\",\"breadcrumb\":{\"@id\":\"https:\/\/graziamagazine.com\/es\/articles\/zara-lanza-una-nueva\/#breadcrumb\"},\"inLanguage\":\"es\",\"potentialAction\":[{\"@type\":\"ReadAction\",\"target\":[\"https:\/\/graziamagazine.com\/es\/articles\/zara-lanza-una-nueva\/\"]}]},{\"@type\":\"BreadcrumbList\",\"@id\":\"https:\/\/graziamagazine.com\/es\/articles\/zara-lanza-una-nueva\/#breadcrumb\",\"itemListElement\":[{\"@type\":\"ListItem\",\"position\":1,\"name\":\"Portada\",\"item\":\"https:\/\/graziamagazine.com\/es\/\"},{\"@type\":\"ListItem\",\"position\":2,\"name\":\"&#8216;The charm collection&#8217;: la nueva l\u00ednea de bisuter\u00eda creada por Zara\"}]},{\"@type\":\"WebSite\",\"@id\":\"https:\/\/graziamagazine.com\/es\/#website\",\"url\":\"https:\/\/graziamagazine.com\/es\/\",\"name\":\"Grazia\",\"description\":\"Moda, belleza, celebrities, estilo de vida...\",\"potentialAction\":[{\"@type\":\"SearchAction\",\"target\":{\"@type\":\"EntryPoint\",\"urlTemplate\":\"https:\/\/graziamagazine.com\/es\/?s={search_term_string}\"},\"query-input\":\"required name=search_term_string\"}],\"inLanguage\":\"es\"}]}<\/script>\n<!-- \/ Yoast SEO Premium plugin. -->","yoast_head_json":{"title":"'The charm collection': la nueva l\u00ednea de bisuter\u00eda creada por Zara | Grazia","description":"La nueva colecci\u00f3n de accesorios ba\u00f1ados en oro de 24 kilates ya est\u00e1 a la venta y la web de la firma y estamos seguros que va a agotarse muy muy pronto.","robots":{"index":"index","follow":"follow","max-snippet":"max-snippet:-1","max-image-preview":"max-image-preview:large","max-video-preview":"max-video-preview:-1"},"canonical":"https:\/\/graziamagazine.com\/es\/articles\/zara-lanza-una-nueva\/","og_locale":"es_ES","og_type":"article","og_title":"'The charm collection': la nueva l\u00ednea de bisuter\u00eda creada por Zara","og_description":"La nueva colecci\u00f3n de accesorios ba\u00f1ados en oro de 24 kilates ya est\u00e1 a la venta y la web de la firma y estamos seguros que va a agotarse muy muy pronto.","og_url":"https:\/\/graziamagazine.com\/es\/articles\/zara-lanza-una-nueva\/","og_site_name":"Grazia","og_image":[{"width":1024,"height":829,"url":"https:\/\/graziamagazine.com\/es\/wp-content\/uploads\/sites\/12\/2020\/09\/1366_2000-1-1-e1599673815491.png?resize=1024,829","type":"image\/png"}],"twitter_card":"summary_large_image","twitter_misc":{"Est. reading time":"1 minuto"},"schema":{"@context":"https:\/\/schema.org","@graph":[{"@type":"WebPage","@id":"https:\/\/graziamagazine.com\/es\/articles\/zara-lanza-una-nueva\/","url":"https:\/\/graziamagazine.com\/es\/articles\/zara-lanza-una-nueva\/","name":"'The charm collection': la nueva l\u00ednea de bisuter\u00eda creada por Zara | Grazia","isPartOf":{"@id":"https:\/\/graziamagazine.com\/es\/#website"},"datePublished":"2020-09-09T18:02:32+00:00","dateModified":"2020-09-09T18:02:32+00:00","description":"La nueva colecci\u00f3n de accesorios ba\u00f1ados en oro de 24 kilates ya est\u00e1 a la venta y la web de la firma y estamos seguros que va a agotarse muy muy pronto.","breadcrumb":{"@id":"https:\/\/graziamagazine.com\/es\/articles\/zara-lanza-una-nueva\/#breadcrumb"},"inLanguage":"es","potentialAction":[{"@type":"ReadAction","target":["https:\/\/graziamagazine.com\/es\/articles\/zara-lanza-una-nueva\/"]}]},{"@type":"BreadcrumbList","@id":"https:\/\/graziamagazine.com\/es\/articles\/zara-lanza-una-nueva\/#breadcrumb","itemListElement":[{"@type":"ListItem","position":1,"name":"Portada","item":"https:\/\/graziamagazine.com\/es\/"},{"@type":"ListItem","position":2,"name":"&#8216;The charm collection&#8217;: la nueva l\u00ednea de bisuter\u00eda creada por Zara"}]},{"@type":"WebSite","@id":"https:\/\/graziamagazine.com\/es\/#website","url":"https:\/\/graziamagazine.com\/es\/","name":"Grazia","description":"Moda, belleza, celebrities, estilo de vida...","potentialAction":[{"@type":"SearchAction","target":{"@type":"EntryPoint","urlTemplate":"https:\/\/graziamagazine.com\/es\/?s={search_term_string}"},"query-input":"required name=search_term_string"}],"inLanguage":"es"}]}},"jetpack_sharing_enabled":true,"distributor_meta":false,"distributor_terms":false,"distributor_media":false,"distributor_original_site_name":"Grazia","distributor_original_site_url":"https:\/\/graziamagazine.com\/es","push-errors":false,"_links":{"self":[{"href":"https:\/\/graziamagazine.com\/es\/wp-json\/wp\/v2\/articles\/155452"}],"collection":[{"href":"https:\/\/graziamagazine.com\/es\/wp-json\/wp\/v2\/articles"}],"about":[{"href":"https:\/\/graziamagazine.com\/es\/wp-json\/wp\/v2\/types\/articles"}],"author":[{"embeddable":true,"href":"https:\/\/graziamagazine.com\/es\/wp-json\/wp\/v2\/users\/11653"}],"wp:featuredmedia":[{"embeddable":true,"href":"https:\/\/graziamagazine.com\/es\/wp-json\/wp\/v2\/media\/155455"}],"wp:attachment":[{"href":"https:\/\/graziamagazine.com\/es\/wp-json\/wp\/v2\/media?parent=155452"}],"wp:term":[{"taxonomy":"category","embeddable":true,"href":"https:\/\/graziamagazine.com\/es\/wp-json\/wp\/v2\/categories?post=155452"}],"curies":[{"name":"wp","href":"https:\/\/api.w.org\/{rel}","templated":true}]}}