{"id":155343,"date":"2020-09-04T08:11:18","date_gmt":"2020-09-04T06:11:18","guid":{"rendered":"https:\/\/graziamagazine.com\/es\/?post_type=articles&#038;p=155343"},"modified":"2020-09-04T08:11:18","modified_gmt":"2020-09-04T06:11:18","slug":"bobbi-brown-uterque-vuelven-a-crear-una-alianza-imprescindible-para-este-otono","status":"publish","type":"articles","link":"https:\/\/graziamagazine.com\/es\/articles\/bobbi-brown-uterque-vuelven-a-crear-una-alianza-imprescindible-para-este-otono\/","title":{"rendered":"Bobbi Brown &amp; Uterq\u00fce vuelven a crear una alianza imprescindible para este oto\u00f1o"},"content":{"rendered":"<p>Tras el gran \u00e9xito de las anteriores colaboraciones volvemos esta vez con un concepto totalmente diferente, presentamos un bolso muy vers\u00e1til que dar\u00e1 un toque de sofisticaci\u00f3n relajada all\u00e1 donde vayas con productos esenciales de Bobbi Brown para sentirte siempre guapa y c\u00f3moda. Siguiendo su apuesta firme por la creaci\u00f3n de piezas sofisticadas y en tendencia, Uterq\u00fce ha creado un complemento que re\u00fane en exclusiva los productos esenciales de maquillaje y skincare de Bobbi Brown.<\/p>\n<p><img loading=\"lazy\" decoding=\"async\" class=\"aligncenter size-full wp-image-155346\" src=\"https:\/\/graziamagazine.com\/es\/wp-content\/uploads\/sites\/12\/2020\/09\/5_75.jpg\" alt=\"Bobbi Brown &amp; Uterq\u00fce vuelven a crear una alianza imprescindible para este oto\u00f1o\" width=\"1024\" height=\"1024\" \/><\/p>\n<p>Se trata de un bolso de piel con lujados pintados a contraste y pespuntes a tono, en un dise\u00f1o ajustable con asa para colgar de piel. Esta pieza se ha creado con el objetivo de convertirse en el aliado perfecto de cualquier mujer que apueste por los looks vers\u00e1tiles para cualquier ocasi\u00f3n sin dejar de reflejar la belleza natural y su propio estilo.<\/p>\n<h3>\u00bfQU\u00e9 incluye?<\/h3>\n<p>El bolso de piel de Uterq\u00fce <strong>contiene cinco productos esenciales de maquillaje y <em>skincare<\/em> de Bobbi Brown<\/strong> para conseguir una piel perfecta all\u00e1 donde est\u00e9s:<\/p>\n<h4><strong>Soothing cleansing oil<\/strong><\/h4>\n<p>Tratamiento que de forma suave y eficaz limpia y desmaquilla la piel con una infusi\u00f3n de aceites con las propiedades de la flor del Jazm\u00edn, nuez de Kukui y Girasol. Emoliente, no obstruye los poros, el aceite trabaja para disolver los restos de maquillaje e impurezas sin despojar la hidrataci\u00f3n natural de la piel.<\/p>\n<p><img loading=\"lazy\" decoding=\"async\" class=\"aligncenter size-full wp-image-155353\" src=\"https:\/\/graziamagazine.com\/es\/wp-content\/uploads\/sites\/12\/2020\/09\/Captura-de-pantalla-2020-09-04-a-las-07.59.21.png\" alt=\"Bobbi Brown &amp; Uterq\u00fce vuelven a crear una alianza imprescindible para este oto\u00f1o\" width=\"629\" height=\"451\" \/><\/p>\n<h4><strong>Vitamin enriched face base <\/strong><\/h4>\n<p>Contiene Manteca de Karit\u00e9 para hidratar, suavizar y acondicionar la piel al instante. El extracto de zanahoria y un complejo de Vitamina A minimizan el aspecto de las finas l\u00edneas y arrugas. Usada diariamente, la piel parece y se siente mejor que nunca.<\/p>\n<p><img loading=\"lazy\" decoding=\"async\" class=\"aligncenter wp-image-155351 size-full\" src=\"https:\/\/graziamagazine.com\/es\/wp-content\/uploads\/sites\/12\/2020\/09\/Vitamin-Enriched-Face-Base-e1599199678864.png\" alt=\"Bobbi Brown &amp; Uterq\u00fce vuelven a crear una alianza imprescindible para este oto\u00f1o\" width=\"600\" height=\"365\" \/><\/p>\n<h4><strong>Extra eye repair <\/strong><\/h4>\n<p>Llena de p\u00e9ptidos, aceites naturales de pepitas de Uva, Pr\u00edmula y humectantes dirigidos a combatir las finas l\u00edneas, las arrugas, las ojeras, la hinchaz\u00f3n y la sequedad. Esta rica crema emoliente revitaliza los ojos de forma visible. Para pieles normales y muy secas. Perfecta para usar d\u00eda\/noche.<\/p>\n<p><img loading=\"lazy\" decoding=\"async\" class=\"aligncenter size-full wp-image-155348\" src=\"https:\/\/graziamagazine.com\/es\/wp-content\/uploads\/sites\/12\/2020\/09\/ExtraEyeRepairCream_bb_sku_E51W01_4000x4000_0-e1599199108900.jpg\" alt=\"Bobbi Brown &amp; Uterq\u00fce vuelven a crear una alianza imprescindible para este oto\u00f1o\" width=\"1024\" height=\"409\" \/><\/p>\n<h4><strong>Extra lip tint <\/strong><\/h4>\n<p>Formulado con una mezcla de aceites nutritivos, compuesto de aceites de oliva, aguacate y jojoba, adem\u00e1s de vitamina C y E, Extra Lip Tint envuelve a los labios con abundante hidrataci\u00f3n, alisa y suaviza los labios para brindar una apariencia y tacto suaves.<\/p>\n<p><img loading=\"lazy\" decoding=\"async\" class=\"aligncenter wp-image-155354 size-full\" src=\"https:\/\/graziamagazine.com\/es\/wp-content\/uploads\/sites\/12\/2020\/09\/Captura-de-pantalla-2020-09-04-a-las-07.59.38-e1599199738877.png\" alt=\"Bobbi Brown &amp; Uterq\u00fce vuelven a crear una alianza imprescindible para este oto\u00f1o\" width=\"200\" height=\"439\" \/><\/p>\n<h4><strong>Highlighting powder tono Pink glow<\/strong><\/h4>\n<p>Este polvo refleja la luz y da a tu piel un brillo perfecto. Adem\u00e1s, viene en un compacto con espejo, para que puedas llevarlo a cualquier lugar. Su f\u00f3rmula tiene una base transparente y pigmentos perlados que crean un resplandor radiante . Adem\u00e1s, el polvo fino y sedoso se aplica con suavidad y uniformidad.<\/p>\n<p><img loading=\"lazy\" decoding=\"async\" class=\"aligncenter size-full wp-image-155355\" src=\"https:\/\/graziamagazine.com\/es\/wp-content\/uploads\/sites\/12\/2020\/09\/Captura-de-pantalla-2020-09-04-a-las-08.00.05-e1599199763606.png\" alt=\"Bobbi Brown &amp; Uterq\u00fce vuelven a crear una alianza imprescindible para este oto\u00f1o\" width=\"400\" height=\"392\" \/><\/p>\n<p>El bolso de Uterq\u00fce y Bobbi Brown estar\u00e1 disponible a partir de octubre 2020 en todos los puntos de venta de ambas marcas en Espa\u00f1a, Portugal y en sus tiendas online. Su precio ser\u00e1 de 79 euros.<\/p>\n<p><em>*Im\u00e1genes: Cortes\u00eda\u00a0<\/em><\/p>\n<p>&nbsp;<\/p>\n<p>&nbsp;<\/p>\n","protected":false},"author":11653,"featured_media":155344,"template":"","format":"standard","categories":[7,1,4585],"acf":[],"yoast_head":"<!-- This site is optimized with the Yoast SEO Premium plugin v18.5 (Yoast SEO v20.4) - https:\/\/yoast.com\/wordpress\/plugins\/seo\/ -->\n<title>Bobbi Brown &amp; Uterq\u00fce vuelven a crear una alianza imprescindible para este oto\u00f1o | Grazia<\/title>\n<meta name=\"description\" content=\"El bolso m\u00e1s\u00a0trendy\u00a0de la temporada lleno de productos esenciales e imprescindibles\u00a0para obtener una piel perfecta este oto\u00f1o sea donde sea.\" \/>\n<meta name=\"robots\" content=\"index, follow, max-snippet:-1, max-image-preview:large, max-video-preview:-1\" \/>\n<link rel=\"canonical\" href=\"https:\/\/graziamagazine.com\/es\/articles\/bobbi-brown-uterque-vuelven-a-crear-una-alianza-imprescindible-para-este-otono\/\" \/>\n<meta property=\"og:locale\" content=\"es_ES\" \/>\n<meta property=\"og:type\" content=\"article\" \/>\n<meta property=\"og:title\" content=\"Bobbi Brown &amp; Uterq\u00fce vuelven a crear una alianza imprescindible para este oto\u00f1o\" \/>\n<meta property=\"og:description\" content=\"El bolso m\u00e1s\u00a0trendy\u00a0de la temporada lleno de productos esenciales e imprescindibles\u00a0para obtener una piel perfecta este oto\u00f1o sea donde sea.\" \/>\n<meta property=\"og:url\" content=\"https:\/\/graziamagazine.com\/es\/articles\/bobbi-brown-uterque-vuelven-a-crear-una-alianza-imprescindible-para-este-otono\/\" \/>\n<meta property=\"og:site_name\" content=\"Grazia\" \/>\n<meta property=\"og:image\" content=\"https:\/\/graziamagazine.com\/es\/wp-content\/uploads\/sites\/12\/2020\/09\/bobbi200903.jpg?fit=1024%2C768\" \/>\n\t<meta property=\"og:image:width\" content=\"1024\" \/>\n\t<meta property=\"og:image:height\" content=\"768\" \/>\n\t<meta property=\"og:image:type\" content=\"image\/jpeg\" \/>\n<meta name=\"twitter:card\" content=\"summary_large_image\" \/>\n<meta name=\"twitter:label1\" content=\"Est. reading time\" \/>\n\t<meta name=\"twitter:data1\" content=\"2 minutos\" \/>\n<script type=\"application\/ld+json\" class=\"yoast-schema-graph\">{\"@context\":\"https:\/\/schema.org\",\"@graph\":[{\"@type\":\"WebPage\",\"@id\":\"https:\/\/graziamagazine.com\/es\/articles\/bobbi-brown-uterque-vuelven-a-crear-una-alianza-imprescindible-para-este-otono\/\",\"url\":\"https:\/\/graziamagazine.com\/es\/articles\/bobbi-brown-uterque-vuelven-a-crear-una-alianza-imprescindible-para-este-otono\/\",\"name\":\"Bobbi Brown &amp; Uterq\u00fce vuelven a crear una alianza imprescindible para este oto\u00f1o | Grazia\",\"isPartOf\":{\"@id\":\"https:\/\/graziamagazine.com\/es\/#website\"},\"datePublished\":\"2020-09-04T06:11:18+00:00\",\"dateModified\":\"2020-09-04T06:11:18+00:00\",\"description\":\"El bolso m\u00e1s\u00a0trendy\u00a0de la temporada lleno de productos esenciales e imprescindibles\u00a0para obtener una piel perfecta este oto\u00f1o sea donde sea.\",\"breadcrumb\":{\"@id\":\"https:\/\/graziamagazine.com\/es\/articles\/bobbi-brown-uterque-vuelven-a-crear-una-alianza-imprescindible-para-este-otono\/#breadcrumb\"},\"inLanguage\":\"es\",\"potentialAction\":[{\"@type\":\"ReadAction\",\"target\":[\"https:\/\/graziamagazine.com\/es\/articles\/bobbi-brown-uterque-vuelven-a-crear-una-alianza-imprescindible-para-este-otono\/\"]}]},{\"@type\":\"BreadcrumbList\",\"@id\":\"https:\/\/graziamagazine.com\/es\/articles\/bobbi-brown-uterque-vuelven-a-crear-una-alianza-imprescindible-para-este-otono\/#breadcrumb\",\"itemListElement\":[{\"@type\":\"ListItem\",\"position\":1,\"name\":\"Portada\",\"item\":\"https:\/\/graziamagazine.com\/es\/\"},{\"@type\":\"ListItem\",\"position\":2,\"name\":\"Bobbi Brown &amp; Uterq\u00fce vuelven a crear una alianza imprescindible para este oto\u00f1o\"}]},{\"@type\":\"WebSite\",\"@id\":\"https:\/\/graziamagazine.com\/es\/#website\",\"url\":\"https:\/\/graziamagazine.com\/es\/\",\"name\":\"Grazia\",\"description\":\"Moda, belleza, celebrities, estilo de vida...\",\"potentialAction\":[{\"@type\":\"SearchAction\",\"target\":{\"@type\":\"EntryPoint\",\"urlTemplate\":\"https:\/\/graziamagazine.com\/es\/?s={search_term_string}\"},\"query-input\":\"required name=search_term_string\"}],\"inLanguage\":\"es\"}]}<\/script>\n<!-- \/ Yoast SEO Premium plugin. -->","yoast_head_json":{"title":"Bobbi Brown &amp; Uterq\u00fce vuelven a crear una alianza imprescindible para este oto\u00f1o | Grazia","description":"El bolso m\u00e1s\u00a0trendy\u00a0de la temporada lleno de productos esenciales e imprescindibles\u00a0para obtener una piel perfecta este oto\u00f1o sea donde sea.","robots":{"index":"index","follow":"follow","max-snippet":"max-snippet:-1","max-image-preview":"max-image-preview:large","max-video-preview":"max-video-preview:-1"},"canonical":"https:\/\/graziamagazine.com\/es\/articles\/bobbi-brown-uterque-vuelven-a-crear-una-alianza-imprescindible-para-este-otono\/","og_locale":"es_ES","og_type":"article","og_title":"Bobbi Brown &amp; Uterq\u00fce vuelven a crear una alianza imprescindible para este oto\u00f1o","og_description":"El bolso m\u00e1s\u00a0trendy\u00a0de la temporada lleno de productos esenciales e imprescindibles\u00a0para obtener una piel perfecta este oto\u00f1o sea donde sea.","og_url":"https:\/\/graziamagazine.com\/es\/articles\/bobbi-brown-uterque-vuelven-a-crear-una-alianza-imprescindible-para-este-otono\/","og_site_name":"Grazia","og_image":[{"width":1024,"height":768,"url":"https:\/\/graziamagazine.com\/es\/wp-content\/uploads\/sites\/12\/2020\/09\/bobbi200903.jpg?fit=1024%2C768","type":"image\/jpeg"}],"twitter_card":"summary_large_image","twitter_misc":{"Est. reading time":"2 minutos"},"schema":{"@context":"https:\/\/schema.org","@graph":[{"@type":"WebPage","@id":"https:\/\/graziamagazine.com\/es\/articles\/bobbi-brown-uterque-vuelven-a-crear-una-alianza-imprescindible-para-este-otono\/","url":"https:\/\/graziamagazine.com\/es\/articles\/bobbi-brown-uterque-vuelven-a-crear-una-alianza-imprescindible-para-este-otono\/","name":"Bobbi Brown &amp; Uterq\u00fce vuelven a crear una alianza imprescindible para este oto\u00f1o | Grazia","isPartOf":{"@id":"https:\/\/graziamagazine.com\/es\/#website"},"datePublished":"2020-09-04T06:11:18+00:00","dateModified":"2020-09-04T06:11:18+00:00","description":"El bolso m\u00e1s\u00a0trendy\u00a0de la temporada lleno de productos esenciales e imprescindibles\u00a0para obtener una piel perfecta este oto\u00f1o sea donde sea.","breadcrumb":{"@id":"https:\/\/graziamagazine.com\/es\/articles\/bobbi-brown-uterque-vuelven-a-crear-una-alianza-imprescindible-para-este-otono\/#breadcrumb"},"inLanguage":"es","potentialAction":[{"@type":"ReadAction","target":["https:\/\/graziamagazine.com\/es\/articles\/bobbi-brown-uterque-vuelven-a-crear-una-alianza-imprescindible-para-este-otono\/"]}]},{"@type":"BreadcrumbList","@id":"https:\/\/graziamagazine.com\/es\/articles\/bobbi-brown-uterque-vuelven-a-crear-una-alianza-imprescindible-para-este-otono\/#breadcrumb","itemListElement":[{"@type":"ListItem","position":1,"name":"Portada","item":"https:\/\/graziamagazine.com\/es\/"},{"@type":"ListItem","position":2,"name":"Bobbi Brown &amp; Uterq\u00fce vuelven a crear una alianza imprescindible para este oto\u00f1o"}]},{"@type":"WebSite","@id":"https:\/\/graziamagazine.com\/es\/#website","url":"https:\/\/graziamagazine.com\/es\/","name":"Grazia","description":"Moda, belleza, celebrities, estilo de vida...","potentialAction":[{"@type":"SearchAction","target":{"@type":"EntryPoint","urlTemplate":"https:\/\/graziamagazine.com\/es\/?s={search_term_string}"},"query-input":"required name=search_term_string"}],"inLanguage":"es"}]}},"jetpack_sharing_enabled":true,"distributor_meta":false,"distributor_terms":false,"distributor_media":false,"distributor_original_site_name":"Grazia","distributor_original_site_url":"https:\/\/graziamagazine.com\/es","push-errors":false,"_links":{"self":[{"href":"https:\/\/graziamagazine.com\/es\/wp-json\/wp\/v2\/articles\/155343"}],"collection":[{"href":"https:\/\/graziamagazine.com\/es\/wp-json\/wp\/v2\/articles"}],"about":[{"href":"https:\/\/graziamagazine.com\/es\/wp-json\/wp\/v2\/types\/articles"}],"author":[{"embeddable":true,"href":"https:\/\/graziamagazine.com\/es\/wp-json\/wp\/v2\/users\/11653"}],"wp:featuredmedia":[{"embeddable":true,"href":"https:\/\/graziamagazine.com\/es\/wp-json\/wp\/v2\/media\/155344"}],"wp:attachment":[{"href":"https:\/\/graziamagazine.com\/es\/wp-json\/wp\/v2\/media?parent=155343"}],"wp:term":[{"taxonomy":"category","embeddable":true,"href":"https:\/\/graziamagazine.com\/es\/wp-json\/wp\/v2\/categories?post=155343"}],"curies":[{"name":"wp","href":"https:\/\/api.w.org\/{rel}","templated":true}]}}