{"id":155094,"date":"2020-08-20T17:38:59","date_gmt":"2020-08-20T15:38:59","guid":{"rendered":"https:\/\/graziamagazine.com\/es\/?post_type=articles&#038;p=155094"},"modified":"2020-08-20T17:38:59","modified_gmt":"2020-08-20T15:38:59","slug":"confirmado-brad-pitt-y-harry-styles-van-a-protagonizar-juntos-en-una-nueva-pelicula","status":"publish","type":"articles","link":"https:\/\/graziamagazine.com\/es\/articles\/confirmado-brad-pitt-y-harry-styles-van-a-protagonizar-juntos-en-una-nueva-pelicula\/","title":{"rendered":"Confirmado: Brad Pitt y Harry Styles van a protagonizar juntos en una nueva pel\u00edcula"},"content":{"rendered":"<p class=\"standfirst\"><strong>Brad Pitt y Harry Styles<\/strong>, dos de las personalidades m\u00e1s aclamadas y famosas de Hollywood, ser\u00e1n protagonistas en una nueva pel\u00edcula dirigida por\u00a0Dan Gilroy, seg\u00fan los reportes de\u00a0<em><a href=\"https:\/\/www.vertice360.com\/ficha\/1276\/faster-cheaper-better#section1\" target=\"_blank\" rel=\"noopener noreferrer\" target=\"_blank\">V\u00e9rtice Cine<\/a><\/em>.<\/p>\n<blockquote>\n<p class=\"standfirst\"><em>Faster, Cheaper, Better<\/em> <em>trata sobre los grandes e inevitables cambios que se avecinan en la industria transportista, sopesando la posibilidad de que se lleve a cabo una industria sin humanos a bordo de veh\u00edculos<\/em> (seg\u00fan la sinopsis)<\/p>\n<\/blockquote>\n<p class=\"standfirst\">\u201c<em>La pel\u00edcula abarca 20 a\u00f1os en m\u00faltiples localizaciones con historias entrelazadas de una infinidad de personajes entre los que se encuentran: un jefe de sindicato, un joven empresario, un director de una granja interior y un millonario del sector tecnol\u00f3gico cuyas vidas se ven truncadas cuando la automatizaci\u00f3n y la inteligencia artificial transforman el mundo tal y como lo conocemos. Al final, todos deben enfrentarse al significado de ser humano<\/em>\u201d.<\/p>\n<p class=\"linkAfter\">Hasta ahora el cantante y el actor no han confirmado la noticia, pero seg\u00fan los reportes de la distribuidora \u2014famosa por producir cintas como<em>\u00a0The Gentlemen<\/em>\u00a0y\u00a0<em>Judy\u2014<\/em>, este nuevo proyecto ser\u00e1 dirigido por\u00a0Dan Gilroy, conocido por pel\u00edculas como<em>\u00a0Nightcrawler\u00a0<\/em>y<em>\u00a0Velvet Buzzsaw<\/em>, adem\u00e1s de haber escrito el gui\u00f3n de<em>\u00a0Kong: Skull Island.<\/em><\/p>\n<p>La \u00faltima interpretaci\u00f3n de Brad fue hace un a\u00f1o en\u00a0<em>Ad Astra<\/em>\u00a0como Roy McBride, mientras que Harry hizo el papel de Alex en\u00a0<em>Dunkirk,\u00a0<\/em>hace tres a\u00f1os. \u00bfEmocionada por ver a ambos en el mismo filme? \u00a1Nosotras s\u00ed!<\/p>\n<p><em>*Imagen: Getty Images<\/em><\/p>\n","protected":false},"author":11656,"featured_media":155095,"template":"","format":"standard","categories":[2971,13,2797],"acf":{"banner":null},"yoast_head":"<!-- This site is optimized with the Yoast SEO Premium plugin v18.5 (Yoast SEO v20.4) - https:\/\/yoast.com\/wordpress\/plugins\/seo\/ -->\n<title>Confirmado: Brad Pitt y Harry Styles van a protagonizar juntos en una nueva pel\u00edcula | Grazia<\/title>\n<meta name=\"description\" content=\"\u00a1S\u00ed, le\u00edste bien! La industria cinematogr\u00e1fica juntar\u00e1 a Brad y Harry en un nuevo y emocionante proyecto del mismo director de Nightcrawler. Te contamos todo lo que sabemos hasta ahora.\" \/>\n<meta name=\"robots\" content=\"index, follow, max-snippet:-1, max-image-preview:large, max-video-preview:-1\" \/>\n<link rel=\"canonical\" href=\"https:\/\/graziamagazine.com\/es\/articles\/confirmado-brad-pitt-y-harry-styles-van-a-protagonizar-juntos-en-una-nueva-pelicula\/\" \/>\n<meta property=\"og:locale\" content=\"es_ES\" \/>\n<meta property=\"og:type\" content=\"article\" \/>\n<meta property=\"og:title\" content=\"Confirmado: Brad Pitt y Harry Styles van a protagonizar juntos en una nueva pel\u00edcula\" \/>\n<meta property=\"og:description\" content=\"\u00a1S\u00ed, le\u00edste bien! La industria cinematogr\u00e1fica juntar\u00e1 a Brad y Harry en un nuevo y emocionante proyecto del mismo director de Nightcrawler. Te contamos todo lo que sabemos hasta ahora.\" \/>\n<meta property=\"og:url\" content=\"https:\/\/graziamagazine.com\/es\/articles\/confirmado-brad-pitt-y-harry-styles-van-a-protagonizar-juntos-en-una-nueva-pelicula\/\" \/>\n<meta property=\"og:site_name\" content=\"Grazia\" \/>\n<meta property=\"og:image\" content=\"https:\/\/graziamagazine.com\/es\/wp-content\/uploads\/sites\/12\/2020\/08\/brad-pitt-getty1-t.jpg?fit=1240%2C744\" \/>\n\t<meta property=\"og:image:width\" content=\"1240\" \/>\n\t<meta property=\"og:image:height\" content=\"744\" \/>\n\t<meta property=\"og:image:type\" content=\"image\/jpeg\" \/>\n<meta name=\"twitter:card\" content=\"summary_large_image\" \/>\n<meta name=\"twitter:label1\" content=\"Est. reading time\" \/>\n\t<meta name=\"twitter:data1\" content=\"1 minuto\" \/>\n<script type=\"application\/ld+json\" class=\"yoast-schema-graph\">{\"@context\":\"https:\/\/schema.org\",\"@graph\":[{\"@type\":\"WebPage\",\"@id\":\"https:\/\/graziamagazine.com\/es\/articles\/confirmado-brad-pitt-y-harry-styles-van-a-protagonizar-juntos-en-una-nueva-pelicula\/\",\"url\":\"https:\/\/graziamagazine.com\/es\/articles\/confirmado-brad-pitt-y-harry-styles-van-a-protagonizar-juntos-en-una-nueva-pelicula\/\",\"name\":\"Confirmado: Brad Pitt y Harry Styles van a protagonizar juntos en una nueva pel\u00edcula | Grazia\",\"isPartOf\":{\"@id\":\"https:\/\/graziamagazine.com\/es\/#website\"},\"datePublished\":\"2020-08-20T15:38:59+00:00\",\"dateModified\":\"2020-08-20T15:38:59+00:00\",\"description\":\"\u00a1S\u00ed, le\u00edste bien! La industria cinematogr\u00e1fica juntar\u00e1 a Brad y Harry en un nuevo y emocionante proyecto del mismo director de Nightcrawler. Te contamos todo lo que sabemos hasta ahora.\",\"breadcrumb\":{\"@id\":\"https:\/\/graziamagazine.com\/es\/articles\/confirmado-brad-pitt-y-harry-styles-van-a-protagonizar-juntos-en-una-nueva-pelicula\/#breadcrumb\"},\"inLanguage\":\"es\",\"potentialAction\":[{\"@type\":\"ReadAction\",\"target\":[\"https:\/\/graziamagazine.com\/es\/articles\/confirmado-brad-pitt-y-harry-styles-van-a-protagonizar-juntos-en-una-nueva-pelicula\/\"]}]},{\"@type\":\"BreadcrumbList\",\"@id\":\"https:\/\/graziamagazine.com\/es\/articles\/confirmado-brad-pitt-y-harry-styles-van-a-protagonizar-juntos-en-una-nueva-pelicula\/#breadcrumb\",\"itemListElement\":[{\"@type\":\"ListItem\",\"position\":1,\"name\":\"Portada\",\"item\":\"https:\/\/graziamagazine.com\/es\/\"},{\"@type\":\"ListItem\",\"position\":2,\"name\":\"Confirmado: Brad Pitt y Harry Styles van a protagonizar juntos en una nueva pel\u00edcula\"}]},{\"@type\":\"WebSite\",\"@id\":\"https:\/\/graziamagazine.com\/es\/#website\",\"url\":\"https:\/\/graziamagazine.com\/es\/\",\"name\":\"Grazia\",\"description\":\"Moda, belleza, celebrities, estilo de vida...\",\"potentialAction\":[{\"@type\":\"SearchAction\",\"target\":{\"@type\":\"EntryPoint\",\"urlTemplate\":\"https:\/\/graziamagazine.com\/es\/?s={search_term_string}\"},\"query-input\":\"required name=search_term_string\"}],\"inLanguage\":\"es\"}]}<\/script>\n<!-- \/ Yoast SEO Premium plugin. -->","yoast_head_json":{"title":"Confirmado: Brad Pitt y Harry Styles van a protagonizar juntos en una nueva pel\u00edcula | Grazia","description":"\u00a1S\u00ed, le\u00edste bien! La industria cinematogr\u00e1fica juntar\u00e1 a Brad y Harry en un nuevo y emocionante proyecto del mismo director de Nightcrawler. Te contamos todo lo que sabemos hasta ahora.","robots":{"index":"index","follow":"follow","max-snippet":"max-snippet:-1","max-image-preview":"max-image-preview:large","max-video-preview":"max-video-preview:-1"},"canonical":"https:\/\/graziamagazine.com\/es\/articles\/confirmado-brad-pitt-y-harry-styles-van-a-protagonizar-juntos-en-una-nueva-pelicula\/","og_locale":"es_ES","og_type":"article","og_title":"Confirmado: Brad Pitt y Harry Styles van a protagonizar juntos en una nueva pel\u00edcula","og_description":"\u00a1S\u00ed, le\u00edste bien! La industria cinematogr\u00e1fica juntar\u00e1 a Brad y Harry en un nuevo y emocionante proyecto del mismo director de Nightcrawler. Te contamos todo lo que sabemos hasta ahora.","og_url":"https:\/\/graziamagazine.com\/es\/articles\/confirmado-brad-pitt-y-harry-styles-van-a-protagonizar-juntos-en-una-nueva-pelicula\/","og_site_name":"Grazia","og_image":[{"width":1240,"height":744,"url":"https:\/\/graziamagazine.com\/es\/wp-content\/uploads\/sites\/12\/2020\/08\/brad-pitt-getty1-t.jpg?fit=1240%2C744","type":"image\/jpeg"}],"twitter_card":"summary_large_image","twitter_misc":{"Est. reading time":"1 minuto"},"schema":{"@context":"https:\/\/schema.org","@graph":[{"@type":"WebPage","@id":"https:\/\/graziamagazine.com\/es\/articles\/confirmado-brad-pitt-y-harry-styles-van-a-protagonizar-juntos-en-una-nueva-pelicula\/","url":"https:\/\/graziamagazine.com\/es\/articles\/confirmado-brad-pitt-y-harry-styles-van-a-protagonizar-juntos-en-una-nueva-pelicula\/","name":"Confirmado: Brad Pitt y Harry Styles van a protagonizar juntos en una nueva pel\u00edcula | Grazia","isPartOf":{"@id":"https:\/\/graziamagazine.com\/es\/#website"},"datePublished":"2020-08-20T15:38:59+00:00","dateModified":"2020-08-20T15:38:59+00:00","description":"\u00a1S\u00ed, le\u00edste bien! La industria cinematogr\u00e1fica juntar\u00e1 a Brad y Harry en un nuevo y emocionante proyecto del mismo director de Nightcrawler. Te contamos todo lo que sabemos hasta ahora.","breadcrumb":{"@id":"https:\/\/graziamagazine.com\/es\/articles\/confirmado-brad-pitt-y-harry-styles-van-a-protagonizar-juntos-en-una-nueva-pelicula\/#breadcrumb"},"inLanguage":"es","potentialAction":[{"@type":"ReadAction","target":["https:\/\/graziamagazine.com\/es\/articles\/confirmado-brad-pitt-y-harry-styles-van-a-protagonizar-juntos-en-una-nueva-pelicula\/"]}]},{"@type":"BreadcrumbList","@id":"https:\/\/graziamagazine.com\/es\/articles\/confirmado-brad-pitt-y-harry-styles-van-a-protagonizar-juntos-en-una-nueva-pelicula\/#breadcrumb","itemListElement":[{"@type":"ListItem","position":1,"name":"Portada","item":"https:\/\/graziamagazine.com\/es\/"},{"@type":"ListItem","position":2,"name":"Confirmado: Brad Pitt y Harry Styles van a protagonizar juntos en una nueva pel\u00edcula"}]},{"@type":"WebSite","@id":"https:\/\/graziamagazine.com\/es\/#website","url":"https:\/\/graziamagazine.com\/es\/","name":"Grazia","description":"Moda, belleza, celebrities, estilo de vida...","potentialAction":[{"@type":"SearchAction","target":{"@type":"EntryPoint","urlTemplate":"https:\/\/graziamagazine.com\/es\/?s={search_term_string}"},"query-input":"required name=search_term_string"}],"inLanguage":"es"}]}},"jetpack_sharing_enabled":true,"distributor_meta":false,"distributor_terms":false,"distributor_media":false,"distributor_original_site_name":"Grazia","distributor_original_site_url":"https:\/\/graziamagazine.com\/es","push-errors":false,"_links":{"self":[{"href":"https:\/\/graziamagazine.com\/es\/wp-json\/wp\/v2\/articles\/155094"}],"collection":[{"href":"https:\/\/graziamagazine.com\/es\/wp-json\/wp\/v2\/articles"}],"about":[{"href":"https:\/\/graziamagazine.com\/es\/wp-json\/wp\/v2\/types\/articles"}],"author":[{"embeddable":true,"href":"https:\/\/graziamagazine.com\/es\/wp-json\/wp\/v2\/users\/11656"}],"wp:featuredmedia":[{"embeddable":true,"href":"https:\/\/graziamagazine.com\/es\/wp-json\/wp\/v2\/media\/155095"}],"wp:attachment":[{"href":"https:\/\/graziamagazine.com\/es\/wp-json\/wp\/v2\/media?parent=155094"}],"wp:term":[{"taxonomy":"category","embeddable":true,"href":"https:\/\/graziamagazine.com\/es\/wp-json\/wp\/v2\/categories?post=155094"}],"curies":[{"name":"wp","href":"https:\/\/api.w.org\/{rel}","templated":true}]}}