{"id":155069,"date":"2020-08-17T15:58:53","date_gmt":"2020-08-17T13:58:53","guid":{"rendered":"https:\/\/graziamagazine.com\/es\/?post_type=articles&#038;p=155069"},"modified":"2020-08-18T16:01:40","modified_gmt":"2020-08-18T14:01:40","slug":"la-reina-letizia-estrena-estilo-adlib-y-marca-espanola-en-su-visita-a-ibiza","status":"publish","type":"articles","link":"https:\/\/graziamagazine.com\/es\/articles\/la-reina-letizia-estrena-estilo-adlib-y-marca-espanola-en-su-visita-a-ibiza\/","title":{"rendered":"La reina Letizia estrena estilo (adlib) y marca (espa\u00f1ola) en su visita a Ibiza"},"content":{"rendered":"<p>Hoy los Reyes nos han dejado nuevas im\u00e1genes en la que se ha convertido en la \u00faltima parada de sus vacaciones, mitad laborales mitad ocio, y el lugar elegido para ello ha sido la isla de Ibiza. Hasta all\u00ed se han trasladado para cumplir con dos citas marcadas en su agenda: por un lado visitar la Necr\u00f3polis de Puig de Molins y su Museo Monogr\u00e1fico, y por el otro pasear por el municipio de Sant Antoni de Portmany, sus calles comerciales y el puerto, para conocer m\u00e1s del trabajo de los pescadores.<\/p>\n<p><strong>Para la ocasi\u00f3n, do\u00f1a Letizia ha llevado a cabo una m\u00e1xima: en Ibiza hay que ir vestida de moda Ibiza<\/strong>. Y para ello, <strong>\u00bfqui\u00e9n mejor que la famosa Charo Ruiz para firmar el look de hoy?<\/strong> La reina ha estrenado vestido blanco, no pod\u00eda ser de otra manera, aunque ha cambiado el largo midi habitual por un largo XL que le sentaba muy bien.<\/p>\n<p><img loading=\"lazy\" decoding=\"async\" class=\"aligncenter size-full wp-image-155837\" src=\"https:\/\/www.grazia.es\/wp-content\/uploads\/2020\/08\/EfoqJ5ZXgAMmHhM.jpeg\" alt=\"La reina Letizia estrena estilo (adlib) y marca (espa\u00f1ola) en su visita a Ibiza\" width=\"1584\" height=\"1056\" \/><\/p>\n<p><img loading=\"lazy\" decoding=\"async\" class=\"aligncenter size-full wp-image-155838\" src=\"https:\/\/www.grazia.es\/wp-content\/uploads\/2020\/08\/EfoqJ5HXsAEv2WP.jpeg\" alt=\"La reina Letizia estrena estilo (adlib) y marca (espa\u00f1ola) en su visita a Ibiza\" width=\"2006\" height=\"1338\" \/><\/p>\n<p>No es el primer vestido blanco en estos d\u00edas, ya la vimos con uno de Uterq\u00fce y otro de Vintage Ibiza, pero en esta ocasi\u00f3n ha estrenado nueva firma en su armario, eligiendo este vestido modelo Aida de la dise\u00f1adora Charo Ruiz, todo un emblema en la moda estilo ibicenco y fundadora de la llamada Moda Adlib en los `70. En guipur, con cuello de pico tambi\u00e9n en la espalda, y volantes y bordados. Un gran acierto y que puede convertirse en el vestido ideal de verano, \u00e9sta y todas las temporadas.<\/p>\n<p><img loading=\"lazy\" decoding=\"async\" class=\"aligncenter size-full wp-image-155836\" src=\"https:\/\/www.grazia.es\/wp-content\/uploads\/2020\/08\/EfopTS2WAAUI5w_.jpeg\" alt=\"La reina Letizia estrena estilo (adlib) y marca (espa\u00f1ola) en su visita a Ibiza\" width=\"2048\" height=\"1366\" \/><\/p>\n<p><a href=\"https:\/\/www.charoruiz.com\/es\/colecciones\/voile-guipur\/vestido-aida#\/31-talla-s\/90-color-blanco\" target=\"_blank\"><strong>Si lo quieres, est\u00e1 disponible en la web de la firma -en blanco, negro y nude-, desde las tallas XS a Xl y su precio es de 549 euros<\/strong><\/a>. De nuevo la reina lo ha combinado con su must, las alpargatas de cu\u00f1a de la tambi\u00e9n firma espa\u00f1ola Macarena Shoes,<\/p>\n<p><img loading=\"lazy\" decoding=\"async\" class=\"aligncenter size-full wp-image-155835\" src=\"https:\/\/www.grazia.es\/wp-content\/uploads\/2020\/08\/686219.png\" alt=\"La reina Letizia estrena estilo (adlib) y marca (espa\u00f1ola) en su visita a Ibiza\" width=\"620\" height=\"933\" \/><\/p>\n<p>De nuevo su truco infalible contra las altas temperaturas: la coleta alta que adem\u00e1s la favorece bastante rejuveneciendo sus facciones y su look final.<\/p>\n<p><em>*Im\u00e1genes: Casa Real y Cortes\u00eda Charo Ruiz.<\/em><\/p>\n<p>&nbsp;<\/p>\n","protected":false},"author":11653,"featured_media":155070,"template":"","format":"standard","categories":[2147],"acf":[],"yoast_head":"<!-- This site is optimized with the Yoast SEO Premium plugin v18.5 (Yoast SEO v20.4) - https:\/\/yoast.com\/wordpress\/plugins\/seo\/ -->\n<title>La reina Letizia estrena estilo (adlib) y marca (espa\u00f1ola) en su visita a Ibiza | Grazia<\/title>\n<meta name=\"description\" content=\"En la \u00faltima parada de su viaje vacacional por las islas, do\u00f1a Letizia nos ha dejado un nuevo look firmado por una de las grandes marcas de la moda ibicenca: Charo Ruiz.\" \/>\n<meta name=\"robots\" content=\"index, follow, max-snippet:-1, max-image-preview:large, max-video-preview:-1\" \/>\n<link rel=\"canonical\" href=\"https:\/\/graziamagazine.com\/es\/articles\/la-reina-letizia-estrena-estilo-adlib-y-marca-espanola-en-su-visita-a-ibiza\/\" \/>\n<meta property=\"og:locale\" content=\"es_ES\" \/>\n<meta property=\"og:type\" content=\"article\" \/>\n<meta property=\"og:title\" content=\"La reina Letizia estrena estilo (adlib) y marca (espa\u00f1ola) en su visita a Ibiza\" \/>\n<meta property=\"og:description\" content=\"En la \u00faltima parada de su viaje vacacional por las islas, do\u00f1a Letizia nos ha dejado un nuevo look firmado por una de las grandes marcas de la moda ibicenca: Charo Ruiz.\" \/>\n<meta property=\"og:url\" content=\"https:\/\/graziamagazine.com\/es\/articles\/la-reina-letizia-estrena-estilo-adlib-y-marca-espanola-en-su-visita-a-ibiza\/\" \/>\n<meta property=\"og:site_name\" content=\"Grazia\" \/>\n<meta property=\"article:modified_time\" content=\"2020-08-18T14:01:40+00:00\" \/>\n<meta property=\"og:image\" content=\"https:\/\/graziamagazine.com\/es\/wp-content\/uploads\/sites\/12\/2020\/08\/EfopTSwXgAIpDBA.jpeg?fit=2048%2C1364\" \/>\n\t<meta property=\"og:image:width\" content=\"2048\" \/>\n\t<meta property=\"og:image:height\" content=\"1364\" \/>\n\t<meta property=\"og:image:type\" content=\"image\/jpeg\" \/>\n<meta name=\"twitter:card\" content=\"summary_large_image\" \/>\n<meta name=\"twitter:label1\" content=\"Est. reading time\" \/>\n\t<meta name=\"twitter:data1\" content=\"2 minutos\" \/>\n<script type=\"application\/ld+json\" class=\"yoast-schema-graph\">{\"@context\":\"https:\/\/schema.org\",\"@graph\":[{\"@type\":\"WebPage\",\"@id\":\"https:\/\/graziamagazine.com\/es\/articles\/la-reina-letizia-estrena-estilo-adlib-y-marca-espanola-en-su-visita-a-ibiza\/\",\"url\":\"https:\/\/graziamagazine.com\/es\/articles\/la-reina-letizia-estrena-estilo-adlib-y-marca-espanola-en-su-visita-a-ibiza\/\",\"name\":\"La reina Letizia estrena estilo (adlib) y marca (espa\u00f1ola) en su visita a Ibiza | Grazia\",\"isPartOf\":{\"@id\":\"https:\/\/graziamagazine.com\/es\/#website\"},\"datePublished\":\"2020-08-17T13:58:53+00:00\",\"dateModified\":\"2020-08-18T14:01:40+00:00\",\"description\":\"En la \u00faltima parada de su viaje vacacional por las islas, do\u00f1a Letizia nos ha dejado un nuevo look firmado por una de las grandes marcas de la moda ibicenca: Charo Ruiz.\",\"breadcrumb\":{\"@id\":\"https:\/\/graziamagazine.com\/es\/articles\/la-reina-letizia-estrena-estilo-adlib-y-marca-espanola-en-su-visita-a-ibiza\/#breadcrumb\"},\"inLanguage\":\"es\",\"potentialAction\":[{\"@type\":\"ReadAction\",\"target\":[\"https:\/\/graziamagazine.com\/es\/articles\/la-reina-letizia-estrena-estilo-adlib-y-marca-espanola-en-su-visita-a-ibiza\/\"]}]},{\"@type\":\"BreadcrumbList\",\"@id\":\"https:\/\/graziamagazine.com\/es\/articles\/la-reina-letizia-estrena-estilo-adlib-y-marca-espanola-en-su-visita-a-ibiza\/#breadcrumb\",\"itemListElement\":[{\"@type\":\"ListItem\",\"position\":1,\"name\":\"Portada\",\"item\":\"https:\/\/graziamagazine.com\/es\/\"},{\"@type\":\"ListItem\",\"position\":2,\"name\":\"La reina Letizia estrena estilo (adlib) y marca (espa\u00f1ola) en su visita a Ibiza\"}]},{\"@type\":\"WebSite\",\"@id\":\"https:\/\/graziamagazine.com\/es\/#website\",\"url\":\"https:\/\/graziamagazine.com\/es\/\",\"name\":\"Grazia\",\"description\":\"Moda, belleza, celebrities, estilo de vida...\",\"potentialAction\":[{\"@type\":\"SearchAction\",\"target\":{\"@type\":\"EntryPoint\",\"urlTemplate\":\"https:\/\/graziamagazine.com\/es\/?s={search_term_string}\"},\"query-input\":\"required name=search_term_string\"}],\"inLanguage\":\"es\"}]}<\/script>\n<!-- \/ Yoast SEO Premium plugin. -->","yoast_head_json":{"title":"La reina Letizia estrena estilo (adlib) y marca (espa\u00f1ola) en su visita a Ibiza | Grazia","description":"En la \u00faltima parada de su viaje vacacional por las islas, do\u00f1a Letizia nos ha dejado un nuevo look firmado por una de las grandes marcas de la moda ibicenca: Charo Ruiz.","robots":{"index":"index","follow":"follow","max-snippet":"max-snippet:-1","max-image-preview":"max-image-preview:large","max-video-preview":"max-video-preview:-1"},"canonical":"https:\/\/graziamagazine.com\/es\/articles\/la-reina-letizia-estrena-estilo-adlib-y-marca-espanola-en-su-visita-a-ibiza\/","og_locale":"es_ES","og_type":"article","og_title":"La reina Letizia estrena estilo (adlib) y marca (espa\u00f1ola) en su visita a Ibiza","og_description":"En la \u00faltima parada de su viaje vacacional por las islas, do\u00f1a Letizia nos ha dejado un nuevo look firmado por una de las grandes marcas de la moda ibicenca: Charo Ruiz.","og_url":"https:\/\/graziamagazine.com\/es\/articles\/la-reina-letizia-estrena-estilo-adlib-y-marca-espanola-en-su-visita-a-ibiza\/","og_site_name":"Grazia","article_modified_time":"2020-08-18T14:01:40+00:00","og_image":[{"width":2048,"height":1364,"url":"https:\/\/graziamagazine.com\/es\/wp-content\/uploads\/sites\/12\/2020\/08\/EfopTSwXgAIpDBA.jpeg?fit=2048%2C1364","type":"image\/jpeg"}],"twitter_card":"summary_large_image","twitter_misc":{"Est. reading time":"2 minutos"},"schema":{"@context":"https:\/\/schema.org","@graph":[{"@type":"WebPage","@id":"https:\/\/graziamagazine.com\/es\/articles\/la-reina-letizia-estrena-estilo-adlib-y-marca-espanola-en-su-visita-a-ibiza\/","url":"https:\/\/graziamagazine.com\/es\/articles\/la-reina-letizia-estrena-estilo-adlib-y-marca-espanola-en-su-visita-a-ibiza\/","name":"La reina Letizia estrena estilo (adlib) y marca (espa\u00f1ola) en su visita a Ibiza | Grazia","isPartOf":{"@id":"https:\/\/graziamagazine.com\/es\/#website"},"datePublished":"2020-08-17T13:58:53+00:00","dateModified":"2020-08-18T14:01:40+00:00","description":"En la \u00faltima parada de su viaje vacacional por las islas, do\u00f1a Letizia nos ha dejado un nuevo look firmado por una de las grandes marcas de la moda ibicenca: Charo Ruiz.","breadcrumb":{"@id":"https:\/\/graziamagazine.com\/es\/articles\/la-reina-letizia-estrena-estilo-adlib-y-marca-espanola-en-su-visita-a-ibiza\/#breadcrumb"},"inLanguage":"es","potentialAction":[{"@type":"ReadAction","target":["https:\/\/graziamagazine.com\/es\/articles\/la-reina-letizia-estrena-estilo-adlib-y-marca-espanola-en-su-visita-a-ibiza\/"]}]},{"@type":"BreadcrumbList","@id":"https:\/\/graziamagazine.com\/es\/articles\/la-reina-letizia-estrena-estilo-adlib-y-marca-espanola-en-su-visita-a-ibiza\/#breadcrumb","itemListElement":[{"@type":"ListItem","position":1,"name":"Portada","item":"https:\/\/graziamagazine.com\/es\/"},{"@type":"ListItem","position":2,"name":"La reina Letizia estrena estilo (adlib) y marca (espa\u00f1ola) en su visita a Ibiza"}]},{"@type":"WebSite","@id":"https:\/\/graziamagazine.com\/es\/#website","url":"https:\/\/graziamagazine.com\/es\/","name":"Grazia","description":"Moda, belleza, celebrities, estilo de vida...","potentialAction":[{"@type":"SearchAction","target":{"@type":"EntryPoint","urlTemplate":"https:\/\/graziamagazine.com\/es\/?s={search_term_string}"},"query-input":"required name=search_term_string"}],"inLanguage":"es"}]}},"jetpack_sharing_enabled":true,"distributor_meta":false,"distributor_terms":false,"distributor_media":false,"distributor_original_site_name":"Grazia","distributor_original_site_url":"https:\/\/graziamagazine.com\/es","push-errors":false,"_links":{"self":[{"href":"https:\/\/graziamagazine.com\/es\/wp-json\/wp\/v2\/articles\/155069"}],"collection":[{"href":"https:\/\/graziamagazine.com\/es\/wp-json\/wp\/v2\/articles"}],"about":[{"href":"https:\/\/graziamagazine.com\/es\/wp-json\/wp\/v2\/types\/articles"}],"author":[{"embeddable":true,"href":"https:\/\/graziamagazine.com\/es\/wp-json\/wp\/v2\/users\/11653"}],"wp:featuredmedia":[{"embeddable":true,"href":"https:\/\/graziamagazine.com\/es\/wp-json\/wp\/v2\/media\/155070"}],"wp:attachment":[{"href":"https:\/\/graziamagazine.com\/es\/wp-json\/wp\/v2\/media?parent=155069"}],"wp:term":[{"taxonomy":"category","embeddable":true,"href":"https:\/\/graziamagazine.com\/es\/wp-json\/wp\/v2\/categories?post=155069"}],"curies":[{"name":"wp","href":"https:\/\/api.w.org\/{rel}","templated":true}]}}