{"id":155042,"date":"2020-08-13T17:49:26","date_gmt":"2020-08-13T15:49:26","guid":{"rendered":"https:\/\/graziamagazine.com\/es\/?post_type=articles&#038;p=155042"},"modified":"2020-08-13T17:49:26","modified_gmt":"2020-08-13T15:49:26","slug":"vas-a-convertirte-en-la-mujer-de-rojo-con-la-nueva-coleccion-de-zara","status":"publish","type":"articles","link":"https:\/\/graziamagazine.com\/es\/articles\/vas-a-convertirte-en-la-mujer-de-rojo-con-la-nueva-coleccion-de-zara\/","title":{"rendered":"Vas a convertirte en la mujer de rojo con la nueva colecci\u00f3n de Zara"},"content":{"rendered":"<p>El verano sigue su curso, y aunque lo estemos disfrutando y luciendo nuestras mejores galas, no podemos dejar de tener un ojo puesto en las novedades que las firmas van presentando. Eso justamente es lo que nos ha pasado al darnos una vuelta (una vez m\u00e1s hemos sucumbido, lo confesamos) por la web de Zara y no hemos podido caer en la tentaci\u00f3n de un color que es el favorito, entre otras, de la reina Letizia.<\/p>\n<p>Efectivamente estamos hablando del rojo, quiz\u00e1 el color m\u00e1s intenso y con m\u00e1s fuerza de todos, y el que m\u00e1s pasi\u00f3n transmite tambi\u00e9n. Ya sabemos que entrar en la web de Zara es salir con algo, porque nunca defrauda lo que all\u00ed vamos a encotrar. En esta ocasi\u00f3n el rojo se convierte en protagonistas de un gran n\u00famero de prendas que van a poner la nota de color a nuestro armario estival, y oto\u00f1al.<\/p>\n<p>Si eres de las que nunca puede dejar el labial rojo, esta colecci\u00f3n es totalmente tuya. Y estas son nuestras prendas favoritas. \u00bfQu\u00e9 opinas?<\/p>\n<h3>Total look<\/h3>\n<p>&nbsp;<\/p>\n<p>M\u00e1s es m\u00e1s con este conjunto satinado de blazer cruzado (49,95 euros) y bermuda (29,95 euros), muy al estilo Julia Roberts en &#8216;<em>Pretty woman<\/em>&#8216;.<\/p>\n<p><img loading=\"lazy\" decoding=\"async\" class=\"aligncenter size-full wp-image-155783\" src=\"https:\/\/www.grazia.es\/wp-content\/uploads\/2020\/08\/8153799600_2_1_1-1.jpg\" alt=\"Vas a convertirte en la mujer de rojo con la nueva colecci\u00f3n de Zara\" width=\"850\" height=\"1275\" \/><\/p>\n<h3>Vestido mini<\/h3>\n<p>Confeccionado en mezcla de lino, destacan un lazito en el escote y la espalda cruzada. Su precio es de 25,95 euros.<\/p>\n<p><img loading=\"lazy\" decoding=\"async\" class=\"aligncenter size-full wp-image-155784\" src=\"https:\/\/www.grazia.es\/wp-content\/uploads\/2020\/08\/8029743600_1_1_1.jpg\" alt=\"Vas a convertirte en la mujer de rojo con la nueva colecci\u00f3n de Zara\" width=\"850\" height=\"1275\" \/><\/p>\n<h3>Falda midi<\/h3>\n<p>De tiro alto, las lentejuelas le dan un toque sofisticado para cualquier momento. Su precio es de 39,95 euros.<\/p>\n<p><img loading=\"lazy\" decoding=\"async\" class=\"aligncenter size-full wp-image-155785\" src=\"https:\/\/www.grazia.es\/wp-content\/uploads\/2020\/08\/0097223600_2_1_1.jpg\" alt=\"Vas a convertirte en la mujer de rojo con la nueva colecci\u00f3n de Zara\" width=\"850\" height=\"1275\" \/><\/p>\n<h3>Estilo lencero<\/h3>\n<p>Satinado, con escote pico y tirantes finos cruzados en la espalda. Su precio es de 29,95 euros.<\/p>\n<p><img loading=\"lazy\" decoding=\"async\" class=\"aligncenter size-full wp-image-155786\" src=\"https:\/\/www.grazia.es\/wp-content\/uploads\/2020\/08\/1165157600_1_1_1-1.jpg\" alt=\"Vas a convertirte en la mujer de rojo con la nueva colecci\u00f3n de Zara\" width=\"850\" height=\"1275\" \/><\/p>\n<h3>Volantes<\/h3>\n<p>Este cuerpo cropped nos encanta por las mangas de volantes que lleva. Su precio es de 25,95 euros.<\/p>\n<p><img loading=\"lazy\" decoding=\"async\" class=\"aligncenter size-full wp-image-155788\" src=\"https:\/\/www.grazia.es\/wp-content\/uploads\/2020\/08\/3666163600_2_1_1.jpg\" alt=\"Vas a convertirte en la mujer de rojo con la nueva colecci\u00f3n de Zara-1\" width=\"850\" height=\"1275\" \/><\/p>\n<header><\/header>\n<div class=\"product-info-wrapper _product-info\"><\/div>\n<header><\/header>\n<div class=\"product-info-wrapper _product-info\"><\/div>\n<header><\/header>\n<div class=\"product-info-wrapper _product-info\"><\/div>\n","protected":false},"author":11653,"featured_media":155043,"template":"","format":"standard","categories":[2451],"acf":[],"yoast_head":"<!-- This site is optimized with the Yoast SEO Premium plugin v18.5 (Yoast SEO v20.4) - https:\/\/yoast.com\/wordpress\/plugins\/seo\/ -->\n<title>Vas a convertirte en la mujer de rojo con la nueva colecci\u00f3n de Zara | Grazia<\/title>\n<meta name=\"description\" content=\"El color con m\u00e1s fuerza y pasi\u00f3n de la paleta crom\u00e1tica inunda la nueva colecci\u00f3n del Zara y estas son nuestras prendas favoritas.\" \/>\n<meta name=\"robots\" content=\"index, follow, max-snippet:-1, max-image-preview:large, max-video-preview:-1\" \/>\n<link rel=\"canonical\" href=\"https:\/\/graziamagazine.com\/es\/articles\/vas-a-convertirte-en-la-mujer-de-rojo-con-la-nueva-coleccion-de-zara\/\" \/>\n<meta property=\"og:locale\" content=\"es_ES\" \/>\n<meta property=\"og:type\" content=\"article\" \/>\n<meta property=\"og:title\" content=\"Vas a convertirte en la mujer de rojo con la nueva colecci\u00f3n de Zara\" \/>\n<meta property=\"og:description\" content=\"El color con m\u00e1s fuerza y pasi\u00f3n de la paleta crom\u00e1tica inunda la nueva colecci\u00f3n del Zara y estas son nuestras prendas favoritas.\" \/>\n<meta property=\"og:url\" content=\"https:\/\/graziamagazine.com\/es\/articles\/vas-a-convertirte-en-la-mujer-de-rojo-con-la-nueva-coleccion-de-zara\/\" \/>\n<meta property=\"og:site_name\" content=\"Grazia\" \/>\n<meta property=\"og:image\" content=\"https:\/\/graziamagazine.com\/es\/wp-content\/uploads\/sites\/12\/2020\/08\/Captura-de-pantalla-2020-08-12-a-las-21.24.29.png?fit=1217%2C670\" \/>\n\t<meta property=\"og:image:width\" content=\"1217\" \/>\n\t<meta property=\"og:image:height\" content=\"670\" \/>\n\t<meta property=\"og:image:type\" content=\"image\/png\" \/>\n<meta name=\"twitter:card\" content=\"summary_large_image\" \/>\n<meta name=\"twitter:label1\" content=\"Est. reading time\" \/>\n\t<meta name=\"twitter:data1\" content=\"1 minuto\" \/>\n<script type=\"application\/ld+json\" class=\"yoast-schema-graph\">{\"@context\":\"https:\/\/schema.org\",\"@graph\":[{\"@type\":\"WebPage\",\"@id\":\"https:\/\/graziamagazine.com\/es\/articles\/vas-a-convertirte-en-la-mujer-de-rojo-con-la-nueva-coleccion-de-zara\/\",\"url\":\"https:\/\/graziamagazine.com\/es\/articles\/vas-a-convertirte-en-la-mujer-de-rojo-con-la-nueva-coleccion-de-zara\/\",\"name\":\"Vas a convertirte en la mujer de rojo con la nueva colecci\u00f3n de Zara | Grazia\",\"isPartOf\":{\"@id\":\"https:\/\/graziamagazine.com\/es\/#website\"},\"datePublished\":\"2020-08-13T15:49:26+00:00\",\"dateModified\":\"2020-08-13T15:49:26+00:00\",\"description\":\"El color con m\u00e1s fuerza y pasi\u00f3n de la paleta crom\u00e1tica inunda la nueva colecci\u00f3n del Zara y estas son nuestras prendas favoritas.\",\"breadcrumb\":{\"@id\":\"https:\/\/graziamagazine.com\/es\/articles\/vas-a-convertirte-en-la-mujer-de-rojo-con-la-nueva-coleccion-de-zara\/#breadcrumb\"},\"inLanguage\":\"es\",\"potentialAction\":[{\"@type\":\"ReadAction\",\"target\":[\"https:\/\/graziamagazine.com\/es\/articles\/vas-a-convertirte-en-la-mujer-de-rojo-con-la-nueva-coleccion-de-zara\/\"]}]},{\"@type\":\"BreadcrumbList\",\"@id\":\"https:\/\/graziamagazine.com\/es\/articles\/vas-a-convertirte-en-la-mujer-de-rojo-con-la-nueva-coleccion-de-zara\/#breadcrumb\",\"itemListElement\":[{\"@type\":\"ListItem\",\"position\":1,\"name\":\"Portada\",\"item\":\"https:\/\/graziamagazine.com\/es\/\"},{\"@type\":\"ListItem\",\"position\":2,\"name\":\"Vas a convertirte en la mujer de rojo con la nueva colecci\u00f3n de Zara\"}]},{\"@type\":\"WebSite\",\"@id\":\"https:\/\/graziamagazine.com\/es\/#website\",\"url\":\"https:\/\/graziamagazine.com\/es\/\",\"name\":\"Grazia\",\"description\":\"Moda, belleza, celebrities, estilo de vida...\",\"potentialAction\":[{\"@type\":\"SearchAction\",\"target\":{\"@type\":\"EntryPoint\",\"urlTemplate\":\"https:\/\/graziamagazine.com\/es\/?s={search_term_string}\"},\"query-input\":\"required name=search_term_string\"}],\"inLanguage\":\"es\"}]}<\/script>\n<!-- \/ Yoast SEO Premium plugin. -->","yoast_head_json":{"title":"Vas a convertirte en la mujer de rojo con la nueva colecci\u00f3n de Zara | Grazia","description":"El color con m\u00e1s fuerza y pasi\u00f3n de la paleta crom\u00e1tica inunda la nueva colecci\u00f3n del Zara y estas son nuestras prendas favoritas.","robots":{"index":"index","follow":"follow","max-snippet":"max-snippet:-1","max-image-preview":"max-image-preview:large","max-video-preview":"max-video-preview:-1"},"canonical":"https:\/\/graziamagazine.com\/es\/articles\/vas-a-convertirte-en-la-mujer-de-rojo-con-la-nueva-coleccion-de-zara\/","og_locale":"es_ES","og_type":"article","og_title":"Vas a convertirte en la mujer de rojo con la nueva colecci\u00f3n de Zara","og_description":"El color con m\u00e1s fuerza y pasi\u00f3n de la paleta crom\u00e1tica inunda la nueva colecci\u00f3n del Zara y estas son nuestras prendas favoritas.","og_url":"https:\/\/graziamagazine.com\/es\/articles\/vas-a-convertirte-en-la-mujer-de-rojo-con-la-nueva-coleccion-de-zara\/","og_site_name":"Grazia","og_image":[{"width":1217,"height":670,"url":"https:\/\/graziamagazine.com\/es\/wp-content\/uploads\/sites\/12\/2020\/08\/Captura-de-pantalla-2020-08-12-a-las-21.24.29.png?fit=1217%2C670","type":"image\/png"}],"twitter_card":"summary_large_image","twitter_misc":{"Est. reading time":"1 minuto"},"schema":{"@context":"https:\/\/schema.org","@graph":[{"@type":"WebPage","@id":"https:\/\/graziamagazine.com\/es\/articles\/vas-a-convertirte-en-la-mujer-de-rojo-con-la-nueva-coleccion-de-zara\/","url":"https:\/\/graziamagazine.com\/es\/articles\/vas-a-convertirte-en-la-mujer-de-rojo-con-la-nueva-coleccion-de-zara\/","name":"Vas a convertirte en la mujer de rojo con la nueva colecci\u00f3n de Zara | Grazia","isPartOf":{"@id":"https:\/\/graziamagazine.com\/es\/#website"},"datePublished":"2020-08-13T15:49:26+00:00","dateModified":"2020-08-13T15:49:26+00:00","description":"El color con m\u00e1s fuerza y pasi\u00f3n de la paleta crom\u00e1tica inunda la nueva colecci\u00f3n del Zara y estas son nuestras prendas favoritas.","breadcrumb":{"@id":"https:\/\/graziamagazine.com\/es\/articles\/vas-a-convertirte-en-la-mujer-de-rojo-con-la-nueva-coleccion-de-zara\/#breadcrumb"},"inLanguage":"es","potentialAction":[{"@type":"ReadAction","target":["https:\/\/graziamagazine.com\/es\/articles\/vas-a-convertirte-en-la-mujer-de-rojo-con-la-nueva-coleccion-de-zara\/"]}]},{"@type":"BreadcrumbList","@id":"https:\/\/graziamagazine.com\/es\/articles\/vas-a-convertirte-en-la-mujer-de-rojo-con-la-nueva-coleccion-de-zara\/#breadcrumb","itemListElement":[{"@type":"ListItem","position":1,"name":"Portada","item":"https:\/\/graziamagazine.com\/es\/"},{"@type":"ListItem","position":2,"name":"Vas a convertirte en la mujer de rojo con la nueva colecci\u00f3n de Zara"}]},{"@type":"WebSite","@id":"https:\/\/graziamagazine.com\/es\/#website","url":"https:\/\/graziamagazine.com\/es\/","name":"Grazia","description":"Moda, belleza, celebrities, estilo de vida...","potentialAction":[{"@type":"SearchAction","target":{"@type":"EntryPoint","urlTemplate":"https:\/\/graziamagazine.com\/es\/?s={search_term_string}"},"query-input":"required name=search_term_string"}],"inLanguage":"es"}]}},"jetpack_sharing_enabled":true,"distributor_meta":false,"distributor_terms":false,"distributor_media":false,"distributor_original_site_name":"Grazia","distributor_original_site_url":"https:\/\/graziamagazine.com\/es","push-errors":false,"_links":{"self":[{"href":"https:\/\/graziamagazine.com\/es\/wp-json\/wp\/v2\/articles\/155042"}],"collection":[{"href":"https:\/\/graziamagazine.com\/es\/wp-json\/wp\/v2\/articles"}],"about":[{"href":"https:\/\/graziamagazine.com\/es\/wp-json\/wp\/v2\/types\/articles"}],"author":[{"embeddable":true,"href":"https:\/\/graziamagazine.com\/es\/wp-json\/wp\/v2\/users\/11653"}],"wp:featuredmedia":[{"embeddable":true,"href":"https:\/\/graziamagazine.com\/es\/wp-json\/wp\/v2\/media\/155043"}],"wp:attachment":[{"href":"https:\/\/graziamagazine.com\/es\/wp-json\/wp\/v2\/media?parent=155042"}],"wp:term":[{"taxonomy":"category","embeddable":true,"href":"https:\/\/graziamagazine.com\/es\/wp-json\/wp\/v2\/categories?post=155042"}],"curies":[{"name":"wp","href":"https:\/\/api.w.org\/{rel}","templated":true}]}}