{"id":154972,"date":"2020-07-30T16:47:16","date_gmt":"2020-07-30T14:47:16","guid":{"rendered":"https:\/\/graziamagazine.com\/es\/?post_type=articles&#038;p=154972"},"modified":"2020-07-30T16:47:16","modified_gmt":"2020-07-30T14:47:16","slug":"la-reina-letizia-termina-su-gira-por-espana-con-un-nuevo-estreno-made-in-spain","status":"publish","type":"articles","link":"https:\/\/graziamagazine.com\/es\/articles\/la-reina-letizia-termina-su-gira-por-espana-con-un-nuevo-estreno-made-in-spain\/","title":{"rendered":"La reina Letizia termina su gira por Espa\u00f1a con un nuevo estreno made in Spain"},"content":{"rendered":"<p>Como estaba previsto en la agenda, hoy termina la gira de los Reyes por la geograf\u00eda espa\u00f1ola, un periplo que comenz\u00f3 el 23 de junio y que ha tenido como objetivo en todo momento reforzar al sector tur\u00edstico y conocer de primera mano c\u00f3mo la crisis sanitaria ha afectado a diversos sector c\u00f3mo el agr\u00edcola o el ganadero, por ejemplo.<\/p>\n<p>Hoy <strong>en su \u00faltima parada han recalado en una tierra que est\u00e1 \u00edntimamente ligada a la Familia Real, Asturias<\/strong>, donde la reina Letizia naci\u00f3 y de la que su hija Leonor ostenta el t\u00edtulo de Princesa. Se hab\u00eda barajado la posibilidad de que asistieran acompa\u00f1ado de sus hijas, pero finalmente no ha sido as\u00ed. All\u00ed han visitado en primer lugar el Centro de Tratamiento de Residuos de Cogersa, y despu\u00e9s han paseado y posado en uno de los emblemas de la Comunidad Aut\u00f3noma, <strong>la famosa escultura de Chillida &#8216;El elogio del horizonte&#8217;,<\/strong> donde nos han regalado im\u00e1genes muy bonitas, y han recorrido la exposici\u00f3n que conmemora los 30 a\u00f1os de este emblema.<\/p>\n<p><img loading=\"lazy\" decoding=\"async\" class=\"aligncenter size-full wp-image-155581\" src=\"https:\/\/www.grazia.es\/wp-content\/uploads\/2020\/07\/EeLcQNWWAAIcaf_.jpeg\" alt=\"La reina Letizia termina su gira por Espa\u00f1a con un nuevo estreno made in Spain\" width=\"1672\" height=\"1112\" \/><\/p>\n<p>Y centr\u00e1ndonos ya en el look de la Reina, do\u00f1a Letizia ha elegido para esta \u00faltima parada<strong>\u00a0un vestido de estreno de Massimo Dutti.\u00a0<\/strong>Se trata de un dise\u00f1o con estampado animal print con fondo negro y manchas beis, de manga corta, con escote l\u00e1grima y largo midi. Una prenda que pertenece a la colecci\u00f3n oto\u00f1o invierno de 2019 de la firma de Inditex y cuyo precio era de 99,95 euros.<\/p>\n<p>Do\u00f1a Letizia ha vuelto a <strong>apostar por la l\u00ednea que ha mantenido en toda la gira: vestido + alpargatas + coleta alta + ausencia de complementos<\/strong>. Hoy no ha sido diferente, y aunque quiz\u00e1 se esperaba u, por lo que representa Asturias para ella, peor no ha sido as\u00ed, ha seguido elegido el mismo estilo, aunque con la novedad de un nuevo estreno.\u00a0De nuevo ha sido un vestido low cost el elegido, concretamente de Massimo Dutti, en manga corta, escote cerrado con lazo y falda evas\u00e9, muy su estilo. No lo vas a encontrar ya en tiendas, por mucho que te guste, porque pertenece a la colecci\u00f3n oto\u00f1o-invierno 2019 y costaba 99,95 euros.<\/p>\n<p><img loading=\"lazy\" decoding=\"async\" class=\"aligncenter size-full wp-image-155580\" src=\"https:\/\/www.grazia.es\/wp-content\/uploads\/2020\/07\/1366_2000-21.jpeg\" alt=\"La reina Letizia termina su gira por Espa\u00f1a con un nuevo estreno made in Spain\" width=\"1366\" height=\"2049\" \/><\/p>\n<p>De nuevo alpargatas, un para que hemos visto de manera continua, el modelo Sardinia en color crudo, de la firma espa\u00f1ola Min &amp; Rose. Y de nuevo, pendiente de aro dorados discretos y anillo inseparable de Karen Hallam.<\/p>\n<p>Suponemos que la pr\u00f3xima vez que lo veamos ya ser\u00e1 en Mallorca en sus tradicionales vacaciones estivales como cada a\u00f1o.<\/p>\n<p><em>*Im\u00e1genes: Casa Real y Getty Images<\/em><\/p>\n<p>&nbsp;<\/p>\n<p>&nbsp;<\/p>\n<p>&nbsp;<\/p>\n<p>&nbsp;<\/p>\n<h2 class=\"news-header-opening-txt\"><\/h2>\n","protected":false},"author":11653,"featured_media":154973,"template":"","format":"standard","categories":[2147],"acf":[],"yoast_head":"<!-- This site is optimized with the Yoast SEO Premium plugin v18.5 (Yoast SEO v20.4) - https:\/\/yoast.com\/wordpress\/plugins\/seo\/ -->\n<title>La reina Letizia termina su gira por Espa\u00f1a con un nuevo estreno made in Spain | Grazia<\/title>\n<meta name=\"description\" content=\"Para visitar su tierra, Asturias, y como \u00faltima parada de esta gira ha estrenado un ideal vestido de Massimo Dutti negro con estampado de manchas en blanco.\" \/>\n<meta name=\"robots\" content=\"index, follow, max-snippet:-1, max-image-preview:large, max-video-preview:-1\" \/>\n<link rel=\"canonical\" href=\"https:\/\/graziamagazine.com\/es\/articles\/la-reina-letizia-termina-su-gira-por-espana-con-un-nuevo-estreno-made-in-spain\/\" \/>\n<meta property=\"og:locale\" content=\"es_ES\" \/>\n<meta property=\"og:type\" content=\"article\" \/>\n<meta property=\"og:title\" content=\"La reina Letizia termina su gira por Espa\u00f1a con un nuevo estreno made in Spain\" \/>\n<meta property=\"og:description\" content=\"Para visitar su tierra, Asturias, y como \u00faltima parada de esta gira ha estrenado un ideal vestido de Massimo Dutti negro con estampado de manchas en blanco.\" \/>\n<meta property=\"og:url\" content=\"https:\/\/graziamagazine.com\/es\/articles\/la-reina-letizia-termina-su-gira-por-espana-con-un-nuevo-estreno-made-in-spain\/\" \/>\n<meta property=\"og:site_name\" content=\"Grazia\" \/>\n<meta property=\"og:image\" content=\"https:\/\/graziamagazine.com\/es\/wp-content\/uploads\/sites\/12\/2020\/07\/EeLdHbMXkAIuP6D.jpeg?fit=2048%2C1364\" \/>\n\t<meta property=\"og:image:width\" content=\"2048\" \/>\n\t<meta property=\"og:image:height\" content=\"1364\" \/>\n\t<meta property=\"og:image:type\" content=\"image\/jpeg\" \/>\n<meta name=\"twitter:card\" content=\"summary_large_image\" \/>\n<meta name=\"twitter:label1\" content=\"Est. reading time\" \/>\n\t<meta name=\"twitter:data1\" content=\"2 minutos\" \/>\n<script type=\"application\/ld+json\" class=\"yoast-schema-graph\">{\"@context\":\"https:\/\/schema.org\",\"@graph\":[{\"@type\":\"WebPage\",\"@id\":\"https:\/\/graziamagazine.com\/es\/articles\/la-reina-letizia-termina-su-gira-por-espana-con-un-nuevo-estreno-made-in-spain\/\",\"url\":\"https:\/\/graziamagazine.com\/es\/articles\/la-reina-letizia-termina-su-gira-por-espana-con-un-nuevo-estreno-made-in-spain\/\",\"name\":\"La reina Letizia termina su gira por Espa\u00f1a con un nuevo estreno made in Spain | Grazia\",\"isPartOf\":{\"@id\":\"https:\/\/graziamagazine.com\/es\/#website\"},\"datePublished\":\"2020-07-30T14:47:16+00:00\",\"dateModified\":\"2020-07-30T14:47:16+00:00\",\"description\":\"Para visitar su tierra, Asturias, y como \u00faltima parada de esta gira ha estrenado un ideal vestido de Massimo Dutti negro con estampado de manchas en blanco.\",\"breadcrumb\":{\"@id\":\"https:\/\/graziamagazine.com\/es\/articles\/la-reina-letizia-termina-su-gira-por-espana-con-un-nuevo-estreno-made-in-spain\/#breadcrumb\"},\"inLanguage\":\"es\",\"potentialAction\":[{\"@type\":\"ReadAction\",\"target\":[\"https:\/\/graziamagazine.com\/es\/articles\/la-reina-letizia-termina-su-gira-por-espana-con-un-nuevo-estreno-made-in-spain\/\"]}]},{\"@type\":\"BreadcrumbList\",\"@id\":\"https:\/\/graziamagazine.com\/es\/articles\/la-reina-letizia-termina-su-gira-por-espana-con-un-nuevo-estreno-made-in-spain\/#breadcrumb\",\"itemListElement\":[{\"@type\":\"ListItem\",\"position\":1,\"name\":\"Portada\",\"item\":\"https:\/\/graziamagazine.com\/es\/\"},{\"@type\":\"ListItem\",\"position\":2,\"name\":\"La reina Letizia termina su gira por Espa\u00f1a con un nuevo estreno made in Spain\"}]},{\"@type\":\"WebSite\",\"@id\":\"https:\/\/graziamagazine.com\/es\/#website\",\"url\":\"https:\/\/graziamagazine.com\/es\/\",\"name\":\"Grazia\",\"description\":\"Moda, belleza, celebrities, estilo de vida...\",\"potentialAction\":[{\"@type\":\"SearchAction\",\"target\":{\"@type\":\"EntryPoint\",\"urlTemplate\":\"https:\/\/graziamagazine.com\/es\/?s={search_term_string}\"},\"query-input\":\"required name=search_term_string\"}],\"inLanguage\":\"es\"}]}<\/script>\n<!-- \/ Yoast SEO Premium plugin. -->","yoast_head_json":{"title":"La reina Letizia termina su gira por Espa\u00f1a con un nuevo estreno made in Spain | Grazia","description":"Para visitar su tierra, Asturias, y como \u00faltima parada de esta gira ha estrenado un ideal vestido de Massimo Dutti negro con estampado de manchas en blanco.","robots":{"index":"index","follow":"follow","max-snippet":"max-snippet:-1","max-image-preview":"max-image-preview:large","max-video-preview":"max-video-preview:-1"},"canonical":"https:\/\/graziamagazine.com\/es\/articles\/la-reina-letizia-termina-su-gira-por-espana-con-un-nuevo-estreno-made-in-spain\/","og_locale":"es_ES","og_type":"article","og_title":"La reina Letizia termina su gira por Espa\u00f1a con un nuevo estreno made in Spain","og_description":"Para visitar su tierra, Asturias, y como \u00faltima parada de esta gira ha estrenado un ideal vestido de Massimo Dutti negro con estampado de manchas en blanco.","og_url":"https:\/\/graziamagazine.com\/es\/articles\/la-reina-letizia-termina-su-gira-por-espana-con-un-nuevo-estreno-made-in-spain\/","og_site_name":"Grazia","og_image":[{"width":2048,"height":1364,"url":"https:\/\/graziamagazine.com\/es\/wp-content\/uploads\/sites\/12\/2020\/07\/EeLdHbMXkAIuP6D.jpeg?fit=2048%2C1364","type":"image\/jpeg"}],"twitter_card":"summary_large_image","twitter_misc":{"Est. reading time":"2 minutos"},"schema":{"@context":"https:\/\/schema.org","@graph":[{"@type":"WebPage","@id":"https:\/\/graziamagazine.com\/es\/articles\/la-reina-letizia-termina-su-gira-por-espana-con-un-nuevo-estreno-made-in-spain\/","url":"https:\/\/graziamagazine.com\/es\/articles\/la-reina-letizia-termina-su-gira-por-espana-con-un-nuevo-estreno-made-in-spain\/","name":"La reina Letizia termina su gira por Espa\u00f1a con un nuevo estreno made in Spain | Grazia","isPartOf":{"@id":"https:\/\/graziamagazine.com\/es\/#website"},"datePublished":"2020-07-30T14:47:16+00:00","dateModified":"2020-07-30T14:47:16+00:00","description":"Para visitar su tierra, Asturias, y como \u00faltima parada de esta gira ha estrenado un ideal vestido de Massimo Dutti negro con estampado de manchas en blanco.","breadcrumb":{"@id":"https:\/\/graziamagazine.com\/es\/articles\/la-reina-letizia-termina-su-gira-por-espana-con-un-nuevo-estreno-made-in-spain\/#breadcrumb"},"inLanguage":"es","potentialAction":[{"@type":"ReadAction","target":["https:\/\/graziamagazine.com\/es\/articles\/la-reina-letizia-termina-su-gira-por-espana-con-un-nuevo-estreno-made-in-spain\/"]}]},{"@type":"BreadcrumbList","@id":"https:\/\/graziamagazine.com\/es\/articles\/la-reina-letizia-termina-su-gira-por-espana-con-un-nuevo-estreno-made-in-spain\/#breadcrumb","itemListElement":[{"@type":"ListItem","position":1,"name":"Portada","item":"https:\/\/graziamagazine.com\/es\/"},{"@type":"ListItem","position":2,"name":"La reina Letizia termina su gira por Espa\u00f1a con un nuevo estreno made in Spain"}]},{"@type":"WebSite","@id":"https:\/\/graziamagazine.com\/es\/#website","url":"https:\/\/graziamagazine.com\/es\/","name":"Grazia","description":"Moda, belleza, celebrities, estilo de vida...","potentialAction":[{"@type":"SearchAction","target":{"@type":"EntryPoint","urlTemplate":"https:\/\/graziamagazine.com\/es\/?s={search_term_string}"},"query-input":"required name=search_term_string"}],"inLanguage":"es"}]}},"jetpack_sharing_enabled":true,"distributor_meta":false,"distributor_terms":false,"distributor_media":false,"distributor_original_site_name":"Grazia","distributor_original_site_url":"https:\/\/graziamagazine.com\/es","push-errors":false,"_links":{"self":[{"href":"https:\/\/graziamagazine.com\/es\/wp-json\/wp\/v2\/articles\/154972"}],"collection":[{"href":"https:\/\/graziamagazine.com\/es\/wp-json\/wp\/v2\/articles"}],"about":[{"href":"https:\/\/graziamagazine.com\/es\/wp-json\/wp\/v2\/types\/articles"}],"author":[{"embeddable":true,"href":"https:\/\/graziamagazine.com\/es\/wp-json\/wp\/v2\/users\/11653"}],"wp:featuredmedia":[{"embeddable":true,"href":"https:\/\/graziamagazine.com\/es\/wp-json\/wp\/v2\/media\/154973"}],"wp:attachment":[{"href":"https:\/\/graziamagazine.com\/es\/wp-json\/wp\/v2\/media?parent=154972"}],"wp:term":[{"taxonomy":"category","embeddable":true,"href":"https:\/\/graziamagazine.com\/es\/wp-json\/wp\/v2\/categories?post=154972"}],"curies":[{"name":"wp","href":"https:\/\/api.w.org\/{rel}","templated":true}]}}