{"id":154970,"date":"2020-07-30T15:40:49","date_gmt":"2020-07-30T13:40:49","guid":{"rendered":"https:\/\/graziamagazine.com\/es\/?post_type=articles&#038;p=154970"},"modified":"2020-07-30T16:43:15","modified_gmt":"2020-07-30T14:43:15","slug":"asi-fue-en-resumen-la-primera-semana-virtual-de-la-moda","status":"publish","type":"articles","link":"https:\/\/graziamagazine.com\/es\/articles\/asi-fue-en-resumen-la-primera-semana-virtual-de-la-moda\/","title":{"rendered":"As\u00ed fue (en resumen) la primera Semana Virtual de la Moda"},"content":{"rendered":"<p>Durante las ultimas dos semanas, el mundo de la moda se convirti\u00f3 en un\u00a0<strong><em>exp\u00f3se<\/em>\u00a0digital de mini pel\u00edculas, documentales o expresiones abstractas de arte<\/strong>\u00a0para poder, de una forma u otra, presentar sus colecciones de\u00a0<strong>Alta Costura,\u00a0<em>Cruise<\/em>\u00a0y\u00a0<em>menswear<\/em><\/strong>\u00a0pertinentes a esta \u00e9poca del a\u00f1o. Hubo sus excepciones y algunas firmas ingeniaron de alguna u otra manera hacer shows presenciales \u2014unas lograron conseguir un balance entre lo que es vivir en esta pandemia y el\u00a0<em>leit motif<\/em>\u00a0del mundo de la moda y otras simplemente se mantuvieron al margen. Sin embargo todas lograron mantener la esencia de la moda viva.<\/p>\n<p>Para la semana de Alta Costura parisina, el sentimiento fue una especie de variaciones interesantes y ocurrentes alusivas al Festival de Cine de Cannes y nos preguntamos: \u00bfqui\u00e9n ganar\u00eda la\u00a0<em>Palm d\u2019Or<\/em>\u00a0de la moda?<\/p>\n<p class=\"linkAfter\"><strong>Dior<\/strong>\u00a0nos ayud\u00f3 a escapar de la realidad presentado una fantas\u00eda de sirenas, hadas, minotauros y la sugestiva confecci\u00f3n de minivestidos, dirigida por Matteo Garrone. El escapismo sin duda ser\u00e1 una tendencia a venir, sobre todo cuando estemos m\u00e1s acostumbrados a la convivencia con el virus o logremos superar la pandemia.<\/p>\n<p class=\"linkAfter\"><strong>Azzaro Couture<\/strong>\u00a0present\u00f3 a la cantante punk belga Sylvia Kreush de Warhaus combinando bordados de pedrer\u00eda, cortes sensuales tipo sirena en sedas con aplicaciones de puyas. \u00a1Un debut fenomenal para\u00a0<strong>Olivier Theyskens<\/strong>!<\/p>\n<p class=\"linkAfter\">Por su parte\u00a0<strong>Daniel Roseberry<\/strong>, creativo de\u00a0<strong>Schiaparelli<\/strong>,\u00a0opt\u00f3 por un realismo documentado donde, dada la crisis actual, decidi\u00f3 no crear los atuendos pero dise\u00f1arlos e ilustrarlos en un Nueva York que sin duda se ha posicionado como la regente autoridad en esta nueva realidad. Combinando la creatividad con los archivos de la\u00a0<em>maison<\/em>\u00a0y una visual inspiradora y hasta conmovedora, Schiaparelli logr\u00f3, sin confeccionar ni un dise\u00f1o y rigi\u00e9ndose por las medidas de seguridad y la realidad econ\u00f3mica que el mundo vive, producir un gran filme y una excelente colecci\u00f3n que asertivamente sensibiliza, llegando al coraz\u00f3n de su clientela para incrementar sus pedidos por orden individual mientras volvemos a la normalidad.<\/p>\n<p class=\"linkAfter\"><strong>Iris van Herpen<\/strong>\u00a0trat\u00f3 de darnos vida y \u00e1ngulos al presentar a Carice van Houten, la princesa roja de\u00a0<em>Games of Thrones<\/em>, movi\u00e9ndose en una danza que presentaba diferentes \u00e1ngulos para entender la creaci\u00f3n. Solo un vestido fue presentado en este cortometraje con la finalidad de lograr cierta percepci\u00f3n real mediante al movimiento del atuendo. Algo extremadamente dif\u00edcil de lograr en video versus la pasarela.<\/p>\n<p class=\"linkAfter\"><strong>Chanel<\/strong>\u00a0present\u00f3 un casting, diversos modelos en una colecci\u00f3n pertinente a la Alta Costura, en un video flash en el cual diferentes modelos simulaban una sesi\u00f3n de fotos en sus movimientos. Asi logramos ver boucl\u00eas, tweeds y tafetanes bordados. Un video muy rico en sus atuendos al igual que Van Herpen tratando de rendirle un culto divino a la vestimenta.<\/p>\n<p class=\"linkAfter\">Por su parte\u00a0<strong>Maison\u00a0Margiela<\/strong>\u00a0y\u00a0<strong>John Galliano<\/strong>\u00a0hicieron un\u00a0<em>docudrama<\/em>\u00a0de 50 minutos sobre c\u00f3mo se confecciona un vestido. Dirigido por\u00a0<strong>Nick Knight<\/strong>, grabado con GoPro, drones y iPhone, fue de los filmes\u00a0mas cautivantes durante esta ambigua, pero no menos incre\u00edble, semana de la moda de verano.<\/p>\n<p class=\"linkAfter\"><strong>Valentino<\/strong>\u00a0fue perfecta.\u00a0<strong>Pierpaolo Piccioli<\/strong>\u00a0tuvo un peque\u00f1o evento en vivo donde 16 modelos en pr\u00edstinos atuendos blancos, casi angelicales, y otros de destellos plateados lograron mermar la fantas\u00eda digital y la realidad humana en uno. El sublime movimiento de los vestidos hechos a una medida alargada y fantasiosa hizo que se sintiera palpable la moda al espectador digital. Filmado en los Estudios Cinecitt\u00e0 en Roma, Valentino nos dio \u00e1ngeles nos [re]inspiraron a creer en el arte.<\/p>\n<p class=\"linkAfter\">Casi a la par, para presentar\u00a0<em>R<\/em><em>esort<\/em>, las marcas continuaron exhibiendo variaciones que lograran hacer sentir a sus invitados m\u00e1s cerca de la pasarela.\u00a0<strong>Gucci<\/strong>\u00a0envi\u00f3 una cesta de frutas y vegetales y emul\u00f3 el filme de Andy Warhol en el que por seis horas y medias grab\u00f3 lo concurrido en el\u00a0<em>Empire State<\/em>\u00a0(1964).\u00a0<strong>Alessandro Michele<\/strong>\u00a0hizo 12 horas de\u00a0<em>livestream<\/em>\u00a0que mostr\u00f3 la creaci\u00f3n e identidad de un vestido, luego presentando como siempre un Gucci denso y rico en dise\u00f1o modelado por el equipo creativo de la firma.<\/p>\n<p class=\"linkAfter\"><strong>Aj Tracey<\/strong>, un rapero brit\u00e1nico, present\u00f3 en las oficinas de\u00a0<a href=\"https:\/\/www.youtube.com\/watch?v=tYtq1pokp-I\" target=\"_blank\" rel=\"noopener noreferrer\" target=\"_blank\"><strong>Versace<\/strong>\u00a0la nueva colecci\u00f3n<\/a>, lo que fue muy divertido de ver y muy aut\u00f3ctono, propio de la identidad de la marca.\u00a0<a href=\"https:\/\/www.youtube.com\/watch?v=E7OUDJKmCeM\" target=\"_blank\" rel=\"noopener noreferrer\" target=\"_blank\"><strong>Etro<\/strong><\/a>\u00a0y\u00a0<strong>Dolce &amp; Gabbana<\/strong>\u00a0prefirieron pasarelas presenciales; ambas marcas presentaron estupendas colecciones con un p\u00fablico presente en cubrebocas que guard\u00f3 cierta distancia social.<\/p>\n<p class=\"linkAfter\">A diferencia,\u00a0<strong>Jacquemus<\/strong>\u00a0present\u00f3\u00a0<em>L\u2019Amour<\/em>\u00a0en la villa de Val-d-Oise como una oda al amor \u2014bien lo dice su nombre\u2014 que nos flech\u00f3 instant\u00e1neamente. Los invitados separados entre la cosecha de trigo, fueron sorprendidos, no solo por la inigualable postal, sino tambi\u00e9n por la colecci\u00f3n cargada de libertad y ropa de verano sensual con deliciosos colores c\u00e1lidos. Fue una reflexi\u00f3n perfecta de nuestro tiempo y de lo que vivimos y de lo que anhelamos: paz en esta nueva normalidad.<\/p>\n<p class=\"linkAfter\"><strong>Loewe<\/strong>\u00a0mand\u00f3 peque\u00f1as cajas de \u201cdis\u00e9\u00f1alo tu mismo\u201d con retazos,\u00a0<em>swatches<\/em>\u00a0de colores y barajas de c\u00f3mo vestir y anex\u00f3 un video de maniqu\u00edes usando voluminosas figuras y atuendos aludiendo al siglo 18th y la modernidad.<\/p>\n<p class=\"linkAfter\"><strong>Miuccia Prada<\/strong>\u00a0logr\u00f3 presentar diferentes escenarios guiados para exhibir su colecci\u00f3n en la que rememora los principios de la marca, alej\u00e1ndose un poco del\u00a0<em>Nylon<\/em>\u00a0y volviendo al\u00a0<strong>Prada<\/strong>\u00a0cl\u00e1sico, original, sencillo y muy rico en esencia.<\/p>\n<p class=\"linkAfter\">Por su parte\u00a0<strong>Nicolas Ghesqui\u00e8re<\/strong>, quien ha venido jugando con el tiempo \u2014el pasado, el presente y ahora el futuro\u2014 nos llev\u00f3 a una fantas\u00eda de aquel lugar donde queremos ir para\u00a0<strong>Louis Vuitton<\/strong>. Una colecci\u00f3n netamente digital, diversa; goz\u00f3 de tanta riqueza en atuendos accesorios que habl\u00f3 por s\u00ed sola. De todas las presentaciones fue esta, que sin pasarela, nos hizo sentir cerca de ella.\u00a0<em>Game On<\/em>, fotografiada en el\u00a0<em>Point Neuf<\/em>\u00a0parisino jug\u00f3 con la noci\u00f3n de cartas de azar combinada con el monograma, flores y siluetas creando una propuesta ic\u00f3nica y sugestiva de deseo. El accesorio\u00a0<em>must-have<\/em>\u00a0fue sin duda la cartera con el monograma de coraz\u00f3n.<\/p>\n<p class=\"linkAfter\">Y de nuevo\u00a0Dior para\u00a0<em>Cruise<\/em>\u00a02021, se alej\u00f3 del escapismo y volvi\u00f3 a la tierra, Italia de hecho, donde en la plaza central de Lecce bajo la coordinaci\u00f3n art\u00edstica de Marinella Senatore, m\u00fasicos de la orquesta sinf\u00f3nica de Roma junto una orquesta local (Orchesta Popolare) y bailarines locales, present\u00f3 una oda al folclore artesano de la regi\u00f3n. Lo cautivante de esta presentaci\u00f3n fue c\u00f3mo se elev\u00f3 el detalle de la confecci\u00f3n a la hora del vestir.<\/p>\n<p class=\"linkAfter\">En conclusi\u00f3n si esta ambigua temporada nos deja algo es la importancia de la pasarela para poder entender y ver el dise\u00f1o; pero tambi\u00e9n nos deja la humildad con la que debemos ajustarnos a la nueva realidad. Si existen criticas pues se basan en la falta de diversidad sostenibilidad de algunos dise\u00f1adores, pero al final todos lograron un balance humano y real sobre lo que se puede hacer, c\u00f3mo se puede hacer y qu\u00e9 se puede presentar.<\/p>\n<p>Dior, Louis Vuitton, Jacquemus, Schiaparelli\u00a0y\u00a0Valentino, sin duda cautivaron bien fuera por sus dise\u00f1os o por su forma de llegar al p\u00fablico. Pero el elogio es para todas las casas de modas que han continuado en trabajar y salvaguardar la industria que tanto amamos y necesitamos. La moda no es una banalidad y en estos tiempos que nos ha tocado vivir \u2014y los que est\u00e1n por venir\u2014, ser\u00e1 ella fundamental y un elemento vital para sobrevivir, escapar y expresarnos. Por medio de la moda es que lograremos depurar todo lo que sentimos y esta es su belleza y por esto mismo su importancia.<\/p>\n<p><em>*Imagen: Getty Images\u00a0<\/em><\/p>\n","protected":false},"author":16349,"featured_media":154971,"template":"","format":"standard","categories":[2301],"acf":[],"yoast_head":"<!-- This site is optimized with the Yoast SEO Premium plugin v18.5 (Yoast SEO v20.4) - https:\/\/yoast.com\/wordpress\/plugins\/seo\/ -->\n<title>As\u00ed fue (en resumen) la primera Semana Virtual de la Moda | Grazia<\/title>\n<meta name=\"description\" content=\"Tras un par de semanas de presentaciones digitales, la moda sin duda nos sorprendi\u00f3 y por eso hicimos un recuento de las mejores.\" \/>\n<meta name=\"robots\" content=\"index, follow, max-snippet:-1, max-image-preview:large, max-video-preview:-1\" \/>\n<link rel=\"canonical\" href=\"https:\/\/graziamagazine.com\/es\/articles\/asi-fue-en-resumen-la-primera-semana-virtual-de-la-moda\/\" \/>\n<meta property=\"og:locale\" content=\"es_ES\" \/>\n<meta property=\"og:type\" content=\"article\" \/>\n<meta property=\"og:title\" content=\"As\u00ed fue (en resumen) la primera Semana Virtual de la Moda\" \/>\n<meta property=\"og:description\" content=\"Tras un par de semanas de presentaciones digitales, la moda sin duda nos sorprendi\u00f3 y por eso hicimos un recuento de las mejores.\" \/>\n<meta property=\"og:url\" content=\"https:\/\/graziamagazine.com\/es\/articles\/asi-fue-en-resumen-la-primera-semana-virtual-de-la-moda\/\" \/>\n<meta property=\"og:site_name\" content=\"Grazia\" \/>\n<meta property=\"article:modified_time\" content=\"2020-07-30T14:43:15+00:00\" \/>\n<meta property=\"og:image\" content=\"https:\/\/graziamagazine.com\/es\/wp-content\/uploads\/sites\/12\/2020\/07\/EdEit6RXkAEZ95M-1024x640-1.jpg?fit=1024%2C640\" \/>\n\t<meta property=\"og:image:width\" content=\"1024\" \/>\n\t<meta property=\"og:image:height\" content=\"640\" \/>\n\t<meta property=\"og:image:type\" content=\"image\/jpeg\" \/>\n<meta name=\"twitter:card\" content=\"summary_large_image\" \/>\n<meta name=\"twitter:label1\" content=\"Est. reading time\" \/>\n\t<meta name=\"twitter:data1\" content=\"7 minutos\" \/>\n<script type=\"application\/ld+json\" class=\"yoast-schema-graph\">{\"@context\":\"https:\/\/schema.org\",\"@graph\":[{\"@type\":\"WebPage\",\"@id\":\"https:\/\/graziamagazine.com\/es\/articles\/asi-fue-en-resumen-la-primera-semana-virtual-de-la-moda\/\",\"url\":\"https:\/\/graziamagazine.com\/es\/articles\/asi-fue-en-resumen-la-primera-semana-virtual-de-la-moda\/\",\"name\":\"As\u00ed fue (en resumen) la primera Semana Virtual de la Moda | Grazia\",\"isPartOf\":{\"@id\":\"https:\/\/graziamagazine.com\/es\/#website\"},\"datePublished\":\"2020-07-30T13:40:49+00:00\",\"dateModified\":\"2020-07-30T14:43:15+00:00\",\"description\":\"Tras un par de semanas de presentaciones digitales, la moda sin duda nos sorprendi\u00f3 y por eso hicimos un recuento de las mejores.\",\"breadcrumb\":{\"@id\":\"https:\/\/graziamagazine.com\/es\/articles\/asi-fue-en-resumen-la-primera-semana-virtual-de-la-moda\/#breadcrumb\"},\"inLanguage\":\"es\",\"potentialAction\":[{\"@type\":\"ReadAction\",\"target\":[\"https:\/\/graziamagazine.com\/es\/articles\/asi-fue-en-resumen-la-primera-semana-virtual-de-la-moda\/\"]}]},{\"@type\":\"BreadcrumbList\",\"@id\":\"https:\/\/graziamagazine.com\/es\/articles\/asi-fue-en-resumen-la-primera-semana-virtual-de-la-moda\/#breadcrumb\",\"itemListElement\":[{\"@type\":\"ListItem\",\"position\":1,\"name\":\"Portada\",\"item\":\"https:\/\/graziamagazine.com\/es\/\"},{\"@type\":\"ListItem\",\"position\":2,\"name\":\"As\u00ed fue (en resumen) la primera Semana Virtual de la Moda\"}]},{\"@type\":\"WebSite\",\"@id\":\"https:\/\/graziamagazine.com\/es\/#website\",\"url\":\"https:\/\/graziamagazine.com\/es\/\",\"name\":\"Grazia\",\"description\":\"Moda, belleza, celebrities, estilo de vida...\",\"potentialAction\":[{\"@type\":\"SearchAction\",\"target\":{\"@type\":\"EntryPoint\",\"urlTemplate\":\"https:\/\/graziamagazine.com\/es\/?s={search_term_string}\"},\"query-input\":\"required name=search_term_string\"}],\"inLanguage\":\"es\"}]}<\/script>\n<!-- \/ Yoast SEO Premium plugin. -->","yoast_head_json":{"title":"As\u00ed fue (en resumen) la primera Semana Virtual de la Moda | Grazia","description":"Tras un par de semanas de presentaciones digitales, la moda sin duda nos sorprendi\u00f3 y por eso hicimos un recuento de las mejores.","robots":{"index":"index","follow":"follow","max-snippet":"max-snippet:-1","max-image-preview":"max-image-preview:large","max-video-preview":"max-video-preview:-1"},"canonical":"https:\/\/graziamagazine.com\/es\/articles\/asi-fue-en-resumen-la-primera-semana-virtual-de-la-moda\/","og_locale":"es_ES","og_type":"article","og_title":"As\u00ed fue (en resumen) la primera Semana Virtual de la Moda","og_description":"Tras un par de semanas de presentaciones digitales, la moda sin duda nos sorprendi\u00f3 y por eso hicimos un recuento de las mejores.","og_url":"https:\/\/graziamagazine.com\/es\/articles\/asi-fue-en-resumen-la-primera-semana-virtual-de-la-moda\/","og_site_name":"Grazia","article_modified_time":"2020-07-30T14:43:15+00:00","og_image":[{"width":1024,"height":640,"url":"https:\/\/graziamagazine.com\/es\/wp-content\/uploads\/sites\/12\/2020\/07\/EdEit6RXkAEZ95M-1024x640-1.jpg?fit=1024%2C640","type":"image\/jpeg"}],"twitter_card":"summary_large_image","twitter_misc":{"Est. reading time":"7 minutos"},"schema":{"@context":"https:\/\/schema.org","@graph":[{"@type":"WebPage","@id":"https:\/\/graziamagazine.com\/es\/articles\/asi-fue-en-resumen-la-primera-semana-virtual-de-la-moda\/","url":"https:\/\/graziamagazine.com\/es\/articles\/asi-fue-en-resumen-la-primera-semana-virtual-de-la-moda\/","name":"As\u00ed fue (en resumen) la primera Semana Virtual de la Moda | Grazia","isPartOf":{"@id":"https:\/\/graziamagazine.com\/es\/#website"},"datePublished":"2020-07-30T13:40:49+00:00","dateModified":"2020-07-30T14:43:15+00:00","description":"Tras un par de semanas de presentaciones digitales, la moda sin duda nos sorprendi\u00f3 y por eso hicimos un recuento de las mejores.","breadcrumb":{"@id":"https:\/\/graziamagazine.com\/es\/articles\/asi-fue-en-resumen-la-primera-semana-virtual-de-la-moda\/#breadcrumb"},"inLanguage":"es","potentialAction":[{"@type":"ReadAction","target":["https:\/\/graziamagazine.com\/es\/articles\/asi-fue-en-resumen-la-primera-semana-virtual-de-la-moda\/"]}]},{"@type":"BreadcrumbList","@id":"https:\/\/graziamagazine.com\/es\/articles\/asi-fue-en-resumen-la-primera-semana-virtual-de-la-moda\/#breadcrumb","itemListElement":[{"@type":"ListItem","position":1,"name":"Portada","item":"https:\/\/graziamagazine.com\/es\/"},{"@type":"ListItem","position":2,"name":"As\u00ed fue (en resumen) la primera Semana Virtual de la Moda"}]},{"@type":"WebSite","@id":"https:\/\/graziamagazine.com\/es\/#website","url":"https:\/\/graziamagazine.com\/es\/","name":"Grazia","description":"Moda, belleza, celebrities, estilo de vida...","potentialAction":[{"@type":"SearchAction","target":{"@type":"EntryPoint","urlTemplate":"https:\/\/graziamagazine.com\/es\/?s={search_term_string}"},"query-input":"required name=search_term_string"}],"inLanguage":"es"}]}},"jetpack_sharing_enabled":true,"distributor_meta":false,"distributor_terms":false,"distributor_media":false,"distributor_original_site_name":"Grazia","distributor_original_site_url":"https:\/\/graziamagazine.com\/es","push-errors":false,"_links":{"self":[{"href":"https:\/\/graziamagazine.com\/es\/wp-json\/wp\/v2\/articles\/154970"}],"collection":[{"href":"https:\/\/graziamagazine.com\/es\/wp-json\/wp\/v2\/articles"}],"about":[{"href":"https:\/\/graziamagazine.com\/es\/wp-json\/wp\/v2\/types\/articles"}],"author":[{"embeddable":true,"href":"https:\/\/graziamagazine.com\/es\/wp-json\/wp\/v2\/users\/16349"}],"wp:featuredmedia":[{"embeddable":true,"href":"https:\/\/graziamagazine.com\/es\/wp-json\/wp\/v2\/media\/154971"}],"wp:attachment":[{"href":"https:\/\/graziamagazine.com\/es\/wp-json\/wp\/v2\/media?parent=154970"}],"wp:term":[{"taxonomy":"category","embeddable":true,"href":"https:\/\/graziamagazine.com\/es\/wp-json\/wp\/v2\/categories?post=154970"}],"curies":[{"name":"wp","href":"https:\/\/api.w.org\/{rel}","templated":true}]}}