{"id":154927,"date":"2020-07-27T19:22:59","date_gmt":"2020-07-27T17:22:59","guid":{"rendered":"https:\/\/graziamagazine.com\/es\/?post_type=articles&#038;p=154927"},"modified":"2020-07-27T19:22:59","modified_gmt":"2020-07-27T17:22:59","slug":"bandanas-la-nueva-tendencia-protegen-como-las-mascarillas-o-no","status":"publish","type":"articles","link":"https:\/\/graziamagazine.com\/es\/articles\/bandanas-la-nueva-tendencia-protegen-como-las-mascarillas-o-no\/","title":{"rendered":"Bandanas, la nueva tendencia: \u00bfprotegen como las mascarillas o no?"},"content":{"rendered":"<p>La llegada de la pandemia a nuestras vidas ha hecho que no nos olvidemos de llevar el que parece haberse convertido en el \u00faltimo accesorio de moda: las mascarillas. Ya sabemos que tenemos que llevarlas a todos lados, y aunque no son tan c\u00f3modas como quisi\u00e9ramos, las famosas se han encargado de crear nuevas tendencias en la calle, reemplaz\u00e1ndolos por pa\u00f1uelos y bandanas.\u00a0Las \u00faltimas semanas famosos como\u00a0<strong>Margot Robbie, Sarah Jessica Parker, Olivia Palermo, Kristen Stewart,\u00a0Johnny Depp\u00a0<\/strong>y\u00a0<strong>Amber Heard\u00a0<\/strong>han\u00a0utilizado este accesorio para cubrir la nariz y la boca, adem\u00e1s de darle un toque distintivo a sus\u00a0<em>outfits.<\/em><\/p>\n<p>La idea del usar bandanas o pa\u00f1uelos para protegernos contra la COVID-19 no es tan descabellada, ya que ambos han sido utilizados por a\u00f1os como protecci\u00f3n contra el polvo y la suciedad pero, \u00bfs\u00ed son efectivas?<\/p>\n<p>Seg\u00fan el Centro de Control de Enfermedades (CDC), los pa\u00f1uelos deben \u201c<em>usarse con cuidado\u00a0porque no se consideran equipos de protecci\u00f3n personal, ya que se desconoce su capacidad de protecci\u00f3n<\/em>\u201d. Adem\u00e1s, tambi\u00e9n han dejado claro que lo ideal es que se usen debajo de una visera protectora que cubra toda la cara, hasta las orejas.<\/p>\n<p>Todo depende del material del que est\u00e9 hecho este accesorio, obviamente. Debes de tener cuidado si el tejido del textil es muy abierto, jam\u00e1s vayas a usar pa\u00f1uelo hecho de yute, popelina de algod\u00f3n y mucho menos de tul, ya que es como si no llevaras protecci\u00f3n. Hay <strong>dos formas de comprobar la efectividad de tu pa\u00f1uelo<\/strong>: la <strong>primera<\/strong> es sosteni\u00e9ndolo extendido hacia un foco o hacia el sol, si pasa la luz, el tejido es muy abierto y no te servir\u00e1. Por el contrario, si apenas alcanzas a verla o la bloquea por completo, ese es el textil es el ideal para protegerte. La <strong>segunda<\/strong> forma de averiguarlo es amarr\u00e1ndolo a tu rostro y poner una vela frente a ti. Si cuando le soplas se apaga, entonces no es un pa\u00f1uelo efectivo. Si soplas y la llama no se apaga, entonces seguramente te est\u00e1 protegiendo contra el virus. Esperamos que estos #GraziaTips se hayan servido si t\u00fa tambi\u00e9n quieres sumarte a la tendencia del pa\u00f1uelo para salir protegida.<\/p>\n<p class=\"linkAfter\">Lo m\u00e1s importante, y que no debes olvidar, es salir siempre protegido, para proteger a los dem\u00e1s y a ti mismo.<\/p>\n<p><em>*Im\u00e1genes: Getty Images<\/em><\/p>\n","protected":false},"author":11653,"featured_media":154928,"template":"","format":"standard","categories":[2971],"acf":{"banner":null},"yoast_head":"<!-- This site is optimized with the Yoast SEO Premium plugin v18.5 (Yoast SEO v20.4) - https:\/\/yoast.com\/wordpress\/plugins\/seo\/ -->\n<title>Bandanas, la nueva tendencia: \u00bfprotegen como las mascarillas o no? | Grazia<\/title>\n<meta name=\"description\" content=\"La llegada de la pandemia a nuestras vidas ha hecho que no nos olvidemos de llevar el que parece haberse convertido en el \u00faltimo accesorio de moda: las\" \/>\n<meta name=\"robots\" content=\"index, follow, max-snippet:-1, max-image-preview:large, max-video-preview:-1\" \/>\n<link rel=\"canonical\" href=\"https:\/\/graziamagazine.com\/es\/articles\/bandanas-la-nueva-tendencia-protegen-como-las-mascarillas-o-no\/\" \/>\n<meta property=\"og:locale\" content=\"es_ES\" \/>\n<meta property=\"og:type\" content=\"article\" \/>\n<meta property=\"og:title\" content=\"Bandanas, la nueva tendencia: \u00bfprotegen como las mascarillas o no?\" \/>\n<meta property=\"og:description\" content=\"La llegada de la pandemia a nuestras vidas ha hecho que no nos olvidemos de llevar el que parece haberse convertido en el \u00faltimo accesorio de moda: las\" \/>\n<meta property=\"og:url\" content=\"https:\/\/graziamagazine.com\/es\/articles\/bandanas-la-nueva-tendencia-protegen-como-las-mascarillas-o-no\/\" \/>\n<meta property=\"og:site_name\" content=\"Grazia\" \/>\n<meta property=\"og:image\" content=\"https:\/\/graziamagazine.com\/es\/wp-content\/uploads\/sites\/12\/2020\/07\/las-celebridades-dictaron-las-bandanas-como-la-nueva-tendencia-pero-son-igual-de-efectivas-que-los-cubrebocas-destacada.jpg?fit=1952%2C1133\" \/>\n\t<meta property=\"og:image:width\" content=\"1952\" \/>\n\t<meta property=\"og:image:height\" content=\"1133\" \/>\n\t<meta property=\"og:image:type\" content=\"image\/jpeg\" \/>\n<meta name=\"twitter:card\" content=\"summary_large_image\" \/>\n<meta name=\"twitter:label1\" content=\"Est. reading time\" \/>\n\t<meta name=\"twitter:data1\" content=\"2 minutos\" \/>\n<script type=\"application\/ld+json\" class=\"yoast-schema-graph\">{\"@context\":\"https:\/\/schema.org\",\"@graph\":[{\"@type\":\"WebPage\",\"@id\":\"https:\/\/graziamagazine.com\/es\/articles\/bandanas-la-nueva-tendencia-protegen-como-las-mascarillas-o-no\/\",\"url\":\"https:\/\/graziamagazine.com\/es\/articles\/bandanas-la-nueva-tendencia-protegen-como-las-mascarillas-o-no\/\",\"name\":\"Bandanas, la nueva tendencia: \u00bfprotegen como las mascarillas o no? | Grazia\",\"isPartOf\":{\"@id\":\"https:\/\/graziamagazine.com\/es\/#website\"},\"datePublished\":\"2020-07-27T17:22:59+00:00\",\"dateModified\":\"2020-07-27T17:22:59+00:00\",\"description\":\"La llegada de la pandemia a nuestras vidas ha hecho que no nos olvidemos de llevar el que parece haberse convertido en el \u00faltimo accesorio de moda: las\",\"breadcrumb\":{\"@id\":\"https:\/\/graziamagazine.com\/es\/articles\/bandanas-la-nueva-tendencia-protegen-como-las-mascarillas-o-no\/#breadcrumb\"},\"inLanguage\":\"es\",\"potentialAction\":[{\"@type\":\"ReadAction\",\"target\":[\"https:\/\/graziamagazine.com\/es\/articles\/bandanas-la-nueva-tendencia-protegen-como-las-mascarillas-o-no\/\"]}]},{\"@type\":\"BreadcrumbList\",\"@id\":\"https:\/\/graziamagazine.com\/es\/articles\/bandanas-la-nueva-tendencia-protegen-como-las-mascarillas-o-no\/#breadcrumb\",\"itemListElement\":[{\"@type\":\"ListItem\",\"position\":1,\"name\":\"Portada\",\"item\":\"https:\/\/graziamagazine.com\/es\/\"},{\"@type\":\"ListItem\",\"position\":2,\"name\":\"Bandanas, la nueva tendencia: \u00bfprotegen como las mascarillas o no?\"}]},{\"@type\":\"WebSite\",\"@id\":\"https:\/\/graziamagazine.com\/es\/#website\",\"url\":\"https:\/\/graziamagazine.com\/es\/\",\"name\":\"Grazia\",\"description\":\"Moda, belleza, celebrities, estilo de vida...\",\"potentialAction\":[{\"@type\":\"SearchAction\",\"target\":{\"@type\":\"EntryPoint\",\"urlTemplate\":\"https:\/\/graziamagazine.com\/es\/?s={search_term_string}\"},\"query-input\":\"required name=search_term_string\"}],\"inLanguage\":\"es\"}]}<\/script>\n<!-- \/ Yoast SEO Premium plugin. -->","yoast_head_json":{"title":"Bandanas, la nueva tendencia: \u00bfprotegen como las mascarillas o no? | Grazia","description":"La llegada de la pandemia a nuestras vidas ha hecho que no nos olvidemos de llevar el que parece haberse convertido en el \u00faltimo accesorio de moda: las","robots":{"index":"index","follow":"follow","max-snippet":"max-snippet:-1","max-image-preview":"max-image-preview:large","max-video-preview":"max-video-preview:-1"},"canonical":"https:\/\/graziamagazine.com\/es\/articles\/bandanas-la-nueva-tendencia-protegen-como-las-mascarillas-o-no\/","og_locale":"es_ES","og_type":"article","og_title":"Bandanas, la nueva tendencia: \u00bfprotegen como las mascarillas o no?","og_description":"La llegada de la pandemia a nuestras vidas ha hecho que no nos olvidemos de llevar el que parece haberse convertido en el \u00faltimo accesorio de moda: las","og_url":"https:\/\/graziamagazine.com\/es\/articles\/bandanas-la-nueva-tendencia-protegen-como-las-mascarillas-o-no\/","og_site_name":"Grazia","og_image":[{"width":1952,"height":1133,"url":"https:\/\/graziamagazine.com\/es\/wp-content\/uploads\/sites\/12\/2020\/07\/las-celebridades-dictaron-las-bandanas-como-la-nueva-tendencia-pero-son-igual-de-efectivas-que-los-cubrebocas-destacada.jpg?fit=1952%2C1133","type":"image\/jpeg"}],"twitter_card":"summary_large_image","twitter_misc":{"Est. reading time":"2 minutos"},"schema":{"@context":"https:\/\/schema.org","@graph":[{"@type":"WebPage","@id":"https:\/\/graziamagazine.com\/es\/articles\/bandanas-la-nueva-tendencia-protegen-como-las-mascarillas-o-no\/","url":"https:\/\/graziamagazine.com\/es\/articles\/bandanas-la-nueva-tendencia-protegen-como-las-mascarillas-o-no\/","name":"Bandanas, la nueva tendencia: \u00bfprotegen como las mascarillas o no? | Grazia","isPartOf":{"@id":"https:\/\/graziamagazine.com\/es\/#website"},"datePublished":"2020-07-27T17:22:59+00:00","dateModified":"2020-07-27T17:22:59+00:00","description":"La llegada de la pandemia a nuestras vidas ha hecho que no nos olvidemos de llevar el que parece haberse convertido en el \u00faltimo accesorio de moda: las","breadcrumb":{"@id":"https:\/\/graziamagazine.com\/es\/articles\/bandanas-la-nueva-tendencia-protegen-como-las-mascarillas-o-no\/#breadcrumb"},"inLanguage":"es","potentialAction":[{"@type":"ReadAction","target":["https:\/\/graziamagazine.com\/es\/articles\/bandanas-la-nueva-tendencia-protegen-como-las-mascarillas-o-no\/"]}]},{"@type":"BreadcrumbList","@id":"https:\/\/graziamagazine.com\/es\/articles\/bandanas-la-nueva-tendencia-protegen-como-las-mascarillas-o-no\/#breadcrumb","itemListElement":[{"@type":"ListItem","position":1,"name":"Portada","item":"https:\/\/graziamagazine.com\/es\/"},{"@type":"ListItem","position":2,"name":"Bandanas, la nueva tendencia: \u00bfprotegen como las mascarillas o no?"}]},{"@type":"WebSite","@id":"https:\/\/graziamagazine.com\/es\/#website","url":"https:\/\/graziamagazine.com\/es\/","name":"Grazia","description":"Moda, belleza, celebrities, estilo de vida...","potentialAction":[{"@type":"SearchAction","target":{"@type":"EntryPoint","urlTemplate":"https:\/\/graziamagazine.com\/es\/?s={search_term_string}"},"query-input":"required name=search_term_string"}],"inLanguage":"es"}]}},"jetpack_sharing_enabled":true,"distributor_meta":false,"distributor_terms":false,"distributor_media":false,"distributor_original_site_name":"Grazia","distributor_original_site_url":"https:\/\/graziamagazine.com\/es","push-errors":false,"_links":{"self":[{"href":"https:\/\/graziamagazine.com\/es\/wp-json\/wp\/v2\/articles\/154927"}],"collection":[{"href":"https:\/\/graziamagazine.com\/es\/wp-json\/wp\/v2\/articles"}],"about":[{"href":"https:\/\/graziamagazine.com\/es\/wp-json\/wp\/v2\/types\/articles"}],"author":[{"embeddable":true,"href":"https:\/\/graziamagazine.com\/es\/wp-json\/wp\/v2\/users\/11653"}],"wp:featuredmedia":[{"embeddable":true,"href":"https:\/\/graziamagazine.com\/es\/wp-json\/wp\/v2\/media\/154928"}],"wp:attachment":[{"href":"https:\/\/graziamagazine.com\/es\/wp-json\/wp\/v2\/media?parent=154927"}],"wp:term":[{"taxonomy":"category","embeddable":true,"href":"https:\/\/graziamagazine.com\/es\/wp-json\/wp\/v2\/categories?post=154927"}],"curies":[{"name":"wp","href":"https:\/\/api.w.org\/{rel}","templated":true}]}}