{"id":154869,"date":"2020-07-20T06:30:55","date_gmt":"2020-07-20T04:30:55","guid":{"rendered":"https:\/\/graziamagazine.com\/es\/?post_type=articles&#038;p=154869"},"modified":"2020-07-20T06:32:14","modified_gmt":"2020-07-20T04:32:14","slug":"la-nueva-campana-de-pull-and-bear-sorprende-con-sus-empleados-como-protagonistas","status":"publish","type":"articles","link":"https:\/\/graziamagazine.com\/es\/articles\/la-nueva-campana-de-pull-and-bear-sorprende-con-sus-empleados-como-protagonistas\/","title":{"rendered":"La nueva campa\u00f1a de Pull and Bear sorprende con sus empleados como protagonistas"},"content":{"rendered":"<p>Ya sabemos que la vida sigue adelante y las marcas no han parado de dejarnos cosas nuevas en las tiendas. Primero porque la \u00e9poca de <a href=\"https:\/\/bit.ly\/2Yp4BkS\" target=\"_blank\">rebajas<\/a> todav\u00eda est\u00e1 presente, y podemos encontrar cosas interesantes que nos sirven para la <a href=\"https:\/\/bit.ly\/3eqkyN5\" target=\"_blank\">temporada estival<\/a>, pero tambi\u00e9n para lo que est\u00e1 por llegar. Pero en este tiempo las marcas ya preparan sus nuevos lanzamientos y campa\u00f1as, para ponernos los dientes largos y llenar nuestras listas de nuevos deseos a los que poder sucumbir.<\/p>\n<p><strong>Una de las marcas del grupo Inditex, Pull and Bear, ha querido adelantar su pr\u00f3xima campa\u00f1a y para ello ha dado una sorpresa: la campa\u00f1a cuenta con algunos de sus trabajadores como protagonistas<\/strong>. Trabajadores procedentes de algunos de sus mercados internacionales, como Espa\u00f1a, Alemania, Francia, Italia, Francia, B\u00e9lgica, Reino Unido, Rusia o Hong Kong, y una <strong>campa\u00f1a que sirve como homenaje a todos ellos<\/strong>, despu\u00e9s de haber pasado estos tiempos dif\u00edciles a los que todos nos hemos enfrentado, y por ser la perfecta representaci\u00f3n de los valores de la compa\u00f1\u00eda.<\/p>\n<blockquote><p>\u00abOur people, our soul\u00bb, as\u00ed han definido esta campa\u00f1a novedosa desde la firma de Inditex<\/p><\/blockquote>\n<p><img decoding=\"async\" class=\"centro_sinmarco\" src=\"https:\/\/i.blogs.es\/2eaa52\/our-people-our-soul-4-\/450_1000.jpeg\" alt=\"Our People Our Soul 4\" data-sf-srcset=\"https:\/\/i.blogs.es\/2eaa52\/our-people-our-soul-4-\/450_1000.jpeg 450w, https:\/\/i.blogs.es\/2eaa52\/our-people-our-soul-4-\/650_1200.jpeg 681w,https:\/\/i.blogs.es\/2eaa52\/our-people-our-soul-4-\/1024_2000.jpeg 1024w, https:\/\/i.blogs.es\/2eaa52\/our-people-our-soul-4-\/1366_2000.jpeg 1366w,\" data-sf-src=\"https:\/\/i.blogs.es\/2eaa52\/our-people-our-soul-4-\/450_1000.jpeg\" \/><\/p>\n<p>Pero si esperabas ver protagonistas de carne y hueso, sentimos decirte que no va a ser as\u00ed. <strong>Los protagonistas se han convertido en ilustraciones creadas por Daniel Clarke, y cada una de ellas luce las prendas que podremos ver en la pr\u00f3xima colecci\u00f3n<\/strong>. Outfits completos que te van a inspirar, 12 en concreto como las 12 ilustraciones que se han creado, y que representan diversos estilos, como los que podemos encontrar en sus tiendas.<\/p>\n<div class=\"article-asset-image article-asset-normal article-asset-center\">\n<div class=\"asset-content\"><img decoding=\"async\" class=\"centro_sinmarco\" src=\"https:\/\/i.blogs.es\/e578a2\/our-people-our-soul-2-\/450_1000.jpeg\" alt=\"Our People Our Soul 2\" data-sf-srcset=\"https:\/\/i.blogs.es\/e578a2\/our-people-our-soul-2-\/450_1000.jpeg 450w, https:\/\/i.blogs.es\/e578a2\/our-people-our-soul-2-\/650_1200.jpeg 681w,https:\/\/i.blogs.es\/e578a2\/our-people-our-soul-2-\/1024_2000.jpeg 1024w, https:\/\/i.blogs.es\/e578a2\/our-people-our-soul-2-\/1366_2000.jpeg 1366w,\" data-sf-src=\"https:\/\/i.blogs.es\/e578a2\/our-people-our-soul-2-\/450_1000.jpeg\" \/><\/div>\n<\/div>\n<p>&nbsp;<\/p>\n<div class=\"article-asset-image article-asset-normal article-asset-center\">\n<div class=\"asset-content\"><img decoding=\"async\" class=\"centro_sinmarco\" src=\"https:\/\/i.blogs.es\/1ee9a8\/our-people-our-soul-6-\/450_1000.jpeg\" alt=\"Our People Our Soul 6\" data-sf-srcset=\"https:\/\/i.blogs.es\/1ee9a8\/our-people-our-soul-6-\/450_1000.jpeg 450w, https:\/\/i.blogs.es\/1ee9a8\/our-people-our-soul-6-\/650_1200.jpeg 681w,https:\/\/i.blogs.es\/1ee9a8\/our-people-our-soul-6-\/1024_2000.jpeg 1024w, https:\/\/i.blogs.es\/1ee9a8\/our-people-our-soul-6-\/1366_2000.jpeg 1366w,\" data-sf-src=\"https:\/\/i.blogs.es\/1ee9a8\/our-people-our-soul-6-\/450_1000.jpeg\" \/><\/div>\n<\/div>\n<div class=\"article-asset-image article-asset-normal article-asset-center\">\n<div class=\"asset-content\"><img decoding=\"async\" class=\"centro_sinmarco\" src=\"https:\/\/i.blogs.es\/a0a695\/our-people-our-soul-10-\/450_1000.jpeg\" alt=\"Our People Our Soul 10\" data-sf-srcset=\"https:\/\/i.blogs.es\/a0a695\/our-people-our-soul-10-\/450_1000.jpeg 450w, https:\/\/i.blogs.es\/a0a695\/our-people-our-soul-10-\/650_1200.jpeg 681w,https:\/\/i.blogs.es\/a0a695\/our-people-our-soul-10-\/1024_2000.jpeg 1024w, https:\/\/i.blogs.es\/a0a695\/our-people-our-soul-10-\/1366_2000.jpeg 1366w,\" data-sf-src=\"https:\/\/i.blogs.es\/a0a695\/our-people-our-soul-10-\/450_1000.jpeg\" \/><\/div>\n<\/div>\n<p>Habr\u00e1 que esperar al siguiente paso de la firma, para ver en vivo y en directo (en tiendas) o virtualmente (online) todas las prendas y hacer nuestras propias combinaciones. \u00bfCu\u00e1l es tu estilo de todos?<\/p>\n<p><em>*Im\u00e1genes: Cortes\u00eda de Pull and Bear<\/em><\/p>\n<p>&nbsp;<\/p>\n","protected":false},"author":11653,"featured_media":154870,"template":"","format":"standard","categories":[1],"acf":[],"yoast_head":"<!-- This site is optimized with the Yoast SEO Premium plugin v18.5 (Yoast SEO v20.4) - https:\/\/yoast.com\/wordpress\/plugins\/seo\/ -->\n<title>La nueva campa\u00f1a de Pull and Bear sorprende con sus empleados como protagonistas | Grazia<\/title>\n<meta name=\"description\" content=\"Y la firma de Inditex los ha convertido en unas ilustraciones bajo el lema &quot;Our people, our soul&quot;.\" \/>\n<meta name=\"robots\" content=\"index, follow, max-snippet:-1, max-image-preview:large, max-video-preview:-1\" \/>\n<link rel=\"canonical\" href=\"https:\/\/graziamagazine.com\/es\/articles\/la-nueva-campana-de-pull-and-bear-sorprende-con-sus-empleados-como-protagonistas\/\" \/>\n<meta property=\"og:locale\" content=\"es_ES\" \/>\n<meta property=\"og:type\" content=\"article\" \/>\n<meta property=\"og:title\" content=\"La nueva campa\u00f1a de Pull and Bear sorprende con sus empleados como protagonistas\" \/>\n<meta property=\"og:description\" content=\"Y la firma de Inditex los ha convertido en unas ilustraciones bajo el lema &quot;Our people, our soul&quot;.\" \/>\n<meta property=\"og:url\" content=\"https:\/\/graziamagazine.com\/es\/articles\/la-nueva-campana-de-pull-and-bear-sorprende-con-sus-empleados-como-protagonistas\/\" \/>\n<meta property=\"og:site_name\" content=\"Grazia\" \/>\n<meta property=\"article:modified_time\" content=\"2020-07-20T04:32:14+00:00\" \/>\n<meta property=\"og:image\" content=\"https:\/\/graziamagazine.com\/es\/wp-content\/uploads\/sites\/12\/2020\/07\/Captura-de-pantalla-2020-07-20-a-las-06.21.02.png?fit=1019%2C722\" \/>\n\t<meta property=\"og:image:width\" content=\"1019\" \/>\n\t<meta property=\"og:image:height\" content=\"722\" \/>\n\t<meta property=\"og:image:type\" content=\"image\/png\" \/>\n<meta name=\"twitter:card\" content=\"summary_large_image\" \/>\n<meta name=\"twitter:label1\" content=\"Est. reading time\" \/>\n\t<meta name=\"twitter:data1\" content=\"2 minutos\" \/>\n<script type=\"application\/ld+json\" class=\"yoast-schema-graph\">{\"@context\":\"https:\/\/schema.org\",\"@graph\":[{\"@type\":\"WebPage\",\"@id\":\"https:\/\/graziamagazine.com\/es\/articles\/la-nueva-campana-de-pull-and-bear-sorprende-con-sus-empleados-como-protagonistas\/\",\"url\":\"https:\/\/graziamagazine.com\/es\/articles\/la-nueva-campana-de-pull-and-bear-sorprende-con-sus-empleados-como-protagonistas\/\",\"name\":\"La nueva campa\u00f1a de Pull and Bear sorprende con sus empleados como protagonistas | Grazia\",\"isPartOf\":{\"@id\":\"https:\/\/graziamagazine.com\/es\/#website\"},\"datePublished\":\"2020-07-20T04:30:55+00:00\",\"dateModified\":\"2020-07-20T04:32:14+00:00\",\"description\":\"Y la firma de Inditex los ha convertido en unas ilustraciones bajo el lema \\\"Our people, our soul\\\".\",\"breadcrumb\":{\"@id\":\"https:\/\/graziamagazine.com\/es\/articles\/la-nueva-campana-de-pull-and-bear-sorprende-con-sus-empleados-como-protagonistas\/#breadcrumb\"},\"inLanguage\":\"es\",\"potentialAction\":[{\"@type\":\"ReadAction\",\"target\":[\"https:\/\/graziamagazine.com\/es\/articles\/la-nueva-campana-de-pull-and-bear-sorprende-con-sus-empleados-como-protagonistas\/\"]}]},{\"@type\":\"BreadcrumbList\",\"@id\":\"https:\/\/graziamagazine.com\/es\/articles\/la-nueva-campana-de-pull-and-bear-sorprende-con-sus-empleados-como-protagonistas\/#breadcrumb\",\"itemListElement\":[{\"@type\":\"ListItem\",\"position\":1,\"name\":\"Portada\",\"item\":\"https:\/\/graziamagazine.com\/es\/\"},{\"@type\":\"ListItem\",\"position\":2,\"name\":\"La nueva campa\u00f1a de Pull and Bear sorprende con sus empleados como protagonistas\"}]},{\"@type\":\"WebSite\",\"@id\":\"https:\/\/graziamagazine.com\/es\/#website\",\"url\":\"https:\/\/graziamagazine.com\/es\/\",\"name\":\"Grazia\",\"description\":\"Moda, belleza, celebrities, estilo de vida...\",\"potentialAction\":[{\"@type\":\"SearchAction\",\"target\":{\"@type\":\"EntryPoint\",\"urlTemplate\":\"https:\/\/graziamagazine.com\/es\/?s={search_term_string}\"},\"query-input\":\"required name=search_term_string\"}],\"inLanguage\":\"es\"}]}<\/script>\n<!-- \/ Yoast SEO Premium plugin. -->","yoast_head_json":{"title":"La nueva campa\u00f1a de Pull and Bear sorprende con sus empleados como protagonistas | Grazia","description":"Y la firma de Inditex los ha convertido en unas ilustraciones bajo el lema \"Our people, our soul\".","robots":{"index":"index","follow":"follow","max-snippet":"max-snippet:-1","max-image-preview":"max-image-preview:large","max-video-preview":"max-video-preview:-1"},"canonical":"https:\/\/graziamagazine.com\/es\/articles\/la-nueva-campana-de-pull-and-bear-sorprende-con-sus-empleados-como-protagonistas\/","og_locale":"es_ES","og_type":"article","og_title":"La nueva campa\u00f1a de Pull and Bear sorprende con sus empleados como protagonistas","og_description":"Y la firma de Inditex los ha convertido en unas ilustraciones bajo el lema \"Our people, our soul\".","og_url":"https:\/\/graziamagazine.com\/es\/articles\/la-nueva-campana-de-pull-and-bear-sorprende-con-sus-empleados-como-protagonistas\/","og_site_name":"Grazia","article_modified_time":"2020-07-20T04:32:14+00:00","og_image":[{"width":1019,"height":722,"url":"https:\/\/graziamagazine.com\/es\/wp-content\/uploads\/sites\/12\/2020\/07\/Captura-de-pantalla-2020-07-20-a-las-06.21.02.png?fit=1019%2C722","type":"image\/png"}],"twitter_card":"summary_large_image","twitter_misc":{"Est. reading time":"2 minutos"},"schema":{"@context":"https:\/\/schema.org","@graph":[{"@type":"WebPage","@id":"https:\/\/graziamagazine.com\/es\/articles\/la-nueva-campana-de-pull-and-bear-sorprende-con-sus-empleados-como-protagonistas\/","url":"https:\/\/graziamagazine.com\/es\/articles\/la-nueva-campana-de-pull-and-bear-sorprende-con-sus-empleados-como-protagonistas\/","name":"La nueva campa\u00f1a de Pull and Bear sorprende con sus empleados como protagonistas | Grazia","isPartOf":{"@id":"https:\/\/graziamagazine.com\/es\/#website"},"datePublished":"2020-07-20T04:30:55+00:00","dateModified":"2020-07-20T04:32:14+00:00","description":"Y la firma de Inditex los ha convertido en unas ilustraciones bajo el lema \"Our people, our soul\".","breadcrumb":{"@id":"https:\/\/graziamagazine.com\/es\/articles\/la-nueva-campana-de-pull-and-bear-sorprende-con-sus-empleados-como-protagonistas\/#breadcrumb"},"inLanguage":"es","potentialAction":[{"@type":"ReadAction","target":["https:\/\/graziamagazine.com\/es\/articles\/la-nueva-campana-de-pull-and-bear-sorprende-con-sus-empleados-como-protagonistas\/"]}]},{"@type":"BreadcrumbList","@id":"https:\/\/graziamagazine.com\/es\/articles\/la-nueva-campana-de-pull-and-bear-sorprende-con-sus-empleados-como-protagonistas\/#breadcrumb","itemListElement":[{"@type":"ListItem","position":1,"name":"Portada","item":"https:\/\/graziamagazine.com\/es\/"},{"@type":"ListItem","position":2,"name":"La nueva campa\u00f1a de Pull and Bear sorprende con sus empleados como protagonistas"}]},{"@type":"WebSite","@id":"https:\/\/graziamagazine.com\/es\/#website","url":"https:\/\/graziamagazine.com\/es\/","name":"Grazia","description":"Moda, belleza, celebrities, estilo de vida...","potentialAction":[{"@type":"SearchAction","target":{"@type":"EntryPoint","urlTemplate":"https:\/\/graziamagazine.com\/es\/?s={search_term_string}"},"query-input":"required name=search_term_string"}],"inLanguage":"es"}]}},"jetpack_sharing_enabled":true,"distributor_meta":false,"distributor_terms":false,"distributor_media":false,"distributor_original_site_name":"Grazia","distributor_original_site_url":"https:\/\/graziamagazine.com\/es","push-errors":false,"_links":{"self":[{"href":"https:\/\/graziamagazine.com\/es\/wp-json\/wp\/v2\/articles\/154869"}],"collection":[{"href":"https:\/\/graziamagazine.com\/es\/wp-json\/wp\/v2\/articles"}],"about":[{"href":"https:\/\/graziamagazine.com\/es\/wp-json\/wp\/v2\/types\/articles"}],"author":[{"embeddable":true,"href":"https:\/\/graziamagazine.com\/es\/wp-json\/wp\/v2\/users\/11653"}],"wp:featuredmedia":[{"embeddable":true,"href":"https:\/\/graziamagazine.com\/es\/wp-json\/wp\/v2\/media\/154870"}],"wp:attachment":[{"href":"https:\/\/graziamagazine.com\/es\/wp-json\/wp\/v2\/media?parent=154869"}],"wp:term":[{"taxonomy":"category","embeddable":true,"href":"https:\/\/graziamagazine.com\/es\/wp-json\/wp\/v2\/categories?post=154869"}],"curies":[{"name":"wp","href":"https:\/\/api.w.org\/{rel}","templated":true}]}}