{"id":154866,"date":"2020-07-17T08:55:57","date_gmt":"2020-07-17T06:55:57","guid":{"rendered":"https:\/\/graziamagazine.com\/es\/?post_type=articles&#038;p=154866"},"modified":"2020-07-17T08:55:57","modified_gmt":"2020-07-17T06:55:57","slug":"el-labial-mas-vendido-del-mercado-espanol-es-de-dior","status":"publish","type":"articles","link":"https:\/\/graziamagazine.com\/es\/articles\/el-labial-mas-vendido-del-mercado-espanol-es-de-dior\/","title":{"rendered":"El labial m\u00e1s vendido del mercado espa\u00f1ol es de Dior"},"content":{"rendered":"<p><strong>Ni con el uso de las mascarillas se ha frenado el uso de otro elemento que forma parte de nuestro bolso pr\u00e1cticamente a diario: el labial<\/strong>. Pudiera parecer que tener que cubrirnos la cara nos iba a frenar de otro tipo de pr\u00e1cticas ya habituales en nuestra vida, pero no ha sido as\u00ed y tal como nos cuenta Dior, uno de sus labiales es el m\u00e1s vendido y adem\u00e1s forma parte del Top 10 de las barras de labios.<\/p>\n<p><strong>Se trata del b\u00e1lsamo labial Dior Lip Glow en el tono 001<\/strong>, es decir, el m\u00e1s natural, que se ha convertido en la referencia de labial m\u00e1s vendida en Espa\u00f1a. Este <em>must<\/em> de Dior naci\u00f3 en 2009, por lo que lleva m\u00e1s de una d\u00e9cada haci\u00e9ndose fuerte en el mercado, y no solo eso, fue el primero de la <em>maison<\/em> en convertirse en un realzador del color de labios.<\/p>\n<p><img loading=\"lazy\" decoding=\"async\" class=\"aligncenter size-full wp-image-155299\" src=\"https:\/\/www.grazia.es\/wp-content\/uploads\/2020\/07\/Captura-de-pantalla-2020-07-17-a-las-08.53.17.png\" alt=\"El labial m\u00e1s vendido del mercado espa\u00f1ol es de Dior\" width=\"741\" height=\"494\" \/><\/p>\n<blockquote><p>A\u00fana los beneficios de una tinta de color y el confort de un b\u00e1lsamo<\/p><\/blockquote>\n<p>As\u00ed lo define Peter Philips, Director de Creaci\u00f3n y de la Imagen del Maquillaje de Dior, y es que adem\u00e1s, <strong>es el top de los top entre las modelos y el m\u00e1s usado por los maquilladores de Dior en el Backstage<\/strong>, un lugar del que salen todos esas <em>beauty looks<\/em> maravillosos que nos enamoran desfile tras desfile.<\/p>\n<p>El secreto de su \u00e9xito, seg\u00fan Peter Philips est\u00e1 claro: \u00ab<em>Dior Lip Glow es m\u00e1s que un b\u00e1lsamo para labios. Se ha convertido en un producto indispensable en la rutina de las mujeres porque es a la vez un tratamiento y un maquillaje, de aplicaci\u00f3n tan simple e intuitiva que permite maquillarse sin espejo, mientras aporta un resultado sorprendente y fresco<\/em>\u00ab.<\/p>\n<p>Lo que le hace tan especial es la<em> tecnolog\u00eda Color Reviver<\/em>, que hace que la f\u00f3rmula del labial reacciones al ph de los labios de cada una, y as\u00ed liberar su activo y conseguir un tono rosa muy natural, y junto a ella un ingrediente muy especial: <strong>la manteca de mango que aporta una hidrataci\u00f3n durante 24 horas<\/strong>.<\/p>\n<p><img loading=\"lazy\" decoding=\"async\" class=\"aligncenter size-full wp-image-155296\" src=\"https:\/\/www.grazia.es\/wp-content\/uploads\/2020\/07\/Lets-glow-girls-Dior-Lip-Glow-balm-reinvented.jpg\" alt=\"Dior Lip Glow es m\u00e1s que un b\u00e1lsamo para labios. Se ha convertido en un producto indispensable en la rutina de las mujeres porque es a la vez un tratamiento y un maquillaje, de aplicaci\u00f3n tan simple e intuitiva que permite maquillarse sin espejo, mientras aporta un resultado sorprendente y fresco.\u00bb explique Peter Philips.\" width=\"800\" height=\"494\" \/><\/p>\n<p>Fue en 2018 cuando Dior lo lanz\u00f3 al mercado en varios tonos y texturas, <strong>la colecci\u00f3n m\u00e1s actual est\u00e1 formada por 10 nuevos tonos en una paleta degrad\u00e9 de rosas<\/strong>, y a la que se han sumados\u00a0dos nuevos tonos Glow, <em>Raspberry y Ultra Pink<\/em>, Lip Glow estrena <strong>dos acabados nuevos e in\u00e9ditos<\/strong> en Dior: <em>Matte Glow<\/em>, el primer b\u00e1lsamo <em>soft matte<\/em>\u00a0de Dior y <em>Holo Glow<\/em>, una textura iridiscente muy tendencia.<\/p>\n<p>Nosotras ya somos fan, \u00bfy t\u00fa?<\/p>\n<p><em>*Im\u00e1genes: Cortes\u00eda de Dior<\/em><\/p>\n","protected":false},"author":11653,"featured_media":154867,"template":"","format":"quote","categories":[7],"acf":[],"yoast_head":"<!-- This site is optimized with the Yoast SEO Premium plugin v18.5 (Yoast SEO v20.4) - https:\/\/yoast.com\/wordpress\/plugins\/seo\/ -->\n<title>El labial m\u00e1s vendido del mercado espa\u00f1ol es de Dior | Grazia<\/title>\n<meta name=\"description\" content=\"Lleg\u00f3 al mercado en 2009, desde entonces forma parte del neceser femenino y se venden uno cada 3 segundos en el mundo. \u00bfTodav\u00eda no lo tienes fichado?\" \/>\n<meta name=\"robots\" content=\"index, follow, max-snippet:-1, max-image-preview:large, max-video-preview:-1\" \/>\n<link rel=\"canonical\" href=\"https:\/\/graziamagazine.com\/es\/articles\/el-labial-mas-vendido-del-mercado-espanol-es-de-dior\/\" \/>\n<meta property=\"og:locale\" content=\"es_ES\" \/>\n<meta property=\"og:type\" content=\"article\" \/>\n<meta property=\"og:title\" content=\"El labial m\u00e1s vendido del mercado espa\u00f1ol es de Dior\" \/>\n<meta property=\"og:description\" content=\"Lleg\u00f3 al mercado en 2009, desde entonces forma parte del neceser femenino y se venden uno cada 3 segundos en el mundo. \u00bfTodav\u00eda no lo tienes fichado?\" \/>\n<meta property=\"og:url\" content=\"https:\/\/graziamagazine.com\/es\/articles\/el-labial-mas-vendido-del-mercado-espanol-es-de-dior\/\" \/>\n<meta property=\"og:site_name\" content=\"Grazia\" \/>\n<meta property=\"og:image\" content=\"https:\/\/graziamagazine.com\/es\/wp-content\/uploads\/sites\/12\/2020\/07\/fb-Dior-Addict-Lip-Glow-Bella-Hadid-Beauty.jpg?fit=1200%2C628\" \/>\n\t<meta property=\"og:image:width\" content=\"1200\" \/>\n\t<meta property=\"og:image:height\" content=\"628\" \/>\n\t<meta property=\"og:image:type\" content=\"image\/jpeg\" \/>\n<meta name=\"twitter:card\" content=\"summary_large_image\" \/>\n<meta name=\"twitter:label1\" content=\"Est. reading time\" \/>\n\t<meta name=\"twitter:data1\" content=\"2 minutos\" \/>\n<script type=\"application\/ld+json\" class=\"yoast-schema-graph\">{\"@context\":\"https:\/\/schema.org\",\"@graph\":[{\"@type\":\"WebPage\",\"@id\":\"https:\/\/graziamagazine.com\/es\/articles\/el-labial-mas-vendido-del-mercado-espanol-es-de-dior\/\",\"url\":\"https:\/\/graziamagazine.com\/es\/articles\/el-labial-mas-vendido-del-mercado-espanol-es-de-dior\/\",\"name\":\"El labial m\u00e1s vendido del mercado espa\u00f1ol es de Dior | Grazia\",\"isPartOf\":{\"@id\":\"https:\/\/graziamagazine.com\/es\/#website\"},\"datePublished\":\"2020-07-17T06:55:57+00:00\",\"dateModified\":\"2020-07-17T06:55:57+00:00\",\"description\":\"Lleg\u00f3 al mercado en 2009, desde entonces forma parte del neceser femenino y se venden uno cada 3 segundos en el mundo. \u00bfTodav\u00eda no lo tienes fichado?\",\"breadcrumb\":{\"@id\":\"https:\/\/graziamagazine.com\/es\/articles\/el-labial-mas-vendido-del-mercado-espanol-es-de-dior\/#breadcrumb\"},\"inLanguage\":\"es\",\"potentialAction\":[{\"@type\":\"ReadAction\",\"target\":[\"https:\/\/graziamagazine.com\/es\/articles\/el-labial-mas-vendido-del-mercado-espanol-es-de-dior\/\"]}]},{\"@type\":\"BreadcrumbList\",\"@id\":\"https:\/\/graziamagazine.com\/es\/articles\/el-labial-mas-vendido-del-mercado-espanol-es-de-dior\/#breadcrumb\",\"itemListElement\":[{\"@type\":\"ListItem\",\"position\":1,\"name\":\"Portada\",\"item\":\"https:\/\/graziamagazine.com\/es\/\"},{\"@type\":\"ListItem\",\"position\":2,\"name\":\"El labial m\u00e1s vendido del mercado espa\u00f1ol es de Dior\"}]},{\"@type\":\"WebSite\",\"@id\":\"https:\/\/graziamagazine.com\/es\/#website\",\"url\":\"https:\/\/graziamagazine.com\/es\/\",\"name\":\"Grazia\",\"description\":\"Moda, belleza, celebrities, estilo de vida...\",\"potentialAction\":[{\"@type\":\"SearchAction\",\"target\":{\"@type\":\"EntryPoint\",\"urlTemplate\":\"https:\/\/graziamagazine.com\/es\/?s={search_term_string}\"},\"query-input\":\"required name=search_term_string\"}],\"inLanguage\":\"es\"}]}<\/script>\n<!-- \/ Yoast SEO Premium plugin. -->","yoast_head_json":{"title":"El labial m\u00e1s vendido del mercado espa\u00f1ol es de Dior | Grazia","description":"Lleg\u00f3 al mercado en 2009, desde entonces forma parte del neceser femenino y se venden uno cada 3 segundos en el mundo. \u00bfTodav\u00eda no lo tienes fichado?","robots":{"index":"index","follow":"follow","max-snippet":"max-snippet:-1","max-image-preview":"max-image-preview:large","max-video-preview":"max-video-preview:-1"},"canonical":"https:\/\/graziamagazine.com\/es\/articles\/el-labial-mas-vendido-del-mercado-espanol-es-de-dior\/","og_locale":"es_ES","og_type":"article","og_title":"El labial m\u00e1s vendido del mercado espa\u00f1ol es de Dior","og_description":"Lleg\u00f3 al mercado en 2009, desde entonces forma parte del neceser femenino y se venden uno cada 3 segundos en el mundo. \u00bfTodav\u00eda no lo tienes fichado?","og_url":"https:\/\/graziamagazine.com\/es\/articles\/el-labial-mas-vendido-del-mercado-espanol-es-de-dior\/","og_site_name":"Grazia","og_image":[{"width":1200,"height":628,"url":"https:\/\/graziamagazine.com\/es\/wp-content\/uploads\/sites\/12\/2020\/07\/fb-Dior-Addict-Lip-Glow-Bella-Hadid-Beauty.jpg?fit=1200%2C628","type":"image\/jpeg"}],"twitter_card":"summary_large_image","twitter_misc":{"Est. reading time":"2 minutos"},"schema":{"@context":"https:\/\/schema.org","@graph":[{"@type":"WebPage","@id":"https:\/\/graziamagazine.com\/es\/articles\/el-labial-mas-vendido-del-mercado-espanol-es-de-dior\/","url":"https:\/\/graziamagazine.com\/es\/articles\/el-labial-mas-vendido-del-mercado-espanol-es-de-dior\/","name":"El labial m\u00e1s vendido del mercado espa\u00f1ol es de Dior | Grazia","isPartOf":{"@id":"https:\/\/graziamagazine.com\/es\/#website"},"datePublished":"2020-07-17T06:55:57+00:00","dateModified":"2020-07-17T06:55:57+00:00","description":"Lleg\u00f3 al mercado en 2009, desde entonces forma parte del neceser femenino y se venden uno cada 3 segundos en el mundo. \u00bfTodav\u00eda no lo tienes fichado?","breadcrumb":{"@id":"https:\/\/graziamagazine.com\/es\/articles\/el-labial-mas-vendido-del-mercado-espanol-es-de-dior\/#breadcrumb"},"inLanguage":"es","potentialAction":[{"@type":"ReadAction","target":["https:\/\/graziamagazine.com\/es\/articles\/el-labial-mas-vendido-del-mercado-espanol-es-de-dior\/"]}]},{"@type":"BreadcrumbList","@id":"https:\/\/graziamagazine.com\/es\/articles\/el-labial-mas-vendido-del-mercado-espanol-es-de-dior\/#breadcrumb","itemListElement":[{"@type":"ListItem","position":1,"name":"Portada","item":"https:\/\/graziamagazine.com\/es\/"},{"@type":"ListItem","position":2,"name":"El labial m\u00e1s vendido del mercado espa\u00f1ol es de Dior"}]},{"@type":"WebSite","@id":"https:\/\/graziamagazine.com\/es\/#website","url":"https:\/\/graziamagazine.com\/es\/","name":"Grazia","description":"Moda, belleza, celebrities, estilo de vida...","potentialAction":[{"@type":"SearchAction","target":{"@type":"EntryPoint","urlTemplate":"https:\/\/graziamagazine.com\/es\/?s={search_term_string}"},"query-input":"required name=search_term_string"}],"inLanguage":"es"}]}},"jetpack_sharing_enabled":true,"distributor_meta":false,"distributor_terms":false,"distributor_media":false,"distributor_original_site_name":"Grazia","distributor_original_site_url":"https:\/\/graziamagazine.com\/es","push-errors":false,"_links":{"self":[{"href":"https:\/\/graziamagazine.com\/es\/wp-json\/wp\/v2\/articles\/154866"}],"collection":[{"href":"https:\/\/graziamagazine.com\/es\/wp-json\/wp\/v2\/articles"}],"about":[{"href":"https:\/\/graziamagazine.com\/es\/wp-json\/wp\/v2\/types\/articles"}],"author":[{"embeddable":true,"href":"https:\/\/graziamagazine.com\/es\/wp-json\/wp\/v2\/users\/11653"}],"wp:featuredmedia":[{"embeddable":true,"href":"https:\/\/graziamagazine.com\/es\/wp-json\/wp\/v2\/media\/154867"}],"wp:attachment":[{"href":"https:\/\/graziamagazine.com\/es\/wp-json\/wp\/v2\/media?parent=154866"}],"wp:term":[{"taxonomy":"category","embeddable":true,"href":"https:\/\/graziamagazine.com\/es\/wp-json\/wp\/v2\/categories?post=154866"}],"curies":[{"name":"wp","href":"https:\/\/api.w.org\/{rel}","templated":true}]}}