{"id":154840,"date":"2020-07-16T10:53:05","date_gmt":"2020-07-16T08:53:05","guid":{"rendered":"https:\/\/graziamagazine.com\/es\/?post_type=articles&#038;p=154840"},"modified":"2020-07-16T10:53:05","modified_gmt":"2020-07-16T08:53:05","slug":"asi-ha-sido-el-emotivo-homenaje-de-estado-a-las-victimas-del-coronavirus","status":"publish","type":"articles","link":"https:\/\/graziamagazine.com\/es\/articles\/asi-ha-sido-el-emotivo-homenaje-de-estado-a-las-victimas-del-coronavirus\/","title":{"rendered":"As\u00ed ha sido el emotivo homenaje de Estado a las v\u00edctimas del coronavirus"},"content":{"rendered":"<p><strong>M\u00e1s de 400 invitados han asistido en la Plaza de la Armer\u00eda del Palacio Real al homenaje de estado a las v\u00edctimas de la COVID-19<\/strong>, el primero sin precedentes en nuestra historia, y que tambi\u00e9n ha servido de recordatorio a todos aquellos trabajadores de diferentes colectivos que han estado al frente en estos meses de pandemia: sanitarios, personal de supermercados, farmaceuticos y muchos m\u00e1s.<\/p>\n<p><img loading=\"lazy\" decoding=\"async\" class=\"aligncenter size-full wp-image-155254\" src=\"https:\/\/www.grazia.es\/wp-content\/uploads\/2020\/07\/EdCBlXUXoAArJ5j.jpeg\" alt=\"As\u00ed ha sido el emotivo homenaje de Estado a las v\u00edctimas del coronavirus\" width=\"1024\" height=\"684\" \/><\/p>\n<p><strong>A las 9:00 de la ma\u00f1ana comenzaba el acto de homenaje, al que han asistido SSMM los Reyes junto a sus hijas, la princesa Leonor y la infanta Sof\u00eda, el Gobierno de Espa\u00f1a al completo, todas las instituciones del Estado, todos los presidentes de las Comunidades Aut\u00f3nomas, as\u00ed como los ex-presidentes Jos\u00e9 Mar\u00eda Aznar, Jos\u00e9 Luis Rodr\u00edguez Zapatero y Mariano Rajoy<\/strong>.\u00a0La Orquesta de Radio Televisi\u00f3n Espa\u00f1ola marcaba el inicio del acto interpretando el Himno de Espa\u00f1a, justo despu\u00e9s de la entrada de don Felipe, Do\u00f1a Letiiza y sus hijas a la Plaza de Armer\u00eda.<\/p>\n<p><img loading=\"lazy\" decoding=\"async\" class=\"aligncenter size-full wp-image-155253\" src=\"https:\/\/www.grazia.es\/wp-content\/uploads\/2020\/07\/EdCBnPzWkAAPAG3.jpeg\" alt=\"As\u00ed ha sido el emotivo homenaje de Estado a las v\u00edctimas del coronavirus\" width=\"1024\" height=\"684\" \/><\/p>\n<p><strong>En el centro de la plaza el protagonista ha sido un pebetero con una llama que simbolizaba el recuerdo a todos los fallecidos<\/strong>, y al que de dos en dos se han dirigido una comitiva de invitados, para depositar rosas blancas, y encabezados por don Felipe y la princesa Leonor, junto a los dos encargados de hablar en nombre de todos, Aroa L\u00f3pez y Hernando Calleja, el hermano del m\u00edtico periodista Jos\u00e9 Mar\u00eda Calleja, fallecido por la COVID-19 en abril.\u00a0 En ese momento, quiz\u00e1 el m\u00e1s emotivo de la ceremonia, han participado tambi\u00e9n todas las Comunidades Aut\u00f3nomas e instituciones, mientras la orquesta de Radio Televisi\u00f3n Espa\u00f1ola interpretaba &#8216;La canci\u00f3n del esp\u00edritu&#8217; de Brahms.<\/p>\n<blockquote><p>\u00abLa memoria es un deber\u00bb, ha dicho el hermano del periodista Jos\u00e9 Mar\u00eda Calleja, fallecido en abril, quien ha abogado por mantener vivo el recuerdo en la memoria de todos<\/p><\/blockquote>\n<p><img loading=\"lazy\" decoding=\"async\" class=\"aligncenter size-full wp-image-155252\" src=\"https:\/\/www.grazia.es\/wp-content\/uploads\/2020\/07\/EdCBqAgXYAEppcN.jpeg\" alt=\"As\u00ed ha sido el emotivo homenaje de Estado a las v\u00edctimas del coronavirus\" width=\"1024\" height=\"708\" \/><\/p>\n<p>Aroa L\u00f3pez, enfermera del Hospital Vall d&#8217;Hebron ha sido la encargada de poner voz a todos los trabajadores de la sanidad, a los transportistas, cuerpos y fuerzas de seguridad del estado, bomberos, reponedores y cajeros de supermercados, trabajadores de las comunicaciones y la energ\u00eda, como ella mismo ha recordado: \u00ab<em>los que se llamaron de la primera l\u00ednea<\/em>\u00ab.<\/p>\n<p><img loading=\"lazy\" decoding=\"async\" class=\"aligncenter size-full wp-image-155258\" src=\"https:\/\/www.grazia.es\/wp-content\/uploads\/2020\/07\/EdCFjVEXYAIVS1Y.jpeg\" alt=\"As\u00ed ha sido el emotivo homenaje de Estado a las v\u00edctimas del coronavirus\" width=\"2048\" height=\"1366\" \/><\/p>\n<p><img loading=\"lazy\" decoding=\"async\" class=\"aligncenter size-full wp-image-155250\" src=\"https:\/\/www.grazia.es\/wp-content\/uploads\/2020\/07\/EdCBqBtXgAE9HVH.jpeg\" alt=\"As\u00ed ha sido el emotivo homenaje de Estado a las v\u00edctimas del coronavirus\" width=\"1024\" height=\"682\" \/><\/p>\n<p>El Rey Felipe VI ha sido el encargado de dar unas palabras de homenaje y que ha comenzado as\u00ed:\u00a0\u00ab<em>Hoy es un d\u00eda que quedar\u00e1 guardado en nuestra memoria, en nuestros corazones, porque rendimos con profundo respeto a los miles de espa\u00f1oles que han perdido la vida por el coronavirus<\/em>\u00ab. El Rey ha tenido palabras de recogimiento para los familiares de los fallecidos, y tambi\u00e9n ha alabado c\u00f3mo los espa\u00f1oles nos hemos comportado, con la fuerza moral y el esp\u00edritu de superaci\u00f3n del pueblo espa\u00f1ol.<\/p>\n<blockquote><p>No est\u00e1n solos en su dolor, es un dolor que compartimos. Su duelo, es el nuestro<\/p><\/blockquote>\n<p>El acto ha terminado con la lectura de un poema de Octavio Paz, &#8216;Silencio&#8217;, en la voz de Jos\u00e9 Sacrist\u00e1n, para recordar a Am\u00e9rica, un continente que como ha dicho la periodista Ana Blanco, est\u00e1 sufriendo muy fuerte la pandemia en estos momentos.<\/p>\n<p><img loading=\"lazy\" decoding=\"async\" class=\"aligncenter size-full wp-image-155251\" src=\"https:\/\/www.grazia.es\/wp-content\/uploads\/2020\/07\/EdCBqBTWkAE1ErE.jpeg\" alt=\"As\u00ed ha sido el emotivo homenaje de Estado a las v\u00edctimas del coronavirus\" width=\"1024\" height=\"682\" \/><\/p>\n<p>Como ha dicho el rey Felipe, todos los espa\u00f1oles \u00abRecordamos, reconocemos y honramos\u00bb a los que nos cuidaron, nos siguen cuidando y nos cuidar\u00e1n. Descansen en paz los, hasta el momento, 28.413 fallecidos.<\/p>\n<p>*Art\u00edculo en actualizaci\u00f3n<\/p>\n<p><em>*Im\u00e1genes: Getty Images y Casa Real<\/em><\/p>\n","protected":false},"author":11653,"featured_media":154842,"template":"","format":"standard","categories":[2971],"acf":{"banner":null},"yoast_head":"<!-- This site is optimized with the Yoast SEO Premium plugin v18.5 (Yoast SEO v20.4) - https:\/\/yoast.com\/wordpress\/plugins\/seo\/ -->\n<title>As\u00ed ha sido el emotivo homenaje de Estado a las v\u00edctimas del coronavirus | Grazia<\/title>\n<meta name=\"description\" content=\"La Plaza de la Armer\u00eda del Palacio Real ha sido el escenario en el que adem\u00e1s, se ha rendido un homenaje a todos aquellos trabajadores que siguen al frente\" \/>\n<meta name=\"robots\" content=\"index, follow, max-snippet:-1, max-image-preview:large, max-video-preview:-1\" \/>\n<link rel=\"canonical\" href=\"https:\/\/graziamagazine.com\/es\/articles\/asi-ha-sido-el-emotivo-homenaje-de-estado-a-las-victimas-del-coronavirus\/\" \/>\n<meta property=\"og:locale\" content=\"es_ES\" \/>\n<meta property=\"og:type\" content=\"article\" \/>\n<meta property=\"og:title\" content=\"As\u00ed ha sido el emotivo homenaje de Estado a las v\u00edctimas del coronavirus\" \/>\n<meta property=\"og:description\" content=\"La Plaza de la Armer\u00eda del Palacio Real ha sido el escenario en el que adem\u00e1s, se ha rendido un homenaje a todos aquellos trabajadores que siguen al frente\" \/>\n<meta property=\"og:url\" content=\"https:\/\/graziamagazine.com\/es\/articles\/asi-ha-sido-el-emotivo-homenaje-de-estado-a-las-victimas-del-coronavirus\/\" \/>\n<meta property=\"og:site_name\" content=\"Grazia\" \/>\n<meta property=\"og:image\" content=\"https:\/\/graziamagazine.com\/es\/wp-content\/uploads\/sites\/12\/2020\/07\/EdCBqAKWkAE3h4c-e1594888119249.jpeg?fit=1013%2C583\" \/>\n\t<meta property=\"og:image:width\" content=\"1013\" \/>\n\t<meta property=\"og:image:height\" content=\"583\" \/>\n\t<meta property=\"og:image:type\" content=\"image\/jpeg\" \/>\n<meta name=\"twitter:card\" content=\"summary_large_image\" \/>\n<meta name=\"twitter:label1\" content=\"Est. reading time\" \/>\n\t<meta name=\"twitter:data1\" content=\"3 minutos\" \/>\n<script type=\"application\/ld+json\" class=\"yoast-schema-graph\">{\"@context\":\"https:\/\/schema.org\",\"@graph\":[{\"@type\":\"WebPage\",\"@id\":\"https:\/\/graziamagazine.com\/es\/articles\/asi-ha-sido-el-emotivo-homenaje-de-estado-a-las-victimas-del-coronavirus\/\",\"url\":\"https:\/\/graziamagazine.com\/es\/articles\/asi-ha-sido-el-emotivo-homenaje-de-estado-a-las-victimas-del-coronavirus\/\",\"name\":\"As\u00ed ha sido el emotivo homenaje de Estado a las v\u00edctimas del coronavirus | Grazia\",\"isPartOf\":{\"@id\":\"https:\/\/graziamagazine.com\/es\/#website\"},\"datePublished\":\"2020-07-16T08:53:05+00:00\",\"dateModified\":\"2020-07-16T08:53:05+00:00\",\"description\":\"La Plaza de la Armer\u00eda del Palacio Real ha sido el escenario en el que adem\u00e1s, se ha rendido un homenaje a todos aquellos trabajadores que siguen al frente\",\"breadcrumb\":{\"@id\":\"https:\/\/graziamagazine.com\/es\/articles\/asi-ha-sido-el-emotivo-homenaje-de-estado-a-las-victimas-del-coronavirus\/#breadcrumb\"},\"inLanguage\":\"es\",\"potentialAction\":[{\"@type\":\"ReadAction\",\"target\":[\"https:\/\/graziamagazine.com\/es\/articles\/asi-ha-sido-el-emotivo-homenaje-de-estado-a-las-victimas-del-coronavirus\/\"]}]},{\"@type\":\"BreadcrumbList\",\"@id\":\"https:\/\/graziamagazine.com\/es\/articles\/asi-ha-sido-el-emotivo-homenaje-de-estado-a-las-victimas-del-coronavirus\/#breadcrumb\",\"itemListElement\":[{\"@type\":\"ListItem\",\"position\":1,\"name\":\"Portada\",\"item\":\"https:\/\/graziamagazine.com\/es\/\"},{\"@type\":\"ListItem\",\"position\":2,\"name\":\"As\u00ed ha sido el emotivo homenaje de Estado a las v\u00edctimas del coronavirus\"}]},{\"@type\":\"WebSite\",\"@id\":\"https:\/\/graziamagazine.com\/es\/#website\",\"url\":\"https:\/\/graziamagazine.com\/es\/\",\"name\":\"Grazia\",\"description\":\"Moda, belleza, celebrities, estilo de vida...\",\"potentialAction\":[{\"@type\":\"SearchAction\",\"target\":{\"@type\":\"EntryPoint\",\"urlTemplate\":\"https:\/\/graziamagazine.com\/es\/?s={search_term_string}\"},\"query-input\":\"required name=search_term_string\"}],\"inLanguage\":\"es\"}]}<\/script>\n<!-- \/ Yoast SEO Premium plugin. -->","yoast_head_json":{"title":"As\u00ed ha sido el emotivo homenaje de Estado a las v\u00edctimas del coronavirus | Grazia","description":"La Plaza de la Armer\u00eda del Palacio Real ha sido el escenario en el que adem\u00e1s, se ha rendido un homenaje a todos aquellos trabajadores que siguen al frente","robots":{"index":"index","follow":"follow","max-snippet":"max-snippet:-1","max-image-preview":"max-image-preview:large","max-video-preview":"max-video-preview:-1"},"canonical":"https:\/\/graziamagazine.com\/es\/articles\/asi-ha-sido-el-emotivo-homenaje-de-estado-a-las-victimas-del-coronavirus\/","og_locale":"es_ES","og_type":"article","og_title":"As\u00ed ha sido el emotivo homenaje de Estado a las v\u00edctimas del coronavirus","og_description":"La Plaza de la Armer\u00eda del Palacio Real ha sido el escenario en el que adem\u00e1s, se ha rendido un homenaje a todos aquellos trabajadores que siguen al frente","og_url":"https:\/\/graziamagazine.com\/es\/articles\/asi-ha-sido-el-emotivo-homenaje-de-estado-a-las-victimas-del-coronavirus\/","og_site_name":"Grazia","og_image":[{"width":1013,"height":583,"url":"https:\/\/graziamagazine.com\/es\/wp-content\/uploads\/sites\/12\/2020\/07\/EdCBqAKWkAE3h4c-e1594888119249.jpeg?fit=1013%2C583","type":"image\/jpeg"}],"twitter_card":"summary_large_image","twitter_misc":{"Est. reading time":"3 minutos"},"schema":{"@context":"https:\/\/schema.org","@graph":[{"@type":"WebPage","@id":"https:\/\/graziamagazine.com\/es\/articles\/asi-ha-sido-el-emotivo-homenaje-de-estado-a-las-victimas-del-coronavirus\/","url":"https:\/\/graziamagazine.com\/es\/articles\/asi-ha-sido-el-emotivo-homenaje-de-estado-a-las-victimas-del-coronavirus\/","name":"As\u00ed ha sido el emotivo homenaje de Estado a las v\u00edctimas del coronavirus | Grazia","isPartOf":{"@id":"https:\/\/graziamagazine.com\/es\/#website"},"datePublished":"2020-07-16T08:53:05+00:00","dateModified":"2020-07-16T08:53:05+00:00","description":"La Plaza de la Armer\u00eda del Palacio Real ha sido el escenario en el que adem\u00e1s, se ha rendido un homenaje a todos aquellos trabajadores que siguen al frente","breadcrumb":{"@id":"https:\/\/graziamagazine.com\/es\/articles\/asi-ha-sido-el-emotivo-homenaje-de-estado-a-las-victimas-del-coronavirus\/#breadcrumb"},"inLanguage":"es","potentialAction":[{"@type":"ReadAction","target":["https:\/\/graziamagazine.com\/es\/articles\/asi-ha-sido-el-emotivo-homenaje-de-estado-a-las-victimas-del-coronavirus\/"]}]},{"@type":"BreadcrumbList","@id":"https:\/\/graziamagazine.com\/es\/articles\/asi-ha-sido-el-emotivo-homenaje-de-estado-a-las-victimas-del-coronavirus\/#breadcrumb","itemListElement":[{"@type":"ListItem","position":1,"name":"Portada","item":"https:\/\/graziamagazine.com\/es\/"},{"@type":"ListItem","position":2,"name":"As\u00ed ha sido el emotivo homenaje de Estado a las v\u00edctimas del coronavirus"}]},{"@type":"WebSite","@id":"https:\/\/graziamagazine.com\/es\/#website","url":"https:\/\/graziamagazine.com\/es\/","name":"Grazia","description":"Moda, belleza, celebrities, estilo de vida...","potentialAction":[{"@type":"SearchAction","target":{"@type":"EntryPoint","urlTemplate":"https:\/\/graziamagazine.com\/es\/?s={search_term_string}"},"query-input":"required name=search_term_string"}],"inLanguage":"es"}]}},"jetpack_sharing_enabled":true,"distributor_meta":false,"distributor_terms":false,"distributor_media":false,"distributor_original_site_name":"Grazia","distributor_original_site_url":"https:\/\/graziamagazine.com\/es","push-errors":false,"_links":{"self":[{"href":"https:\/\/graziamagazine.com\/es\/wp-json\/wp\/v2\/articles\/154840"}],"collection":[{"href":"https:\/\/graziamagazine.com\/es\/wp-json\/wp\/v2\/articles"}],"about":[{"href":"https:\/\/graziamagazine.com\/es\/wp-json\/wp\/v2\/types\/articles"}],"author":[{"embeddable":true,"href":"https:\/\/graziamagazine.com\/es\/wp-json\/wp\/v2\/users\/11653"}],"wp:featuredmedia":[{"embeddable":true,"href":"https:\/\/graziamagazine.com\/es\/wp-json\/wp\/v2\/media\/154842"}],"wp:attachment":[{"href":"https:\/\/graziamagazine.com\/es\/wp-json\/wp\/v2\/media?parent=154840"}],"wp:term":[{"taxonomy":"category","embeddable":true,"href":"https:\/\/graziamagazine.com\/es\/wp-json\/wp\/v2\/categories?post=154840"}],"curies":[{"name":"wp","href":"https:\/\/api.w.org\/{rel}","templated":true}]}}