{"id":154762,"date":"2020-07-07T16:01:54","date_gmt":"2020-07-07T14:01:54","guid":{"rendered":"https:\/\/graziamagazine.com\/es\/?post_type=articles&#038;p=154762"},"modified":"2020-07-16T21:31:52","modified_gmt":"2020-07-16T19:31:52","slug":"5-colecciones-de-la-semana-de-la-alta-costura-otono-invierno-2020-que-debes-ver","status":"publish","type":"articles","link":"https:\/\/graziamagazine.com\/es\/articles\/5-colecciones-de-la-semana-de-la-alta-costura-otono-invierno-2020-que-debes-ver\/","title":{"rendered":"5 colecciones de la Semana de la Alta Costura oto\u00f1o-invierno 2020 que debes ver"},"content":{"rendered":"<p>Con las dificultades y medidas de sanidad debido a la COVID -19, las marcas han tenido que hacer algunos cambios en el lanzamiento de sus colecciones y prendas; pero la creatividad ha salido a flote y estas cinco firmas nos han sorprendido con sus presentaciones. Son estas:\u00a0<span class=\"Apple-converted-space\">\u00a0<\/span><\/p>\n<h3>Schiaparelli<\/h3>\n<p class=\"linkAfter\">Schiaparelli present\u00f3 un cortometraje donde muestra al director creativo Daniel Roseberry dibujando lo que denomin\u00f3 una \u201cColecci\u00f3n imaginaria\u201d. Se puede observar el proceso desde su departamento en Nueva York y su trayecto hasta llegar a un vacio Washington Square Park donde se sienta en un banco y comienza a bocetar.<\/p>\n<p>\u201cLa vida hoy se vive de acuerdo con los opuestos; la pandemia ha invertido todo lo que sab\u00edamos. Ahora, en lugar de un equipo para ejecutar esta colecci\u00f3n, solo tengo mi propia imaginaci\u00f3n.\u00a0En lugar de la Place Vend\u00f4me en Par\u00eds, ha sido dise\u00f1ada y dibujada en un banco del parque \u201d, dijo el dise\u00f1ador en un comunicado. Sus dibujos hicieron alusi\u00f3n a la fundadora Elsa\u00a0Schiaparelli,\u00a0incluyendo un impactante vestido rosa de columna, una chaqueta con mangas de cordero y un\u00a0<em>top<\/em>\u00a0de \u201ccandelabro\u201d.\u00a0La casa espera mostrar una colecci\u00f3n c\u00e1psula de estos dise\u00f1os en Los \u00c1ngeles en diciembre.<\/p>\n<h3>Iris van Herpen<\/h3>\n<p class=\"linkAfter\">Los vestidos Alta Costura de Iris van Herpen siempre han sido una combinaci\u00f3n de inspiraci\u00f3n cient\u00edfica, artesan\u00eda minuciosa y poes\u00eda, y lo demuestra una vez m\u00e1s con su\u00a0<em>fashion film<\/em>,\u00a0<em>Transmotion<\/em>.\u00a0El vestido estelar del filme es una intrincada red de ramas negras, cortadas con l\u00e1ser y cosidas a mano en sat\u00e9n de duquesa, que estallan en forma de flores de organza de seda blanca, los bordes son ondulados en forma de p\u00e9talo.\u00a0Adem\u00e1s, del corpi\u00f1o y el dobladillo brotan delicados filamentos transparentes que terminan en cristales negros con forma de semilla.<\/p>\n<p>El cortometraje dirigido por Ryan McDaniels est\u00e1 protagonizado por la actriz Carice van Houten, mejor conocida por su papel como Melisandre en\u00a0<em>Game of Thrones<\/em>. Carice luce\u00a0el vestido en cuesti\u00f3n con\u00a0luces pulsares mientras que el motivo principal del dise\u00f1o es formado por cristales negros en el piso de piedra al ritmo del sonido y la m\u00fasica instrumenta. Sin duda una prenda llena de emociones.<\/p>\n<h3>Ulyana Sergeenko<\/h3>\n<p class=\"linkAfter\">Ulyana Sergeenko comparti\u00f3 un video dividido en tres partes: la primera vemos a las costureras de la firma trabajando y platicando sobre lo que significa para ellas Ulyana Sergeenko y la colecci\u00f3n; la segunda parte muestra el proceso desde la parte creativa, elaboraci\u00f3n, hasta la prueba en modelos; por \u00faltimo la presentaci\u00f3n de la colecci\u00f3n lista en una pasarela digital con m\u00fasica instrumental estridente y fondo negro.<\/p>\n<p><a href=\"https:\/\/grazia.mx\/5-cosas-que-debes-conocer-sobre-la-coleccion-alta-costura-otono-invierno-2020-de-dior\/\"class=\"link_innote\"  target=\"_blank\">TAMBI\u00c9N TE PUEDE INTERESAR:<strong>5 cosas que debes conocer sobre la colecci\u00f3n Alta Costura oto\u00f1o-invierno 2020 de Dior<i class=\"fas fa-long-arrow-alt-right\"><\/i><\/strong><\/a><\/p>\n<p>&nbsp;<\/p>\n<h3>Balmain<\/h3>\n<p class=\"linkAfter\">Balmain envi\u00f3 un bote por el r\u00edo Sena el domingo por la tarde para celebrar el aniversario 75 de la\u00a0<em>maison<\/em>.\u00a0El espect\u00e1culo estuvo conformado por una actuaci\u00f3n musical de la cantante, Yseult, una coreograf\u00eda y una exhibici\u00f3n de moda, la cual se dirigi\u00f3 r\u00edo abajo entreteniendo a los que estaban en los puentes u orillas del Sena.\u00a0<em>Balmain Sur de Seine<\/em>\u00a0recorri\u00f3\u00a0desde la Torre Eiffel, pasando por el Pont des Arts y continuando hacia\u00a0Notre-Dame.<\/p>\n<p>Las modelos lucieron piezas del archivo de Balmain, incluidas las creaciones del mism\u00edsimo\u00a0<em>couturier<\/em>,\u00a0Pierre Balmain, y sus sucesores: Erik Mortensen, Oscar de la Renta y, por supuesto, el actual director creativo Olivier Rousteing.<span class=\"Apple-converted-space\">\u00a0<\/span>La firma anunci\u00f3 que planea organizar un desfile de moda f\u00edsico en el calendario\u00a0<em>pr\u00eat-\u00e0-porter<\/em>\u00a0de septiembre en Par\u00eds, adem\u00e1s de complementarlo con material digital.\u00a0Esta noticia sigue al anuncio\u00a0del \u00f3rgano rector\u00a0de\u00a0la moda francesa de que la semana de la moda de Par\u00eds\u00a0<a href=\"https:\/\/grazia.mx\/paris-fashion-week-regresa-en-septiembre-con-las-propuestas-para-primavera-verano-2021\/\" target=\"_blank\">tendr\u00e1 lugar del 28 de septiembre al 6 de octubre en formato f\u00edsico<\/a>.<\/p>\n<h3>Ralph &amp; Russo<\/h3>\n<p>Ralph &amp; Russo llev\u00f3 su colecci\u00f3n Alta Costura oto\u00f1o-invierno 2020 a la escena mundial a trav\u00e9s de una experiencia digital \u00fanica. Reflexionando sobre la belleza y la fusi\u00f3n del mundo natural actual con el mundo digital del futuro, la Directora Creativa Tamara Ralph present\u00f3 una colecci\u00f3n impregnada de maravilla, fantas\u00eda que nos anima a mirar m\u00e1s all\u00e1 y a so\u00f1ar en esta \u00e9poca de pandemia. En la propuesta que tuvo como escenario virtual a las siete maravillas del mundo moderno, abundan los tonos vibrantes de amarillo-dorado y azul celeste, tonos de lavanda y rosa fucsia.<\/p>\n<p>Uno de los detalles m\u00e1s interesantes de la presentaci\u00f3n fue el nacimiento de Hauli, un avatar propio de la marca llamada en el swahili tradicional por su fuerza y poder. Hauli refleja la belleza de los or\u00edgenes africanos y es un reflejo de las mujeres hermosas e inspiradoras que traen coraje y cambios positivos.<\/p>\n<h5><em>*Imagen: Cortes\u00eda Ralph &amp; Russo<\/em><\/h5>\n","protected":false},"author":11653,"featured_media":154763,"template":"","format":"standard","categories":[4392],"acf":[],"yoast_head":"<!-- This site is optimized with the Yoast SEO Premium plugin v18.5 (Yoast SEO v20.4) - https:\/\/yoast.com\/wordpress\/plugins\/seo\/ -->\n<title>5 colecciones de la Semana de la Alta Costura oto\u00f1o-invierno 2020 que debes ver | Grazia<\/title>\n<meta name=\"description\" content=\"Debido a la pandemia, la moda tuvo que innovar para presentar sus colecciones Couture y estas cinco firmas hicieron un excelente trabajo en ello.\" \/>\n<meta name=\"robots\" content=\"index, follow, max-snippet:-1, max-image-preview:large, max-video-preview:-1\" \/>\n<link rel=\"canonical\" href=\"https:\/\/graziamagazine.com\/es\/articles\/5-colecciones-de-la-semana-de-la-alta-costura-otono-invierno-2020-que-debes-ver\/\" \/>\n<meta property=\"og:locale\" content=\"es_ES\" \/>\n<meta property=\"og:type\" content=\"article\" \/>\n<meta property=\"og:title\" content=\"5 colecciones de la Semana de la Alta Costura oto\u00f1o-invierno 2020 que debes ver\" \/>\n<meta property=\"og:description\" content=\"Debido a la pandemia, la moda tuvo que innovar para presentar sus colecciones Couture y estas cinco firmas hicieron un excelente trabajo en ello.\" \/>\n<meta property=\"og:url\" content=\"https:\/\/graziamagazine.com\/es\/articles\/5-colecciones-de-la-semana-de-la-alta-costura-otono-invierno-2020-que-debes-ver\/\" \/>\n<meta property=\"og:site_name\" content=\"Grazia\" \/>\n<meta property=\"article:modified_time\" content=\"2020-07-16T19:31:52+00:00\" \/>\n<meta property=\"og:image\" content=\"https:\/\/graziamagazine.com\/es\/wp-content\/uploads\/sites\/12\/2020\/07\/5-presentaciones-de-la-semana-de-la-alta-costura-otono-invierno-2020-que-debes-ver-destacada.jpg?fit=1920%2C1371\" \/>\n\t<meta property=\"og:image:width\" content=\"1920\" \/>\n\t<meta property=\"og:image:height\" content=\"1371\" \/>\n\t<meta property=\"og:image:type\" content=\"image\/jpeg\" \/>\n<meta name=\"twitter:card\" content=\"summary_large_image\" \/>\n<meta name=\"twitter:label1\" content=\"Est. reading time\" \/>\n\t<meta name=\"twitter:data1\" content=\"4 minutos\" \/>\n<script type=\"application\/ld+json\" class=\"yoast-schema-graph\">{\"@context\":\"https:\/\/schema.org\",\"@graph\":[{\"@type\":\"WebPage\",\"@id\":\"https:\/\/graziamagazine.com\/es\/articles\/5-colecciones-de-la-semana-de-la-alta-costura-otono-invierno-2020-que-debes-ver\/\",\"url\":\"https:\/\/graziamagazine.com\/es\/articles\/5-colecciones-de-la-semana-de-la-alta-costura-otono-invierno-2020-que-debes-ver\/\",\"name\":\"5 colecciones de la Semana de la Alta Costura oto\u00f1o-invierno 2020 que debes ver | Grazia\",\"isPartOf\":{\"@id\":\"https:\/\/graziamagazine.com\/es\/#website\"},\"datePublished\":\"2020-07-07T14:01:54+00:00\",\"dateModified\":\"2020-07-16T19:31:52+00:00\",\"description\":\"Debido a la pandemia, la moda tuvo que innovar para presentar sus colecciones Couture y estas cinco firmas hicieron un excelente trabajo en ello.\",\"breadcrumb\":{\"@id\":\"https:\/\/graziamagazine.com\/es\/articles\/5-colecciones-de-la-semana-de-la-alta-costura-otono-invierno-2020-que-debes-ver\/#breadcrumb\"},\"inLanguage\":\"es\",\"potentialAction\":[{\"@type\":\"ReadAction\",\"target\":[\"https:\/\/graziamagazine.com\/es\/articles\/5-colecciones-de-la-semana-de-la-alta-costura-otono-invierno-2020-que-debes-ver\/\"]}]},{\"@type\":\"BreadcrumbList\",\"@id\":\"https:\/\/graziamagazine.com\/es\/articles\/5-colecciones-de-la-semana-de-la-alta-costura-otono-invierno-2020-que-debes-ver\/#breadcrumb\",\"itemListElement\":[{\"@type\":\"ListItem\",\"position\":1,\"name\":\"Portada\",\"item\":\"https:\/\/graziamagazine.com\/es\/\"},{\"@type\":\"ListItem\",\"position\":2,\"name\":\"5 colecciones de la Semana de la Alta Costura oto\u00f1o-invierno 2020 que debes ver\"}]},{\"@type\":\"WebSite\",\"@id\":\"https:\/\/graziamagazine.com\/es\/#website\",\"url\":\"https:\/\/graziamagazine.com\/es\/\",\"name\":\"Grazia\",\"description\":\"Moda, belleza, celebrities, estilo de vida...\",\"potentialAction\":[{\"@type\":\"SearchAction\",\"target\":{\"@type\":\"EntryPoint\",\"urlTemplate\":\"https:\/\/graziamagazine.com\/es\/?s={search_term_string}\"},\"query-input\":\"required name=search_term_string\"}],\"inLanguage\":\"es\"}]}<\/script>\n<!-- \/ Yoast SEO Premium plugin. -->","yoast_head_json":{"title":"5 colecciones de la Semana de la Alta Costura oto\u00f1o-invierno 2020 que debes ver | Grazia","description":"Debido a la pandemia, la moda tuvo que innovar para presentar sus colecciones Couture y estas cinco firmas hicieron un excelente trabajo en ello.","robots":{"index":"index","follow":"follow","max-snippet":"max-snippet:-1","max-image-preview":"max-image-preview:large","max-video-preview":"max-video-preview:-1"},"canonical":"https:\/\/graziamagazine.com\/es\/articles\/5-colecciones-de-la-semana-de-la-alta-costura-otono-invierno-2020-que-debes-ver\/","og_locale":"es_ES","og_type":"article","og_title":"5 colecciones de la Semana de la Alta Costura oto\u00f1o-invierno 2020 que debes ver","og_description":"Debido a la pandemia, la moda tuvo que innovar para presentar sus colecciones Couture y estas cinco firmas hicieron un excelente trabajo en ello.","og_url":"https:\/\/graziamagazine.com\/es\/articles\/5-colecciones-de-la-semana-de-la-alta-costura-otono-invierno-2020-que-debes-ver\/","og_site_name":"Grazia","article_modified_time":"2020-07-16T19:31:52+00:00","og_image":[{"width":1920,"height":1371,"url":"https:\/\/graziamagazine.com\/es\/wp-content\/uploads\/sites\/12\/2020\/07\/5-presentaciones-de-la-semana-de-la-alta-costura-otono-invierno-2020-que-debes-ver-destacada.jpg?fit=1920%2C1371","type":"image\/jpeg"}],"twitter_card":"summary_large_image","twitter_misc":{"Est. reading time":"4 minutos"},"schema":{"@context":"https:\/\/schema.org","@graph":[{"@type":"WebPage","@id":"https:\/\/graziamagazine.com\/es\/articles\/5-colecciones-de-la-semana-de-la-alta-costura-otono-invierno-2020-que-debes-ver\/","url":"https:\/\/graziamagazine.com\/es\/articles\/5-colecciones-de-la-semana-de-la-alta-costura-otono-invierno-2020-que-debes-ver\/","name":"5 colecciones de la Semana de la Alta Costura oto\u00f1o-invierno 2020 que debes ver | Grazia","isPartOf":{"@id":"https:\/\/graziamagazine.com\/es\/#website"},"datePublished":"2020-07-07T14:01:54+00:00","dateModified":"2020-07-16T19:31:52+00:00","description":"Debido a la pandemia, la moda tuvo que innovar para presentar sus colecciones Couture y estas cinco firmas hicieron un excelente trabajo en ello.","breadcrumb":{"@id":"https:\/\/graziamagazine.com\/es\/articles\/5-colecciones-de-la-semana-de-la-alta-costura-otono-invierno-2020-que-debes-ver\/#breadcrumb"},"inLanguage":"es","potentialAction":[{"@type":"ReadAction","target":["https:\/\/graziamagazine.com\/es\/articles\/5-colecciones-de-la-semana-de-la-alta-costura-otono-invierno-2020-que-debes-ver\/"]}]},{"@type":"BreadcrumbList","@id":"https:\/\/graziamagazine.com\/es\/articles\/5-colecciones-de-la-semana-de-la-alta-costura-otono-invierno-2020-que-debes-ver\/#breadcrumb","itemListElement":[{"@type":"ListItem","position":1,"name":"Portada","item":"https:\/\/graziamagazine.com\/es\/"},{"@type":"ListItem","position":2,"name":"5 colecciones de la Semana de la Alta Costura oto\u00f1o-invierno 2020 que debes ver"}]},{"@type":"WebSite","@id":"https:\/\/graziamagazine.com\/es\/#website","url":"https:\/\/graziamagazine.com\/es\/","name":"Grazia","description":"Moda, belleza, celebrities, estilo de vida...","potentialAction":[{"@type":"SearchAction","target":{"@type":"EntryPoint","urlTemplate":"https:\/\/graziamagazine.com\/es\/?s={search_term_string}"},"query-input":"required name=search_term_string"}],"inLanguage":"es"}]}},"jetpack_sharing_enabled":true,"distributor_meta":false,"distributor_terms":false,"distributor_media":false,"distributor_original_site_name":"Grazia","distributor_original_site_url":"https:\/\/graziamagazine.com\/es","push-errors":false,"_links":{"self":[{"href":"https:\/\/graziamagazine.com\/es\/wp-json\/wp\/v2\/articles\/154762"}],"collection":[{"href":"https:\/\/graziamagazine.com\/es\/wp-json\/wp\/v2\/articles"}],"about":[{"href":"https:\/\/graziamagazine.com\/es\/wp-json\/wp\/v2\/types\/articles"}],"author":[{"embeddable":true,"href":"https:\/\/graziamagazine.com\/es\/wp-json\/wp\/v2\/users\/11653"}],"wp:featuredmedia":[{"embeddable":true,"href":"https:\/\/graziamagazine.com\/es\/wp-json\/wp\/v2\/media\/154763"}],"wp:attachment":[{"href":"https:\/\/graziamagazine.com\/es\/wp-json\/wp\/v2\/media?parent=154762"}],"wp:term":[{"taxonomy":"category","embeddable":true,"href":"https:\/\/graziamagazine.com\/es\/wp-json\/wp\/v2\/categories?post=154762"}],"curies":[{"name":"wp","href":"https:\/\/api.w.org\/{rel}","templated":true}]}}