{"id":154733,"date":"2020-07-03T09:01:51","date_gmt":"2020-07-03T07:01:51","guid":{"rendered":"https:\/\/graziamagazine.com\/es\/?post_type=articles&#038;p=154733"},"modified":"2020-07-03T09:01:51","modified_gmt":"2020-07-03T07:01:51","slug":"meghan-markle-sorprendio-en-una-visita-de-caridad-en-los-angeles-hablando-perfectamente-espanol","status":"publish","type":"articles","link":"https:\/\/graziamagazine.com\/es\/articles\/meghan-markle-sorprendio-en-una-visita-de-caridad-en-los-angeles-hablando-perfectamente-espanol\/","title":{"rendered":"Meghan Markle sorprendi\u00f3 en una visita de caridad en Los \u00c1ngeles hablando perfectamente espa\u00f1ol"},"content":{"rendered":"<p>Una de las habilidades que no conoc\u00edamos de\u00a0<strong>Meghan Markle<\/strong>\u00a0sali\u00f3 a la luz en una visita de caridad que hizo en Los \u00c1ngeles el pasado 23 de junio. Los duques de Sussex se ofrecieron como voluntarios en\u00a0<a href=\"https:\/\/homeboyindustries.org\/\" target=\"_blank\" rel=\"noopener noreferrer\" target=\"_blank\">Homeboy Industries<\/a>, un programa de rehabilitaci\u00f3n que brinda apoyo a las personas en proceso de readaptaci\u00f3n despu\u00e9s de pasar tiempo en prisi\u00f3n por relacionarse con bandas callejeras, horneando pan y paquetes de comida para los m\u00e1s necesitados durante la pandemia. Pero para sorpresa de todos, la ex actriz empez\u00f3 a hablar espa\u00f1ol con una de las participantes.<\/p>\n<p>Pero, \u00bfd\u00f3nde lo aprendi\u00f3? Uno de los datos que muy pocos saben sobre la vida de Meghan es que despu\u00e9s de especializarse en teatro en la universidad Northwestern, realiz\u00f3 una pasant\u00eda en la Embajada de Estados Unidos en Buenos Aires, Argentina, donde aprendi\u00f3 a hablar el idioma. \u201c<em>Habl\u00f3 en espa\u00f1ol perfectamente con una mujer joven<\/em>\u201d, dijo el padre Greg Boyle, fundador del grupo en cuesti\u00f3n, a\u00a0<a href=\"https:\/\/people.com\/royals\/meghan-markle-spoke-perfect-spanish-during-emotional-visit-to-l-a-charity-it-was-a-revelation\/\" target=\"_blank\" rel=\"noopener noreferrer\" target=\"_blank\"><em>People<\/em><\/a>. \u201c<em>Se fue directamente al espa\u00f1ol, lo que fue una revelaci\u00f3n (y fue muy bueno)<\/em>\u201d, agreg\u00f3.<\/p>\n<p>La organizaci\u00f3n agradeci\u00f3 al pr\u00edncipe Harry y su esposa por su participaci\u00f3n en redes sociales y Boyle adem\u00e1s coment\u00f3 para la revista en cuesti\u00f3n que ambos quisieron evitar ponerse en una actitud de celebridades, solo llegaron, se pusieron guantes, delantal y empezaron a cocinar. \u201c<em>Gracias a Harry y Meghan, el duque y la duquesa de Sussex, por visitarnos, apoyar y unirse a nuestros equipos de la cafeter\u00eda y panader\u00eda ayer. Nuestro personal estaba encantado de trabajar junto a ellos mientras ayudaron a preparar alimentos y aprendieron m\u00e1s sobre nuestro nuevo programa #FeedHOPE, que emplea a los participantes para proporcionar comidas a personas mayores y j\u00f3venes con necesidades en Los \u00c1ngeles a ra\u00edz de la pandemia del coronavirus<\/em>\u201d, expresaron.<\/p>\n<p>Adem\u00e1s, Greg mencion\u00f3 que ambos fueron muy amables y se preocuparon por conectarse con cada uno de los miembros del equipo. \u201cUn par de veces se separar\u00edan en una mesa u otra, pero despu\u00e9s encontrar\u00edan el camino para reencontrarse uno con el otro. Fue simplemente dulce\u201d, dijo. \u201cParece que pasaron un buen rato juntos. Todos nos sentimos especiales de que eligieran venir a nuestro espacio\u201d.<\/p>\n<h5><em>*Imagen: Getty Images<\/em><\/h5>\n","protected":false},"author":11656,"featured_media":154734,"template":"","format":"standard","categories":[2147],"acf":[],"yoast_head":"<!-- This site is optimized with the Yoast SEO Premium plugin v18.5 (Yoast SEO v20.4) - https:\/\/yoast.com\/wordpress\/plugins\/seo\/ -->\n<title>Meghan Markle sorprendi\u00f3 en una visita de caridad en Los \u00c1ngeles hablando perfectamente espa\u00f1ol | Grazia<\/title>\n<meta name=\"description\" content=\"Meghan Markle y el pr\u00edncipe Harry se convirtieron en voluntarios para ayudar a los m\u00e1s necesitados durante la pandemia y la exactriz sorprendi\u00f3 a todos hablando espa\u00f1ol.\" \/>\n<meta name=\"robots\" content=\"index, follow, max-snippet:-1, max-image-preview:large, max-video-preview:-1\" \/>\n<link rel=\"canonical\" href=\"https:\/\/graziamagazine.com\/es\/articles\/meghan-markle-sorprendio-en-una-visita-de-caridad-en-los-angeles-hablando-perfectamente-espanol\/\" \/>\n<meta property=\"og:locale\" content=\"es_ES\" \/>\n<meta property=\"og:type\" content=\"article\" \/>\n<meta property=\"og:title\" content=\"Meghan Markle sorprendi\u00f3 en una visita de caridad en Los \u00c1ngeles hablando perfectamente espa\u00f1ol\" \/>\n<meta property=\"og:description\" content=\"Meghan Markle y el pr\u00edncipe Harry se convirtieron en voluntarios para ayudar a los m\u00e1s necesitados durante la pandemia y la exactriz sorprendi\u00f3 a todos hablando espa\u00f1ol.\" \/>\n<meta property=\"og:url\" content=\"https:\/\/graziamagazine.com\/es\/articles\/meghan-markle-sorprendio-en-una-visita-de-caridad-en-los-angeles-hablando-perfectamente-espanol\/\" \/>\n<meta property=\"og:site_name\" content=\"Grazia\" \/>\n<meta property=\"og:image\" content=\"https:\/\/graziamagazine.com\/es\/wp-content\/uploads\/sites\/12\/2020\/07\/meghan-se-olvida-de-la-moda-britanica-mientras-kate-es-su-gran-embajadora.jpg?fit=1338%2C752\" \/>\n\t<meta property=\"og:image:width\" content=\"1338\" \/>\n\t<meta property=\"og:image:height\" content=\"752\" \/>\n\t<meta property=\"og:image:type\" content=\"image\/jpeg\" \/>\n<meta name=\"twitter:card\" content=\"summary_large_image\" \/>\n<meta name=\"twitter:label1\" content=\"Est. reading time\" \/>\n\t<meta name=\"twitter:data1\" content=\"2 minutos\" \/>\n<script type=\"application\/ld+json\" class=\"yoast-schema-graph\">{\"@context\":\"https:\/\/schema.org\",\"@graph\":[{\"@type\":\"WebPage\",\"@id\":\"https:\/\/graziamagazine.com\/es\/articles\/meghan-markle-sorprendio-en-una-visita-de-caridad-en-los-angeles-hablando-perfectamente-espanol\/\",\"url\":\"https:\/\/graziamagazine.com\/es\/articles\/meghan-markle-sorprendio-en-una-visita-de-caridad-en-los-angeles-hablando-perfectamente-espanol\/\",\"name\":\"Meghan Markle sorprendi\u00f3 en una visita de caridad en Los \u00c1ngeles hablando perfectamente espa\u00f1ol | Grazia\",\"isPartOf\":{\"@id\":\"https:\/\/graziamagazine.com\/es\/#website\"},\"datePublished\":\"2020-07-03T07:01:51+00:00\",\"dateModified\":\"2020-07-03T07:01:51+00:00\",\"description\":\"Meghan Markle y el pr\u00edncipe Harry se convirtieron en voluntarios para ayudar a los m\u00e1s necesitados durante la pandemia y la exactriz sorprendi\u00f3 a todos hablando espa\u00f1ol.\",\"breadcrumb\":{\"@id\":\"https:\/\/graziamagazine.com\/es\/articles\/meghan-markle-sorprendio-en-una-visita-de-caridad-en-los-angeles-hablando-perfectamente-espanol\/#breadcrumb\"},\"inLanguage\":\"es\",\"potentialAction\":[{\"@type\":\"ReadAction\",\"target\":[\"https:\/\/graziamagazine.com\/es\/articles\/meghan-markle-sorprendio-en-una-visita-de-caridad-en-los-angeles-hablando-perfectamente-espanol\/\"]}]},{\"@type\":\"BreadcrumbList\",\"@id\":\"https:\/\/graziamagazine.com\/es\/articles\/meghan-markle-sorprendio-en-una-visita-de-caridad-en-los-angeles-hablando-perfectamente-espanol\/#breadcrumb\",\"itemListElement\":[{\"@type\":\"ListItem\",\"position\":1,\"name\":\"Portada\",\"item\":\"https:\/\/graziamagazine.com\/es\/\"},{\"@type\":\"ListItem\",\"position\":2,\"name\":\"Meghan Markle sorprendi\u00f3 en una visita de caridad en Los \u00c1ngeles hablando perfectamente espa\u00f1ol\"}]},{\"@type\":\"WebSite\",\"@id\":\"https:\/\/graziamagazine.com\/es\/#website\",\"url\":\"https:\/\/graziamagazine.com\/es\/\",\"name\":\"Grazia\",\"description\":\"Moda, belleza, celebrities, estilo de vida...\",\"potentialAction\":[{\"@type\":\"SearchAction\",\"target\":{\"@type\":\"EntryPoint\",\"urlTemplate\":\"https:\/\/graziamagazine.com\/es\/?s={search_term_string}\"},\"query-input\":\"required name=search_term_string\"}],\"inLanguage\":\"es\"}]}<\/script>\n<!-- \/ Yoast SEO Premium plugin. -->","yoast_head_json":{"title":"Meghan Markle sorprendi\u00f3 en una visita de caridad en Los \u00c1ngeles hablando perfectamente espa\u00f1ol | Grazia","description":"Meghan Markle y el pr\u00edncipe Harry se convirtieron en voluntarios para ayudar a los m\u00e1s necesitados durante la pandemia y la exactriz sorprendi\u00f3 a todos hablando espa\u00f1ol.","robots":{"index":"index","follow":"follow","max-snippet":"max-snippet:-1","max-image-preview":"max-image-preview:large","max-video-preview":"max-video-preview:-1"},"canonical":"https:\/\/graziamagazine.com\/es\/articles\/meghan-markle-sorprendio-en-una-visita-de-caridad-en-los-angeles-hablando-perfectamente-espanol\/","og_locale":"es_ES","og_type":"article","og_title":"Meghan Markle sorprendi\u00f3 en una visita de caridad en Los \u00c1ngeles hablando perfectamente espa\u00f1ol","og_description":"Meghan Markle y el pr\u00edncipe Harry se convirtieron en voluntarios para ayudar a los m\u00e1s necesitados durante la pandemia y la exactriz sorprendi\u00f3 a todos hablando espa\u00f1ol.","og_url":"https:\/\/graziamagazine.com\/es\/articles\/meghan-markle-sorprendio-en-una-visita-de-caridad-en-los-angeles-hablando-perfectamente-espanol\/","og_site_name":"Grazia","og_image":[{"width":1338,"height":752,"url":"https:\/\/graziamagazine.com\/es\/wp-content\/uploads\/sites\/12\/2020\/07\/meghan-se-olvida-de-la-moda-britanica-mientras-kate-es-su-gran-embajadora.jpg?fit=1338%2C752","type":"image\/jpeg"}],"twitter_card":"summary_large_image","twitter_misc":{"Est. reading time":"2 minutos"},"schema":{"@context":"https:\/\/schema.org","@graph":[{"@type":"WebPage","@id":"https:\/\/graziamagazine.com\/es\/articles\/meghan-markle-sorprendio-en-una-visita-de-caridad-en-los-angeles-hablando-perfectamente-espanol\/","url":"https:\/\/graziamagazine.com\/es\/articles\/meghan-markle-sorprendio-en-una-visita-de-caridad-en-los-angeles-hablando-perfectamente-espanol\/","name":"Meghan Markle sorprendi\u00f3 en una visita de caridad en Los \u00c1ngeles hablando perfectamente espa\u00f1ol | Grazia","isPartOf":{"@id":"https:\/\/graziamagazine.com\/es\/#website"},"datePublished":"2020-07-03T07:01:51+00:00","dateModified":"2020-07-03T07:01:51+00:00","description":"Meghan Markle y el pr\u00edncipe Harry se convirtieron en voluntarios para ayudar a los m\u00e1s necesitados durante la pandemia y la exactriz sorprendi\u00f3 a todos hablando espa\u00f1ol.","breadcrumb":{"@id":"https:\/\/graziamagazine.com\/es\/articles\/meghan-markle-sorprendio-en-una-visita-de-caridad-en-los-angeles-hablando-perfectamente-espanol\/#breadcrumb"},"inLanguage":"es","potentialAction":[{"@type":"ReadAction","target":["https:\/\/graziamagazine.com\/es\/articles\/meghan-markle-sorprendio-en-una-visita-de-caridad-en-los-angeles-hablando-perfectamente-espanol\/"]}]},{"@type":"BreadcrumbList","@id":"https:\/\/graziamagazine.com\/es\/articles\/meghan-markle-sorprendio-en-una-visita-de-caridad-en-los-angeles-hablando-perfectamente-espanol\/#breadcrumb","itemListElement":[{"@type":"ListItem","position":1,"name":"Portada","item":"https:\/\/graziamagazine.com\/es\/"},{"@type":"ListItem","position":2,"name":"Meghan Markle sorprendi\u00f3 en una visita de caridad en Los \u00c1ngeles hablando perfectamente espa\u00f1ol"}]},{"@type":"WebSite","@id":"https:\/\/graziamagazine.com\/es\/#website","url":"https:\/\/graziamagazine.com\/es\/","name":"Grazia","description":"Moda, belleza, celebrities, estilo de vida...","potentialAction":[{"@type":"SearchAction","target":{"@type":"EntryPoint","urlTemplate":"https:\/\/graziamagazine.com\/es\/?s={search_term_string}"},"query-input":"required name=search_term_string"}],"inLanguage":"es"}]}},"jetpack_sharing_enabled":true,"distributor_meta":false,"distributor_terms":false,"distributor_media":false,"distributor_original_site_name":"Grazia","distributor_original_site_url":"https:\/\/graziamagazine.com\/es","push-errors":false,"_links":{"self":[{"href":"https:\/\/graziamagazine.com\/es\/wp-json\/wp\/v2\/articles\/154733"}],"collection":[{"href":"https:\/\/graziamagazine.com\/es\/wp-json\/wp\/v2\/articles"}],"about":[{"href":"https:\/\/graziamagazine.com\/es\/wp-json\/wp\/v2\/types\/articles"}],"author":[{"embeddable":true,"href":"https:\/\/graziamagazine.com\/es\/wp-json\/wp\/v2\/users\/11656"}],"wp:featuredmedia":[{"embeddable":true,"href":"https:\/\/graziamagazine.com\/es\/wp-json\/wp\/v2\/media\/154734"}],"wp:attachment":[{"href":"https:\/\/graziamagazine.com\/es\/wp-json\/wp\/v2\/media?parent=154733"}],"wp:term":[{"taxonomy":"category","embeddable":true,"href":"https:\/\/graziamagazine.com\/es\/wp-json\/wp\/v2\/categories?post=154733"}],"curies":[{"name":"wp","href":"https:\/\/api.w.org\/{rel}","templated":true}]}}