{"id":154728,"date":"2020-07-02T16:40:23","date_gmt":"2020-07-02T14:40:23","guid":{"rendered":"https:\/\/graziamagazine.com\/es\/?post_type=articles&#038;p=154728"},"modified":"2020-07-02T16:40:23","modified_gmt":"2020-07-02T14:40:23","slug":"disponible-menos-de-40-euros-y-de-mango-la-reina-letizia-estrena-mono-en-su-viaje-a-cuenca","status":"publish","type":"articles","link":"https:\/\/graziamagazine.com\/es\/articles\/disponible-menos-de-40-euros-y-de-mango-la-reina-letizia-estrena-mono-en-su-viaje-a-cuenca\/","title":{"rendered":"Disponible (menos de 40 euros) y de Mango, la reina Letizia estrena mono en su viaje a Cuenca"},"content":{"rendered":"<p><strong>Los Reyes siguen su gira por Espa\u00f1a<\/strong> con la intenci\u00f3n de apoyar al sector tur\u00edstico y gastron\u00f3mico del pa\u00eds, tras la crisis sanitaria que todav\u00eda no ha terminado. D<strong>espu\u00e9s de Gran Canaria, Mallorca y Andaluc\u00eda, ha llegado el turno de visitar Cuenca<\/strong>, lo que la convierte en la cuarta parada en este tour real. All\u00ed han visitado la Asociaci\u00f3n para\u00a0la Atenci\u00f3n a Personas con Discapacidad Intelectual o del Desarrollo y sus Familias, para despu\u00e9s dar una vuelta por el centro hist\u00f3rico y por supuesto no perderse las m\u00edticas casas colgantes, uno de los puntos tur\u00edsticos de Castilla La Mancha.<\/p>\n<p><img loading=\"lazy\" decoding=\"async\" class=\"aligncenter size-full wp-image-155013\" src=\"https:\/\/www.grazia.es\/wp-content\/uploads\/2020\/07\/Eb7L3hzXYAEr3XD.jpeg\" alt=\"Disponible (menos de 40 euros) y de Mango, la reina Letizia estrena mono en su viaje a Cuenca\" width=\"2048\" height=\"1364\" \/><\/p>\n<p><strong>La reina Letizia hab\u00eda usado una f\u00f3rmula ganadora en sus \u00faltimas apariciones, adem\u00e1s de muy veraniega e inspiradora<\/strong> porque cualquiera de nosotras tenemos esas prendas en el armario: vestido + alpargatas. Hoy ha querido dar un giro a esa combinaci\u00f3n, y <strong>ha estrenado un nuevo mono tambi\u00e9n s\u00faper veraniego firmado por Mango<\/strong>. En cada una de sus \u00faltimas apariciones por Espa\u00f1a do\u00f1a Letizia ha apostado por la moda espa\u00f1ola y low cost, y en este caso no iba a ser menos, y este nueva prenda actualmente <strong>cuesta 39,99 euros<\/strong>.<\/p>\n<p><img loading=\"lazy\" decoding=\"async\" class=\"aligncenter size-full wp-image-155014\" src=\"https:\/\/www.grazia.es\/wp-content\/uploads\/2020\/07\/Eb7L3h1WsAA5zZn.jpeg\" alt=\"Disponible (menos de 40 euros) y de Mango, la reina Letizia estrena mono en su viaje a Cuenca\" width=\"2048\" height=\"1364\" \/><\/p>\n<p>Se trata de un mono fluido con un estampado en blanco y negro, de manga corta, cuello camisero y cintur\u00f3n, ideal para cualquier momento del d\u00eda y que <strong>sigue a la venta (no sabemos hasta cu\u00e1ndo) <a href=\"https:\/\/shop.mango.com\/es\/mujer\/monos-largos\/mono-detalle-lazo_67067672.html\" target=\"_blank\">en la web de Mango<\/a><\/strong>.<\/p>\n<p><img loading=\"lazy\" decoding=\"async\" class=\"aligncenter size-full wp-image-155010\" src=\"https:\/\/www.grazia.es\/wp-content\/uploads\/2020\/07\/67067672_99-99999999_01.jpg\" alt=\"Disponible (menos de 40 euros) y de Mango, la reina Letizia estrena mono en su viaje a Cuenca\" width=\"480\" height=\"671\" \/><\/p>\n<p>Pero no es la \u00fanica pieza de este look firmado por una marca espa\u00f1ola, do\u00f1a Letizia lo ha combinado con una de sus ya cl\u00e1sicas <strong>alpargatas<\/strong>, esta vez <strong>el modelo Sardinia de la firma Mint &amp; Rose en serraje de color crudo<\/strong>, con cu\u00f1a, plataforma y lazo para anudar al tobillo. Su <a href=\"https:\/\/www.mintandrose.com\/es\/inicio\/1000674-sardinia-suede-crudo.html\" target=\"_blank\">precio es de 119 euros<\/a> y puedes tambi\u00e9n encontrarlas en la web de la marca espa\u00f1ola.<\/p>\n<p><img loading=\"lazy\" decoding=\"async\" class=\"aligncenter wp-image-155011 size-full\" src=\"https:\/\/www.grazia.es\/wp-content\/uploads\/2020\/07\/SARDINIA-CRUDO-e1593699504260.png\" alt=\"Disponible (menos de 40 euros) y de Mango, la reina Letizia estrena mono en su viaje a Cuenca\" width=\"500\" height=\"374\" \/><\/p>\n<p>Y por \u00faltimo, la reina ha vuelto a llevar bolso, pero no de mano como nos tiene acostumbrados si no un <strong>bolso tipo capazo de rafia y piel de corte bandolera<\/strong> y con un tama\u00f1o muy f\u00e1cil de llevar en tus looks de verano. Su precio es <strong>de 70 euros y lo encuentras en Massimo Dutti<\/strong>.<\/p>\n<p><img loading=\"lazy\" decoding=\"async\" class=\"aligncenter size-full wp-image-155016\" src=\"https:\/\/www.grazia.es\/wp-content\/uploads\/2020\/07\/rr_visita_CUENCA_20200702_38.jpg\" alt=\"Disponible (menos de 40 euros) y de Mango, la reina Letizia estrena mono en su viaje a Cuenca\" width=\"1400\" height=\"932\" \/><\/p>\n<p>Y si no sabes con qu\u00e9 m\u00e1s combinarlo, la reina lo tiene claro: su anillo Karen Hallam y unos nuevos pendientes de aro, pero no como los que ha llevado en su \u00faltimas apariciones, si no un corte m\u00e1s moderno y con algo m\u00e1s de tama\u00f1o de lo habitual.<\/p>\n<p><img loading=\"lazy\" decoding=\"async\" class=\"aligncenter size-full wp-image-155015\" src=\"https:\/\/www.grazia.es\/wp-content\/uploads\/2020\/07\/Eb7BhwdUEAAc8PV.jpeg\" alt=\"Disponible (menos de 40 euros) y de Mango, la reina Letizia estrena mono en su viaje a Cuenca\" width=\"2048\" height=\"1368\" \/><\/p>\n<p><em>*Im\u00e1genes: Casa Real\u00a0<\/em><\/p>\n<p>&nbsp;<\/p>\n<p>&nbsp;<\/p>\n<p>&nbsp;<\/p>\n<p>&nbsp;<\/p>\n","protected":false},"author":11653,"featured_media":154729,"template":"","format":"standard","categories":[2147],"acf":[],"yoast_head":"<!-- This site is optimized with the Yoast SEO Premium plugin v18.5 (Yoast SEO v20.4) - https:\/\/yoast.com\/wordpress\/plugins\/seo\/ -->\n<title>Disponible (menos de 40 euros) y de Mango, la reina Letizia estrena mono en su viaje a Cuenca | Grazia<\/title>\n<meta name=\"description\" content=\"Y adem\u00e1s la reina Letizia ha completado el look con accesorios tambi\u00e9n made in Spain.\" \/>\n<meta name=\"robots\" content=\"index, follow, max-snippet:-1, max-image-preview:large, max-video-preview:-1\" \/>\n<link rel=\"canonical\" href=\"https:\/\/graziamagazine.com\/es\/articles\/disponible-menos-de-40-euros-y-de-mango-la-reina-letizia-estrena-mono-en-su-viaje-a-cuenca\/\" \/>\n<meta property=\"og:locale\" content=\"es_ES\" \/>\n<meta property=\"og:type\" content=\"article\" \/>\n<meta property=\"og:title\" content=\"Disponible (menos de 40 euros) y de Mango, la reina Letizia estrena mono en su viaje a Cuenca\" \/>\n<meta property=\"og:description\" content=\"Y adem\u00e1s la reina Letizia ha completado el look con accesorios tambi\u00e9n made in Spain.\" \/>\n<meta property=\"og:url\" content=\"https:\/\/graziamagazine.com\/es\/articles\/disponible-menos-de-40-euros-y-de-mango-la-reina-letizia-estrena-mono-en-su-viaje-a-cuenca\/\" \/>\n<meta property=\"og:site_name\" content=\"Grazia\" \/>\n<meta property=\"og:image\" content=\"https:\/\/graziamagazine.com\/es\/wp-content\/uploads\/sites\/12\/2020\/07\/Eb7LUM3U8AEamNg.jpeg?fit=2048%2C1362\" \/>\n\t<meta property=\"og:image:width\" content=\"2048\" \/>\n\t<meta property=\"og:image:height\" content=\"1362\" \/>\n\t<meta property=\"og:image:type\" content=\"image\/jpeg\" \/>\n<meta name=\"twitter:card\" content=\"summary_large_image\" \/>\n<meta name=\"twitter:label1\" content=\"Est. reading time\" \/>\n\t<meta name=\"twitter:data1\" content=\"2 minutos\" \/>\n<script type=\"application\/ld+json\" class=\"yoast-schema-graph\">{\"@context\":\"https:\/\/schema.org\",\"@graph\":[{\"@type\":\"WebPage\",\"@id\":\"https:\/\/graziamagazine.com\/es\/articles\/disponible-menos-de-40-euros-y-de-mango-la-reina-letizia-estrena-mono-en-su-viaje-a-cuenca\/\",\"url\":\"https:\/\/graziamagazine.com\/es\/articles\/disponible-menos-de-40-euros-y-de-mango-la-reina-letizia-estrena-mono-en-su-viaje-a-cuenca\/\",\"name\":\"Disponible (menos de 40 euros) y de Mango, la reina Letizia estrena mono en su viaje a Cuenca | Grazia\",\"isPartOf\":{\"@id\":\"https:\/\/graziamagazine.com\/es\/#website\"},\"datePublished\":\"2020-07-02T14:40:23+00:00\",\"dateModified\":\"2020-07-02T14:40:23+00:00\",\"description\":\"Y adem\u00e1s la reina Letizia ha completado el look con accesorios tambi\u00e9n made in Spain.\",\"breadcrumb\":{\"@id\":\"https:\/\/graziamagazine.com\/es\/articles\/disponible-menos-de-40-euros-y-de-mango-la-reina-letizia-estrena-mono-en-su-viaje-a-cuenca\/#breadcrumb\"},\"inLanguage\":\"es\",\"potentialAction\":[{\"@type\":\"ReadAction\",\"target\":[\"https:\/\/graziamagazine.com\/es\/articles\/disponible-menos-de-40-euros-y-de-mango-la-reina-letizia-estrena-mono-en-su-viaje-a-cuenca\/\"]}]},{\"@type\":\"BreadcrumbList\",\"@id\":\"https:\/\/graziamagazine.com\/es\/articles\/disponible-menos-de-40-euros-y-de-mango-la-reina-letizia-estrena-mono-en-su-viaje-a-cuenca\/#breadcrumb\",\"itemListElement\":[{\"@type\":\"ListItem\",\"position\":1,\"name\":\"Portada\",\"item\":\"https:\/\/graziamagazine.com\/es\/\"},{\"@type\":\"ListItem\",\"position\":2,\"name\":\"Disponible (menos de 40 euros) y de Mango, la reina Letizia estrena mono en su viaje a Cuenca\"}]},{\"@type\":\"WebSite\",\"@id\":\"https:\/\/graziamagazine.com\/es\/#website\",\"url\":\"https:\/\/graziamagazine.com\/es\/\",\"name\":\"Grazia\",\"description\":\"Moda, belleza, celebrities, estilo de vida...\",\"potentialAction\":[{\"@type\":\"SearchAction\",\"target\":{\"@type\":\"EntryPoint\",\"urlTemplate\":\"https:\/\/graziamagazine.com\/es\/?s={search_term_string}\"},\"query-input\":\"required name=search_term_string\"}],\"inLanguage\":\"es\"}]}<\/script>\n<!-- \/ Yoast SEO Premium plugin. -->","yoast_head_json":{"title":"Disponible (menos de 40 euros) y de Mango, la reina Letizia estrena mono en su viaje a Cuenca | Grazia","description":"Y adem\u00e1s la reina Letizia ha completado el look con accesorios tambi\u00e9n made in Spain.","robots":{"index":"index","follow":"follow","max-snippet":"max-snippet:-1","max-image-preview":"max-image-preview:large","max-video-preview":"max-video-preview:-1"},"canonical":"https:\/\/graziamagazine.com\/es\/articles\/disponible-menos-de-40-euros-y-de-mango-la-reina-letizia-estrena-mono-en-su-viaje-a-cuenca\/","og_locale":"es_ES","og_type":"article","og_title":"Disponible (menos de 40 euros) y de Mango, la reina Letizia estrena mono en su viaje a Cuenca","og_description":"Y adem\u00e1s la reina Letizia ha completado el look con accesorios tambi\u00e9n made in Spain.","og_url":"https:\/\/graziamagazine.com\/es\/articles\/disponible-menos-de-40-euros-y-de-mango-la-reina-letizia-estrena-mono-en-su-viaje-a-cuenca\/","og_site_name":"Grazia","og_image":[{"width":2048,"height":1362,"url":"https:\/\/graziamagazine.com\/es\/wp-content\/uploads\/sites\/12\/2020\/07\/Eb7LUM3U8AEamNg.jpeg?fit=2048%2C1362","type":"image\/jpeg"}],"twitter_card":"summary_large_image","twitter_misc":{"Est. reading time":"2 minutos"},"schema":{"@context":"https:\/\/schema.org","@graph":[{"@type":"WebPage","@id":"https:\/\/graziamagazine.com\/es\/articles\/disponible-menos-de-40-euros-y-de-mango-la-reina-letizia-estrena-mono-en-su-viaje-a-cuenca\/","url":"https:\/\/graziamagazine.com\/es\/articles\/disponible-menos-de-40-euros-y-de-mango-la-reina-letizia-estrena-mono-en-su-viaje-a-cuenca\/","name":"Disponible (menos de 40 euros) y de Mango, la reina Letizia estrena mono en su viaje a Cuenca | Grazia","isPartOf":{"@id":"https:\/\/graziamagazine.com\/es\/#website"},"datePublished":"2020-07-02T14:40:23+00:00","dateModified":"2020-07-02T14:40:23+00:00","description":"Y adem\u00e1s la reina Letizia ha completado el look con accesorios tambi\u00e9n made in Spain.","breadcrumb":{"@id":"https:\/\/graziamagazine.com\/es\/articles\/disponible-menos-de-40-euros-y-de-mango-la-reina-letizia-estrena-mono-en-su-viaje-a-cuenca\/#breadcrumb"},"inLanguage":"es","potentialAction":[{"@type":"ReadAction","target":["https:\/\/graziamagazine.com\/es\/articles\/disponible-menos-de-40-euros-y-de-mango-la-reina-letizia-estrena-mono-en-su-viaje-a-cuenca\/"]}]},{"@type":"BreadcrumbList","@id":"https:\/\/graziamagazine.com\/es\/articles\/disponible-menos-de-40-euros-y-de-mango-la-reina-letizia-estrena-mono-en-su-viaje-a-cuenca\/#breadcrumb","itemListElement":[{"@type":"ListItem","position":1,"name":"Portada","item":"https:\/\/graziamagazine.com\/es\/"},{"@type":"ListItem","position":2,"name":"Disponible (menos de 40 euros) y de Mango, la reina Letizia estrena mono en su viaje a Cuenca"}]},{"@type":"WebSite","@id":"https:\/\/graziamagazine.com\/es\/#website","url":"https:\/\/graziamagazine.com\/es\/","name":"Grazia","description":"Moda, belleza, celebrities, estilo de vida...","potentialAction":[{"@type":"SearchAction","target":{"@type":"EntryPoint","urlTemplate":"https:\/\/graziamagazine.com\/es\/?s={search_term_string}"},"query-input":"required name=search_term_string"}],"inLanguage":"es"}]}},"jetpack_sharing_enabled":true,"distributor_meta":false,"distributor_terms":false,"distributor_media":false,"distributor_original_site_name":"Grazia","distributor_original_site_url":"https:\/\/graziamagazine.com\/es","push-errors":false,"_links":{"self":[{"href":"https:\/\/graziamagazine.com\/es\/wp-json\/wp\/v2\/articles\/154728"}],"collection":[{"href":"https:\/\/graziamagazine.com\/es\/wp-json\/wp\/v2\/articles"}],"about":[{"href":"https:\/\/graziamagazine.com\/es\/wp-json\/wp\/v2\/types\/articles"}],"author":[{"embeddable":true,"href":"https:\/\/graziamagazine.com\/es\/wp-json\/wp\/v2\/users\/11653"}],"wp:featuredmedia":[{"embeddable":true,"href":"https:\/\/graziamagazine.com\/es\/wp-json\/wp\/v2\/media\/154729"}],"wp:attachment":[{"href":"https:\/\/graziamagazine.com\/es\/wp-json\/wp\/v2\/media?parent=154728"}],"wp:term":[{"taxonomy":"category","embeddable":true,"href":"https:\/\/graziamagazine.com\/es\/wp-json\/wp\/v2\/categories?post=154728"}],"curies":[{"name":"wp","href":"https:\/\/api.w.org\/{rel}","templated":true}]}}