{"id":154687,"date":"2020-06-09T17:29:01","date_gmt":"2020-06-09T15:29:01","guid":{"rendered":"https:\/\/graziamagazine.com\/es\/?post_type=articles&#038;p=154687"},"modified":"2020-06-29T19:51:32","modified_gmt":"2020-06-29T17:51:32","slug":"sara-salamo-imagen-de-skin-foodies-la-primera-linea-cosmetica-a-base-de-alimentos-de-lidl","status":"publish","type":"articles","link":"https:\/\/graziamagazine.com\/es\/articles\/sara-salamo-imagen-de-skin-foodies-la-primera-linea-cosmetica-a-base-de-alimentos-de-lidl\/","title":{"rendered":"Sara S\u00e1lamo, imagen de Skin Foodies, la primera l\u00ednea cosm\u00e9tica a base de alimentos de Lidl"},"content":{"rendered":"<p>La innovaci\u00f3n cosm\u00e9tica avanza cada d\u00eda, y con ella tambi\u00e9n una vuelta a lo natural. Las cosm\u00e9tica vegana se est\u00e1 imponiendo fuerte, y son muchas las que buscan productos que <em>veggie<\/em> para el cuidado de su piel.\u00a0Seg\u00fan datos de la consultora Grand View Research, el mercado de la cosm\u00e9tica vegana podr\u00eda alcanzar los 17.624 millones de euros en 2025. En Espa\u00f1a, casi el 10% de los ciudadanos mayores de 18 a\u00f1os practican el veganismo o siguen un estilo de vida <em>veggie<\/em>, por eso no es de extra\u00f1ar que en los \u00faltimos 3 a\u00f1os la popularidad de las marcas de belleza veganas haya crecido considerablemente, tal y como indica la consultora Kantar en su reciente estudio Retos y Oportunidades para el Sector Beauty de 2019.<\/p>\n<p><strong>Lidl<\/strong>, a trav\u00e9s de su marca cosm\u00e9tica Cien, da un paso al frente en este terreno y<strong> lanza la primera l\u00ednea de cosm\u00e9tica 100% vegana que, adem\u00e1s, aprovecha los m\u00faltiples beneficios naturales de los alimentos<\/strong> para el cuidado de la piel. Guarda este nombre en tu mente, porque se va a convertir en parte de tu rutina diaria de belleza:<strong> Skin Foodies<\/strong>.<\/p>\n<p><img loading=\"lazy\" decoding=\"async\" class=\"aligncenter size-full wp-image-154613\" src=\"https:\/\/www.grazia.es\/wp-content\/uploads\/2020\/06\/Captura-de-pantalla-2020-06-09-a-las-17.08.20.png\" alt=\"Sara S\u00e1lamo, imagen de Skin Foodies, la primera l\u00ednea cosm\u00e9tica a base de alimentos de Lidl\" width=\"483\" height=\"664\" \/><\/p>\n<p>La nueva l\u00ednea cuenta con <strong>17 variedades<\/strong>, tanto faciales como corporales, en las que est\u00e1n presentes alimentos como la papaya, el membrillo, el caf\u00e9 verde, el coco y que cuentan con una <strong>madrina de excepci\u00f3n, la actriz canaria Sara S\u00e1lamo<\/strong>, quien representa a a la perfecci\u00f3n la mujer a la que desde Lidl quieren llegar: <strong>moderna, inteligente, natural y <em>veggie<\/em>.<\/strong>\u00a0<em>\u201cEstoy encantada de ver que compa\u00f1\u00edas como Lidl apuestan por este tipo de productos. Esto demuestra que las personas consumimos cada vez m\u00e1s productos de origen vegetal -no solo en la cocina- y que est\u00e1 creciendo la conciencia social. Esta colaboraci\u00f3n me ilusiona especialmente, porque adopt\u00e9 la alimentaci\u00f3n vegetal como forma de vida a\u00f1os atr\u00e1s. Lidl ha dado un paso adelante para acercar a todos los p\u00fablicos la cosm\u00e9tica vegana. Creo que es primordial que la \u00e9tica vegana se extienda a cualquier \u00e1mbito y a corto plazo\u201d, ha declarado.\u00a0<\/em><\/p>\n<p><img loading=\"lazy\" decoding=\"async\" class=\"aligncenter size-full wp-image-154616\" src=\"https:\/\/www.grazia.es\/wp-content\/uploads\/2020\/06\/Captura-de-pantalla-2020-06-09-a-las-17.15.27.png\" alt=\"Sara S\u00e1lamo, imagen de Skin Foodies, la primera l\u00ednea cosm\u00e9tica a base de alimentos de Lidl\" width=\"673\" height=\"363\" \/><\/p>\n<h3>\u00bfQu\u00e9 vamos a encontrar en Skin Foodies?<\/h3>\n<p>La gama Skin Foodies est\u00e1 formada por 8 art\u00edculos con 17 variedades, y en todas ellas est\u00e1n presentes alimentos como\u00a0<strong>t\u00e9 verde, coco, membrillo, aceite de almendra, nueces de macadamia, caf\u00e9 verde, aceite de babas\u00fa, coco, papaya y pepino.\u00a0<\/strong><\/p>\n<p><img loading=\"lazy\" decoding=\"async\" class=\"aligncenter size-full wp-image-154615\" src=\"https:\/\/www.grazia.es\/wp-content\/uploads\/2020\/06\/Captura-de-pantalla-2020-06-09-a-las-17.15.00.png\" alt=\"Sara S\u00e1lamo, imagen de Skin Foodies, la primera l\u00ednea cosm\u00e9tica a base de alimentos de Lidl\" width=\"415\" height=\"716\" \/><\/p>\n<p><img loading=\"lazy\" decoding=\"async\" class=\"aligncenter size-full wp-image-154614\" src=\"https:\/\/www.grazia.es\/wp-content\/uploads\/2020\/06\/Captura-de-pantalla-2020-06-09-a-las-17.14.49.png\" alt=\"Sara S\u00e1lamo, imagen de Skin Foodies, la primera l\u00ednea cosm\u00e9tica a base de alimentos de Lidl\" width=\"655\" height=\"696\" \/><\/p>\n<p>\u00bfTe pondr\u00edas algo en la piel que no pudieras comerte? Esa es una de las grandes tendencias cosm\u00e9ticas del momento, como nos comenta\u00a0Julia Jim\u00e9nez, experta en nutrici\u00f3n y diet\u00e9tica y autora de \u2018F\u00e1cil, Sano, Vegano\u2019, por ello en Skin Foodies han creado\u00a0desde<strong> agua micelar, crema facial, exfoliante, s\u00e9rum tonificante y mascarillas, hasta crema de manos y gel de ducha.<\/strong><\/p>\n<p><img loading=\"lazy\" decoding=\"async\" class=\"aligncenter size-full wp-image-154617\" src=\"https:\/\/www.grazia.es\/wp-content\/uploads\/2020\/06\/Captura-de-pantalla-2020-06-09-a-las-17.15.45.png\" alt=\"Sara S\u00e1lamo, imagen de Skin Foodies, la primera l\u00ednea cosm\u00e9tica a base de alimentos de Lidl\" width=\"634\" height=\"502\" \/><\/p>\n<p>Todos cuestan <strong>por debajo de los 4 euros<\/strong>. \u00bfYa sabes por cu\u00e1l vas a comenzar?<\/p>\n<p><em>*Im\u00e1genes: Cortes\u00eda Lidl<\/em><\/p>\n<p><strong>\u00a0<\/strong><\/p>\n<p>&nbsp;<\/p>\n","protected":false},"author":11653,"featured_media":154688,"template":"","format":"standard","categories":[7,13],"acf":[],"yoast_head":"<!-- This site is optimized with the Yoast SEO Premium plugin v18.5 (Yoast SEO v20.4) - https:\/\/yoast.com\/wordpress\/plugins\/seo\/ -->\n<title>Sara S\u00e1lamo, imagen de Skin Foodies, la primera l\u00ednea cosm\u00e9tica a base de alimentos de Lidl | Grazia<\/title>\n<meta name=\"description\" content=\"Lidl presenta la primera l\u00ednea de cosm\u00e9tica vegana que aprovecha los beneficios de los alimentos para el cuidado de la piel.\" \/>\n<meta name=\"robots\" content=\"index, follow, max-snippet:-1, max-image-preview:large, max-video-preview:-1\" \/>\n<link rel=\"canonical\" href=\"https:\/\/graziamagazine.com\/es\/articles\/sara-salamo-imagen-de-skin-foodies-la-primera-linea-cosmetica-a-base-de-alimentos-de-lidl\/\" \/>\n<meta property=\"og:locale\" content=\"es_ES\" \/>\n<meta property=\"og:type\" content=\"article\" \/>\n<meta property=\"og:title\" content=\"Sara S\u00e1lamo, imagen de Skin Foodies, la primera l\u00ednea cosm\u00e9tica a base de alimentos de Lidl\" \/>\n<meta property=\"og:description\" content=\"Lidl presenta la primera l\u00ednea de cosm\u00e9tica vegana que aprovecha los beneficios de los alimentos para el cuidado de la piel.\" \/>\n<meta property=\"og:url\" content=\"https:\/\/graziamagazine.com\/es\/articles\/sara-salamo-imagen-de-skin-foodies-la-primera-linea-cosmetica-a-base-de-alimentos-de-lidl\/\" \/>\n<meta property=\"og:site_name\" content=\"Grazia\" \/>\n<meta property=\"article:modified_time\" content=\"2020-06-29T17:51:32+00:00\" \/>\n<meta property=\"og:image\" content=\"https:\/\/graziamagazine.com\/es\/wp-content\/uploads\/sites\/12\/2020\/06\/Captura-de-pantalla-2020-06-09-a-las-17.08.04-900x510-1.png?fit=900%2C510\" \/>\n\t<meta property=\"og:image:width\" content=\"900\" \/>\n\t<meta property=\"og:image:height\" content=\"510\" \/>\n\t<meta property=\"og:image:type\" content=\"image\/png\" \/>\n<meta name=\"twitter:card\" content=\"summary_large_image\" \/>\n<meta name=\"twitter:label1\" content=\"Est. reading time\" \/>\n\t<meta name=\"twitter:data1\" content=\"2 minutos\" \/>\n<script type=\"application\/ld+json\" class=\"yoast-schema-graph\">{\"@context\":\"https:\/\/schema.org\",\"@graph\":[{\"@type\":\"WebPage\",\"@id\":\"https:\/\/graziamagazine.com\/es\/articles\/sara-salamo-imagen-de-skin-foodies-la-primera-linea-cosmetica-a-base-de-alimentos-de-lidl\/\",\"url\":\"https:\/\/graziamagazine.com\/es\/articles\/sara-salamo-imagen-de-skin-foodies-la-primera-linea-cosmetica-a-base-de-alimentos-de-lidl\/\",\"name\":\"Sara S\u00e1lamo, imagen de Skin Foodies, la primera l\u00ednea cosm\u00e9tica a base de alimentos de Lidl | Grazia\",\"isPartOf\":{\"@id\":\"https:\/\/graziamagazine.com\/es\/#website\"},\"datePublished\":\"2020-06-09T15:29:01+00:00\",\"dateModified\":\"2020-06-29T17:51:32+00:00\",\"description\":\"Lidl presenta la primera l\u00ednea de cosm\u00e9tica vegana que aprovecha los beneficios de los alimentos para el cuidado de la piel.\",\"breadcrumb\":{\"@id\":\"https:\/\/graziamagazine.com\/es\/articles\/sara-salamo-imagen-de-skin-foodies-la-primera-linea-cosmetica-a-base-de-alimentos-de-lidl\/#breadcrumb\"},\"inLanguage\":\"es\",\"potentialAction\":[{\"@type\":\"ReadAction\",\"target\":[\"https:\/\/graziamagazine.com\/es\/articles\/sara-salamo-imagen-de-skin-foodies-la-primera-linea-cosmetica-a-base-de-alimentos-de-lidl\/\"]}]},{\"@type\":\"BreadcrumbList\",\"@id\":\"https:\/\/graziamagazine.com\/es\/articles\/sara-salamo-imagen-de-skin-foodies-la-primera-linea-cosmetica-a-base-de-alimentos-de-lidl\/#breadcrumb\",\"itemListElement\":[{\"@type\":\"ListItem\",\"position\":1,\"name\":\"Portada\",\"item\":\"https:\/\/graziamagazine.com\/es\/\"},{\"@type\":\"ListItem\",\"position\":2,\"name\":\"Sara S\u00e1lamo, imagen de Skin Foodies, la primera l\u00ednea cosm\u00e9tica a base de alimentos de Lidl\"}]},{\"@type\":\"WebSite\",\"@id\":\"https:\/\/graziamagazine.com\/es\/#website\",\"url\":\"https:\/\/graziamagazine.com\/es\/\",\"name\":\"Grazia\",\"description\":\"Moda, belleza, celebrities, estilo de vida...\",\"potentialAction\":[{\"@type\":\"SearchAction\",\"target\":{\"@type\":\"EntryPoint\",\"urlTemplate\":\"https:\/\/graziamagazine.com\/es\/?s={search_term_string}\"},\"query-input\":\"required name=search_term_string\"}],\"inLanguage\":\"es\"}]}<\/script>\n<!-- \/ Yoast SEO Premium plugin. -->","yoast_head_json":{"title":"Sara S\u00e1lamo, imagen de Skin Foodies, la primera l\u00ednea cosm\u00e9tica a base de alimentos de Lidl | Grazia","description":"Lidl presenta la primera l\u00ednea de cosm\u00e9tica vegana que aprovecha los beneficios de los alimentos para el cuidado de la piel.","robots":{"index":"index","follow":"follow","max-snippet":"max-snippet:-1","max-image-preview":"max-image-preview:large","max-video-preview":"max-video-preview:-1"},"canonical":"https:\/\/graziamagazine.com\/es\/articles\/sara-salamo-imagen-de-skin-foodies-la-primera-linea-cosmetica-a-base-de-alimentos-de-lidl\/","og_locale":"es_ES","og_type":"article","og_title":"Sara S\u00e1lamo, imagen de Skin Foodies, la primera l\u00ednea cosm\u00e9tica a base de alimentos de Lidl","og_description":"Lidl presenta la primera l\u00ednea de cosm\u00e9tica vegana que aprovecha los beneficios de los alimentos para el cuidado de la piel.","og_url":"https:\/\/graziamagazine.com\/es\/articles\/sara-salamo-imagen-de-skin-foodies-la-primera-linea-cosmetica-a-base-de-alimentos-de-lidl\/","og_site_name":"Grazia","article_modified_time":"2020-06-29T17:51:32+00:00","og_image":[{"width":900,"height":510,"url":"https:\/\/graziamagazine.com\/es\/wp-content\/uploads\/sites\/12\/2020\/06\/Captura-de-pantalla-2020-06-09-a-las-17.08.04-900x510-1.png?fit=900%2C510","type":"image\/png"}],"twitter_card":"summary_large_image","twitter_misc":{"Est. reading time":"2 minutos"},"schema":{"@context":"https:\/\/schema.org","@graph":[{"@type":"WebPage","@id":"https:\/\/graziamagazine.com\/es\/articles\/sara-salamo-imagen-de-skin-foodies-la-primera-linea-cosmetica-a-base-de-alimentos-de-lidl\/","url":"https:\/\/graziamagazine.com\/es\/articles\/sara-salamo-imagen-de-skin-foodies-la-primera-linea-cosmetica-a-base-de-alimentos-de-lidl\/","name":"Sara S\u00e1lamo, imagen de Skin Foodies, la primera l\u00ednea cosm\u00e9tica a base de alimentos de Lidl | Grazia","isPartOf":{"@id":"https:\/\/graziamagazine.com\/es\/#website"},"datePublished":"2020-06-09T15:29:01+00:00","dateModified":"2020-06-29T17:51:32+00:00","description":"Lidl presenta la primera l\u00ednea de cosm\u00e9tica vegana que aprovecha los beneficios de los alimentos para el cuidado de la piel.","breadcrumb":{"@id":"https:\/\/graziamagazine.com\/es\/articles\/sara-salamo-imagen-de-skin-foodies-la-primera-linea-cosmetica-a-base-de-alimentos-de-lidl\/#breadcrumb"},"inLanguage":"es","potentialAction":[{"@type":"ReadAction","target":["https:\/\/graziamagazine.com\/es\/articles\/sara-salamo-imagen-de-skin-foodies-la-primera-linea-cosmetica-a-base-de-alimentos-de-lidl\/"]}]},{"@type":"BreadcrumbList","@id":"https:\/\/graziamagazine.com\/es\/articles\/sara-salamo-imagen-de-skin-foodies-la-primera-linea-cosmetica-a-base-de-alimentos-de-lidl\/#breadcrumb","itemListElement":[{"@type":"ListItem","position":1,"name":"Portada","item":"https:\/\/graziamagazine.com\/es\/"},{"@type":"ListItem","position":2,"name":"Sara S\u00e1lamo, imagen de Skin Foodies, la primera l\u00ednea cosm\u00e9tica a base de alimentos de Lidl"}]},{"@type":"WebSite","@id":"https:\/\/graziamagazine.com\/es\/#website","url":"https:\/\/graziamagazine.com\/es\/","name":"Grazia","description":"Moda, belleza, celebrities, estilo de vida...","potentialAction":[{"@type":"SearchAction","target":{"@type":"EntryPoint","urlTemplate":"https:\/\/graziamagazine.com\/es\/?s={search_term_string}"},"query-input":"required name=search_term_string"}],"inLanguage":"es"}]}},"jetpack_sharing_enabled":true,"distributor_meta":false,"distributor_terms":false,"distributor_media":false,"distributor_original_site_name":"Grazia","distributor_original_site_url":"https:\/\/graziamagazine.com\/es","push-errors":false,"_links":{"self":[{"href":"https:\/\/graziamagazine.com\/es\/wp-json\/wp\/v2\/articles\/154687"}],"collection":[{"href":"https:\/\/graziamagazine.com\/es\/wp-json\/wp\/v2\/articles"}],"about":[{"href":"https:\/\/graziamagazine.com\/es\/wp-json\/wp\/v2\/types\/articles"}],"author":[{"embeddable":true,"href":"https:\/\/graziamagazine.com\/es\/wp-json\/wp\/v2\/users\/11653"}],"wp:featuredmedia":[{"embeddable":true,"href":"https:\/\/graziamagazine.com\/es\/wp-json\/wp\/v2\/media\/154688"}],"wp:attachment":[{"href":"https:\/\/graziamagazine.com\/es\/wp-json\/wp\/v2\/media?parent=154687"}],"wp:term":[{"taxonomy":"category","embeddable":true,"href":"https:\/\/graziamagazine.com\/es\/wp-json\/wp\/v2\/categories?post=154687"}],"curies":[{"name":"wp","href":"https:\/\/api.w.org\/{rel}","templated":true}]}}