{"id":154647,"date":"2020-06-15T18:26:26","date_gmt":"2020-06-15T16:26:26","guid":{"rendered":"https:\/\/graziamagazine.com\/es\/?post_type=articles&#038;p=154647"},"modified":"2020-06-29T16:08:50","modified_gmt":"2020-06-29T14:08:50","slug":"mbfwmadrid-ya-tiene-fecha-para-su-72a-edicion-en-formato-hibrido","status":"publish","type":"articles","link":"https:\/\/graziamagazine.com\/es\/articles\/mbfwmadrid-ya-tiene-fecha-para-su-72a-edicion-en-formato-hibrido\/","title":{"rendered":"MBFWMadrid ya tiene fecha para su 72\u00aa edici\u00f3n en formato h\u00edbrido"},"content":{"rendered":"<p>Uno de los cambios en el mundo de la moda, tras la crisis del coronavirus, ha sido la celebraci\u00f3n de la presentaci\u00f3n de las nuevas colecciones sobre la pasarela. Hace unos d\u00edas ve\u00edamos c\u00f3mo Chanel presentaba en un nuevo formato su colecci\u00f3n crucero, y tambi\u00e9n marcas como <a href=\"https:\/\/bit.ly\/3eicVI2\" target=\"_blank\">Gucci se bajaban del circuito oficial de pasarelas<\/a>, o <a href=\"https:\/\/bit.ly\/3fhdnqN\" target=\"_blank\">Dolce &amp; Gabbana se sub\u00eda 20 a\u00f1os despu\u00e9s a la edici\u00f3n de Milan Fashion Week virtual<\/a> que vamos a presenciar en julio.<\/p>\n<p>Ahora le toca el turno a la pasarela espa\u00f1ola, y hoy <strong>Mercedes-Benz Fashion Week Madrid<\/strong>, la mayor plataforma de promoci\u00f3n de la moda espa\u00f1ola, organizada por IFEMA, ha hecho p\u00fablico c\u00f3mo se va a desarrollar la nueva pasarela, y que adem\u00e1s ha pasado de ser en julio como en a\u00f1os anteriores, a regresar a septiembre, su fecha original. <strong>Tendr\u00e1 lugar del 10 al 13 de septiembre de 2020<\/strong>, \u00a0apostando \u00a0en esta edici\u00f3n por la hibridaci\u00f3n de su formato, \u00a0y por implementar todas las medidas \u00a0y protocolos sanitarios para ofrecer las m\u00e1ximas garant\u00edas para la salud y la seguridad de los asistentes.<\/p>\n<p>Esta nueva convocatoria de MBFWMadrid acoger\u00e1 durante <strong>cuatro jornadas la presentaci\u00f3n de las propuestas de los grandes nombres de la moda espa\u00f1ola, tanto consagrados, como nuevos valores<\/strong>. El formato en esta edici\u00f3n <strong>combinar\u00e1 la realizaci\u00f3n de desfiles presenciales, con la emisi\u00f3n de los desfiles y otros contenidos a trav\u00e9s de una nueva plataforma digital<\/strong>.<\/p>\n<p><img loading=\"lazy\" decoding=\"async\" class=\"aligncenter size-full wp-image-154706\" src=\"https:\/\/www.grazia.es\/wp-content\/uploads\/2020\/06\/Eaj_n9DWkAAK5YL.jpeg\" alt=\"https:\/\/bit.ly\/3eicVI2\" width=\"680\" height=\"453\" \/><\/p>\n<p>En este sentido, se trata de una iniciativa innovadora en la que \u00a0MBFWMadrid viene trabajando, \u00a0y cuya implantaci\u00f3n permitir\u00e1 poner en alza el valor de las creaciones de los grandes protagonistas de la moda espa\u00f1ola, as\u00ed como amplificar el alcance de sus colecciones y de su difusi\u00f3n a trav\u00e9s de un medio que facilita una conexi\u00f3n ilimitada. De esta forma, <strong>se podr\u00e1 acceder a los desfiles y otros contenidos en cualquier momento y desde cualquier punto del planeta<\/strong>.<\/p>\n<p>En palabras de <strong>Nuria de Miguel, directora de MBFWMadrid:<\/strong>\u00a0<em>\u201cA<\/em><em>hora, m\u00e1s que nunca la moda espa\u00f1ola necesita reactivar la generaci\u00f3n de negocio y poner en valor su creatividad y el talento. Por ello, en IFEMA estamos trabajando en un formato de pasarela h\u00edbrido para la pr\u00f3xima edici\u00f3n de Mercedes-Benz Fashion Week Madrid, su gran escaparate, que ayude a generar visibilidad y negocio a esta industria en el nuevo contexto\u201d.<\/em><\/p>\n<p><strong>Altas medidas de seguridad<\/strong><\/p>\n<p>Con motivo de la vuelta a la actividad de cara al pr\u00f3ximo mes de septiembre, IFEMA est\u00e1 reforzando su seguridad con protocolos y tecnolog\u00eda punta para garantizar un \u2018espacio seguro\u2019 en el recinto ferial. De este modo, numerosas novedades en cuanto a prevenci\u00f3n y protecci\u00f3n se est\u00e1n implantando en las instalaciones gracias a la direcci\u00f3n de la Unidad de Control de Seguridad y Salud (UCS), recientemente creada por IFEMA. Para consultar todas las medidas llevadas a cabo por IFEMA para garantizar al m\u00e1ximo la seguridad y la salud de sus expositores, visitantes, proveedores y empleados, consultar\u00a0<a href=\"https:\/\/www.ifema.es\/notas-prensa\/ifema-refuerza-seguridad\" target=\"_blank\" rel=\"noopener noreferrer\" target=\"_blank\">aqu\u00ed<\/a>.<\/p>\n<p><em>*Im\u00e1genes: Mercedes Benz Fashion Week<\/em><\/p>\n","protected":false},"author":11653,"featured_media":154648,"template":"","format":"standard","categories":[2301],"acf":[],"yoast_head":"<!-- This site is optimized with the Yoast SEO Premium plugin v18.5 (Yoast SEO v20.4) - https:\/\/yoast.com\/wordpress\/plugins\/seo\/ -->\n<title>MBFWMadrid ya tiene fecha para su 72\u00aa edici\u00f3n en formato h\u00edbrido | Grazia<\/title>\n<meta name=\"description\" content=\"La pasarela de moda espa\u00f1ola se celebrar\u00e1 en formato h\u00edbrido, conjugando la presentaci\u00f3n presencial de colecciones, con la emisi\u00f3n de los desfiles y otros contenidos a trav\u00e9s de una nueva plataforma digital del 10 al 13 de septiembre.\" \/>\n<meta name=\"robots\" content=\"index, follow, max-snippet:-1, max-image-preview:large, max-video-preview:-1\" \/>\n<link rel=\"canonical\" href=\"https:\/\/graziamagazine.com\/es\/articles\/mbfwmadrid-ya-tiene-fecha-para-su-72a-edicion-en-formato-hibrido\/\" \/>\n<meta property=\"og:locale\" content=\"es_ES\" \/>\n<meta property=\"og:type\" content=\"article\" \/>\n<meta property=\"og:title\" content=\"MBFWMadrid ya tiene fecha para su 72\u00aa edici\u00f3n en formato h\u00edbrido\" \/>\n<meta property=\"og:description\" content=\"La pasarela de moda espa\u00f1ola se celebrar\u00e1 en formato h\u00edbrido, conjugando la presentaci\u00f3n presencial de colecciones, con la emisi\u00f3n de los desfiles y otros contenidos a trav\u00e9s de una nueva plataforma digital del 10 al 13 de septiembre.\" \/>\n<meta property=\"og:url\" content=\"https:\/\/graziamagazine.com\/es\/articles\/mbfwmadrid-ya-tiene-fecha-para-su-72a-edicion-en-formato-hibrido\/\" \/>\n<meta property=\"og:site_name\" content=\"Grazia\" \/>\n<meta property=\"article:modified_time\" content=\"2020-06-29T14:08:50+00:00\" \/>\n<meta property=\"og:image\" content=\"https:\/\/graziamagazine.com\/es\/wp-content\/uploads\/sites\/12\/2020\/06\/1155420-900x514-1.jpeg?fit=900%2C514\" \/>\n\t<meta property=\"og:image:width\" content=\"900\" \/>\n\t<meta property=\"og:image:height\" content=\"514\" \/>\n\t<meta property=\"og:image:type\" content=\"image\/jpeg\" \/>\n<meta name=\"twitter:card\" content=\"summary_large_image\" \/>\n<meta name=\"twitter:label1\" content=\"Est. reading time\" \/>\n\t<meta name=\"twitter:data1\" content=\"3 minutos\" \/>\n<script type=\"application\/ld+json\" class=\"yoast-schema-graph\">{\"@context\":\"https:\/\/schema.org\",\"@graph\":[{\"@type\":\"WebPage\",\"@id\":\"https:\/\/graziamagazine.com\/es\/articles\/mbfwmadrid-ya-tiene-fecha-para-su-72a-edicion-en-formato-hibrido\/\",\"url\":\"https:\/\/graziamagazine.com\/es\/articles\/mbfwmadrid-ya-tiene-fecha-para-su-72a-edicion-en-formato-hibrido\/\",\"name\":\"MBFWMadrid ya tiene fecha para su 72\u00aa edici\u00f3n en formato h\u00edbrido | Grazia\",\"isPartOf\":{\"@id\":\"https:\/\/graziamagazine.com\/es\/#website\"},\"datePublished\":\"2020-06-15T16:26:26+00:00\",\"dateModified\":\"2020-06-29T14:08:50+00:00\",\"description\":\"La pasarela de moda espa\u00f1ola se celebrar\u00e1 en formato h\u00edbrido, conjugando la presentaci\u00f3n presencial de colecciones, con la emisi\u00f3n de los desfiles y otros contenidos a trav\u00e9s de una nueva plataforma digital del 10 al 13 de septiembre.\",\"breadcrumb\":{\"@id\":\"https:\/\/graziamagazine.com\/es\/articles\/mbfwmadrid-ya-tiene-fecha-para-su-72a-edicion-en-formato-hibrido\/#breadcrumb\"},\"inLanguage\":\"es\",\"potentialAction\":[{\"@type\":\"ReadAction\",\"target\":[\"https:\/\/graziamagazine.com\/es\/articles\/mbfwmadrid-ya-tiene-fecha-para-su-72a-edicion-en-formato-hibrido\/\"]}]},{\"@type\":\"BreadcrumbList\",\"@id\":\"https:\/\/graziamagazine.com\/es\/articles\/mbfwmadrid-ya-tiene-fecha-para-su-72a-edicion-en-formato-hibrido\/#breadcrumb\",\"itemListElement\":[{\"@type\":\"ListItem\",\"position\":1,\"name\":\"Portada\",\"item\":\"https:\/\/graziamagazine.com\/es\/\"},{\"@type\":\"ListItem\",\"position\":2,\"name\":\"MBFWMadrid ya tiene fecha para su 72\u00aa edici\u00f3n en formato h\u00edbrido\"}]},{\"@type\":\"WebSite\",\"@id\":\"https:\/\/graziamagazine.com\/es\/#website\",\"url\":\"https:\/\/graziamagazine.com\/es\/\",\"name\":\"Grazia\",\"description\":\"Moda, belleza, celebrities, estilo de vida...\",\"potentialAction\":[{\"@type\":\"SearchAction\",\"target\":{\"@type\":\"EntryPoint\",\"urlTemplate\":\"https:\/\/graziamagazine.com\/es\/?s={search_term_string}\"},\"query-input\":\"required name=search_term_string\"}],\"inLanguage\":\"es\"}]}<\/script>\n<!-- \/ Yoast SEO Premium plugin. -->","yoast_head_json":{"title":"MBFWMadrid ya tiene fecha para su 72\u00aa edici\u00f3n en formato h\u00edbrido | Grazia","description":"La pasarela de moda espa\u00f1ola se celebrar\u00e1 en formato h\u00edbrido, conjugando la presentaci\u00f3n presencial de colecciones, con la emisi\u00f3n de los desfiles y otros contenidos a trav\u00e9s de una nueva plataforma digital del 10 al 13 de septiembre.","robots":{"index":"index","follow":"follow","max-snippet":"max-snippet:-1","max-image-preview":"max-image-preview:large","max-video-preview":"max-video-preview:-1"},"canonical":"https:\/\/graziamagazine.com\/es\/articles\/mbfwmadrid-ya-tiene-fecha-para-su-72a-edicion-en-formato-hibrido\/","og_locale":"es_ES","og_type":"article","og_title":"MBFWMadrid ya tiene fecha para su 72\u00aa edici\u00f3n en formato h\u00edbrido","og_description":"La pasarela de moda espa\u00f1ola se celebrar\u00e1 en formato h\u00edbrido, conjugando la presentaci\u00f3n presencial de colecciones, con la emisi\u00f3n de los desfiles y otros contenidos a trav\u00e9s de una nueva plataforma digital del 10 al 13 de septiembre.","og_url":"https:\/\/graziamagazine.com\/es\/articles\/mbfwmadrid-ya-tiene-fecha-para-su-72a-edicion-en-formato-hibrido\/","og_site_name":"Grazia","article_modified_time":"2020-06-29T14:08:50+00:00","og_image":[{"width":900,"height":514,"url":"https:\/\/graziamagazine.com\/es\/wp-content\/uploads\/sites\/12\/2020\/06\/1155420-900x514-1.jpeg?fit=900%2C514","type":"image\/jpeg"}],"twitter_card":"summary_large_image","twitter_misc":{"Est. reading time":"3 minutos"},"schema":{"@context":"https:\/\/schema.org","@graph":[{"@type":"WebPage","@id":"https:\/\/graziamagazine.com\/es\/articles\/mbfwmadrid-ya-tiene-fecha-para-su-72a-edicion-en-formato-hibrido\/","url":"https:\/\/graziamagazine.com\/es\/articles\/mbfwmadrid-ya-tiene-fecha-para-su-72a-edicion-en-formato-hibrido\/","name":"MBFWMadrid ya tiene fecha para su 72\u00aa edici\u00f3n en formato h\u00edbrido | Grazia","isPartOf":{"@id":"https:\/\/graziamagazine.com\/es\/#website"},"datePublished":"2020-06-15T16:26:26+00:00","dateModified":"2020-06-29T14:08:50+00:00","description":"La pasarela de moda espa\u00f1ola se celebrar\u00e1 en formato h\u00edbrido, conjugando la presentaci\u00f3n presencial de colecciones, con la emisi\u00f3n de los desfiles y otros contenidos a trav\u00e9s de una nueva plataforma digital del 10 al 13 de septiembre.","breadcrumb":{"@id":"https:\/\/graziamagazine.com\/es\/articles\/mbfwmadrid-ya-tiene-fecha-para-su-72a-edicion-en-formato-hibrido\/#breadcrumb"},"inLanguage":"es","potentialAction":[{"@type":"ReadAction","target":["https:\/\/graziamagazine.com\/es\/articles\/mbfwmadrid-ya-tiene-fecha-para-su-72a-edicion-en-formato-hibrido\/"]}]},{"@type":"BreadcrumbList","@id":"https:\/\/graziamagazine.com\/es\/articles\/mbfwmadrid-ya-tiene-fecha-para-su-72a-edicion-en-formato-hibrido\/#breadcrumb","itemListElement":[{"@type":"ListItem","position":1,"name":"Portada","item":"https:\/\/graziamagazine.com\/es\/"},{"@type":"ListItem","position":2,"name":"MBFWMadrid ya tiene fecha para su 72\u00aa edici\u00f3n en formato h\u00edbrido"}]},{"@type":"WebSite","@id":"https:\/\/graziamagazine.com\/es\/#website","url":"https:\/\/graziamagazine.com\/es\/","name":"Grazia","description":"Moda, belleza, celebrities, estilo de vida...","potentialAction":[{"@type":"SearchAction","target":{"@type":"EntryPoint","urlTemplate":"https:\/\/graziamagazine.com\/es\/?s={search_term_string}"},"query-input":"required name=search_term_string"}],"inLanguage":"es"}]}},"jetpack_sharing_enabled":true,"distributor_meta":false,"distributor_terms":false,"distributor_media":false,"distributor_original_site_name":"Grazia","distributor_original_site_url":"https:\/\/graziamagazine.com\/es","push-errors":false,"_links":{"self":[{"href":"https:\/\/graziamagazine.com\/es\/wp-json\/wp\/v2\/articles\/154647"}],"collection":[{"href":"https:\/\/graziamagazine.com\/es\/wp-json\/wp\/v2\/articles"}],"about":[{"href":"https:\/\/graziamagazine.com\/es\/wp-json\/wp\/v2\/types\/articles"}],"author":[{"embeddable":true,"href":"https:\/\/graziamagazine.com\/es\/wp-json\/wp\/v2\/users\/11653"}],"wp:featuredmedia":[{"embeddable":true,"href":"https:\/\/graziamagazine.com\/es\/wp-json\/wp\/v2\/media\/154648"}],"wp:attachment":[{"href":"https:\/\/graziamagazine.com\/es\/wp-json\/wp\/v2\/media?parent=154647"}],"wp:term":[{"taxonomy":"category","embeddable":true,"href":"https:\/\/graziamagazine.com\/es\/wp-json\/wp\/v2\/categories?post=154647"}],"curies":[{"name":"wp","href":"https:\/\/api.w.org\/{rel}","templated":true}]}}