{"id":154637,"date":"2020-06-16T15:57:22","date_gmt":"2020-06-16T13:57:22","guid":{"rendered":"https:\/\/graziamagazine.com\/es\/?post_type=articles&#038;p=154637"},"modified":"2020-06-26T23:41:32","modified_gmt":"2020-06-26T21:41:32","slug":"asi-es-matthew-williams-el-nuevo-director-creativo-de-givenchy","status":"publish","type":"articles","link":"https:\/\/graziamagazine.com\/es\/articles\/asi-es-matthew-williams-el-nuevo-director-creativo-de-givenchy\/","title":{"rendered":"As\u00ed es Matthew Williams, el nuevo Director Creativo de Givenchy"},"content":{"rendered":"<p>Hace un par de semanas, cuando el mundo se hab\u00eda parado por completo,\u00a0<a href=\"https:\/\/bit.ly\/2K3504t\" target=\"_blank\" rel=\"noopener noreferrer\" target=\"_blank\"><strong>Clare Waight Keller<\/strong>\u00a0y\u00a0<strong>Givenchy<\/strong>\u00a0anunciaron el fin de su colaboraci\u00f3n<\/a>\u00a0tras tres a\u00f1os durante los cuales dise\u00f1\u00f3\u00a0el vestido de novia de\u00a0<strong>Meghan Markle<\/strong>,\u00a0<strong>duquesa de Sussex<\/strong>, y present\u00f3 aclamadas colecciones Alta Costura. Fue la primera mujer en liderar la casa fundada por\u00a0<strong>Hubert de Givenchy<\/strong>. Y aunque cre\u00edmos que la noticia en torno al nombramiento de su sucesor podr\u00eda tardar dadas las circunstancias globales en medio de la pandemia, la\u00a0<em>maison<\/em>\u00a0se convirti\u00f3 en el tema del d\u00eda al dar a conocer a\u00a0<strong>Matthew Williams<\/strong>\u00a0como su nuevo director creativo. Williams comenzar\u00e1 su era hoy martes 16 de junio y presentar\u00e1 su primera colecci\u00f3n el pr\u00f3ximo mes de la moda, octubre 2020.<\/p>\n<h3 class=\"linkAfter\">Pero, \u00bfqui\u00e9n es Matthew Williams?<\/h3>\n<p>Seguramente los fans del\u00a0<em>streetwear<\/em>\u00a0ya lo conocen\u2026 La apuesta de LVMH con Matthew es similar a la que hizo con\u00a0Virgil Abloh: creativos que comprenden por completo la est\u00e9tica urbana. <strong>Matthew Williams es cofundador de\u00a01017 ALYX 9SM, firma que naci\u00f3 en 2015 y le vali\u00f3 al dise\u00f1ador convertirse en finalista del LVMH Prize en 2016.<\/strong> Ha colaborado con Abloh, Kim Jones en Dior y Kanye West en distintos proyectos art\u00edsticos y su marca, Alyx, se ha logrado posicionar como una de culto para todos los que profesan el\u00a0<em>hypebeast<\/em>\u00a0como un estilo de vida.<\/p>\n<p>La nueva alianza cuestiona el rumbo de Givenchy por completo. Waight Keller hizo de su periodo uno rom\u00e1ntico, con gui\u00f1os a los archivos de la\u00a0<em>maison<\/em>\u00a0y a los a\u00f1os noventa. De hecho, la dise\u00f1adora inglesa compart\u00eda en Instagram sus constantes viajes al lugar donde el registro de la casa estaba situado, a tres horas de Par\u00eds. Pero con Matthew esta \u00e9poca apasionada quiz\u00e1s est\u00e9 por terminar e, inclusive, vuelva a aquella est\u00e9tica tan aclamada por Riccardo Tisci.<\/p>\n<p>Si analizamos Alyx, la firma de Williams, concluir\u00edamos en que las prendas, aunque sastreadas, mantienen esa esencia urbana un tanto provocativa. Sus primeras colecciones son un compendio de una traducci\u00f3n contempor\u00e1nea del punk \u2014arneses, mini faldas, estoperoles, cuero,\u00a0<em>thigh-high boots<\/em>\u00a0<em>\u00e0 la Dr. Martens<\/em>\u00a0y mucho negro con rosa. As\u00ed que, \u00bfc\u00f3mo incorporar\u00e1 su visi\u00f3n a Givenchy? Aunque seguramente no veremos nada novedoso, es posible que la fusi\u00f3n de ideas resulte sorprendente. Y, la prueba m\u00e1s grande ser\u00e1 con su entrega Alta Costura, pues aunque distintos dise\u00f1adores con tendencia\u00a0<em>streetwear<\/em>\u00a0ya tomaron las riendas creativas de las firmas m\u00e1s reconocidas, ninguno ha tenido la oportunidad de sumergirse en los\u00a0<em>ateliers<\/em>.<\/p>\n<p>Por ahora, dejemos el nombramiento de Matthew Williams como el inicio de un nuevo episodio y algo emocionante para esperar\u00a0<em>fashion month<\/em>\u00a0con ansias.<\/p>\n<p><em>*Imagen: Gettyy Images<\/em><\/p>\n","protected":false},"author":11641,"featured_media":154638,"template":"","format":"standard","categories":[2971],"acf":{"banner":null},"yoast_head":"<!-- This site is optimized with the Yoast SEO Premium plugin v18.5 (Yoast SEO v20.4) - https:\/\/yoast.com\/wordpress\/plugins\/seo\/ -->\n<title>As\u00ed es Matthew Williams, el nuevo Director Creativo de Givenchy | Grazia<\/title>\n<meta name=\"description\" content=\"Tras un par de meses sin creativo a la cabeza de Givenchy, la maison anunci\u00f3 a Matthew Williams como su nuevo Director Creativo. Y si nunca has escuchado sobre \u00e9l, te decimos qui\u00e9n es.\" \/>\n<meta name=\"robots\" content=\"index, follow, max-snippet:-1, max-image-preview:large, max-video-preview:-1\" \/>\n<link rel=\"canonical\" href=\"https:\/\/graziamagazine.com\/es\/articles\/asi-es-matthew-williams-el-nuevo-director-creativo-de-givenchy\/\" \/>\n<meta property=\"og:locale\" content=\"es_ES\" \/>\n<meta property=\"og:type\" content=\"article\" \/>\n<meta property=\"og:title\" content=\"As\u00ed es Matthew Williams, el nuevo Director Creativo de Givenchy\" \/>\n<meta property=\"og:description\" content=\"Tras un par de meses sin creativo a la cabeza de Givenchy, la maison anunci\u00f3 a Matthew Williams como su nuevo Director Creativo. Y si nunca has escuchado sobre \u00e9l, te decimos qui\u00e9n es.\" \/>\n<meta property=\"og:url\" content=\"https:\/\/graziamagazine.com\/es\/articles\/asi-es-matthew-williams-el-nuevo-director-creativo-de-givenchy\/\" \/>\n<meta property=\"og:site_name\" content=\"Grazia\" \/>\n<meta property=\"article:modified_time\" content=\"2020-06-26T21:41:32+00:00\" \/>\n<meta property=\"og:image\" content=\"https:\/\/graziamagazine.com\/es\/wp-content\/uploads\/sites\/12\/2020\/06\/215230-e1592318153467.jpg?fit=765%2C478\" \/>\n\t<meta property=\"og:image:width\" content=\"765\" \/>\n\t<meta property=\"og:image:height\" content=\"478\" \/>\n\t<meta property=\"og:image:type\" content=\"image\/jpeg\" \/>\n<meta name=\"twitter:card\" content=\"summary_large_image\" \/>\n<meta name=\"twitter:label1\" content=\"Est. reading time\" \/>\n\t<meta name=\"twitter:data1\" content=\"2 minutos\" \/>\n<script type=\"application\/ld+json\" class=\"yoast-schema-graph\">{\"@context\":\"https:\/\/schema.org\",\"@graph\":[{\"@type\":\"WebPage\",\"@id\":\"https:\/\/graziamagazine.com\/es\/articles\/asi-es-matthew-williams-el-nuevo-director-creativo-de-givenchy\/\",\"url\":\"https:\/\/graziamagazine.com\/es\/articles\/asi-es-matthew-williams-el-nuevo-director-creativo-de-givenchy\/\",\"name\":\"As\u00ed es Matthew Williams, el nuevo Director Creativo de Givenchy | Grazia\",\"isPartOf\":{\"@id\":\"https:\/\/graziamagazine.com\/es\/#website\"},\"datePublished\":\"2020-06-16T13:57:22+00:00\",\"dateModified\":\"2020-06-26T21:41:32+00:00\",\"description\":\"Tras un par de meses sin creativo a la cabeza de Givenchy, la maison anunci\u00f3 a Matthew Williams como su nuevo Director Creativo. Y si nunca has escuchado sobre \u00e9l, te decimos qui\u00e9n es.\",\"breadcrumb\":{\"@id\":\"https:\/\/graziamagazine.com\/es\/articles\/asi-es-matthew-williams-el-nuevo-director-creativo-de-givenchy\/#breadcrumb\"},\"inLanguage\":\"es\",\"potentialAction\":[{\"@type\":\"ReadAction\",\"target\":[\"https:\/\/graziamagazine.com\/es\/articles\/asi-es-matthew-williams-el-nuevo-director-creativo-de-givenchy\/\"]}]},{\"@type\":\"BreadcrumbList\",\"@id\":\"https:\/\/graziamagazine.com\/es\/articles\/asi-es-matthew-williams-el-nuevo-director-creativo-de-givenchy\/#breadcrumb\",\"itemListElement\":[{\"@type\":\"ListItem\",\"position\":1,\"name\":\"Portada\",\"item\":\"https:\/\/graziamagazine.com\/es\/\"},{\"@type\":\"ListItem\",\"position\":2,\"name\":\"As\u00ed es Matthew Williams, el nuevo Director Creativo de Givenchy\"}]},{\"@type\":\"WebSite\",\"@id\":\"https:\/\/graziamagazine.com\/es\/#website\",\"url\":\"https:\/\/graziamagazine.com\/es\/\",\"name\":\"Grazia\",\"description\":\"Moda, belleza, celebrities, estilo de vida...\",\"potentialAction\":[{\"@type\":\"SearchAction\",\"target\":{\"@type\":\"EntryPoint\",\"urlTemplate\":\"https:\/\/graziamagazine.com\/es\/?s={search_term_string}\"},\"query-input\":\"required name=search_term_string\"}],\"inLanguage\":\"es\"}]}<\/script>\n<!-- \/ Yoast SEO Premium plugin. -->","yoast_head_json":{"title":"As\u00ed es Matthew Williams, el nuevo Director Creativo de Givenchy | Grazia","description":"Tras un par de meses sin creativo a la cabeza de Givenchy, la maison anunci\u00f3 a Matthew Williams como su nuevo Director Creativo. Y si nunca has escuchado sobre \u00e9l, te decimos qui\u00e9n es.","robots":{"index":"index","follow":"follow","max-snippet":"max-snippet:-1","max-image-preview":"max-image-preview:large","max-video-preview":"max-video-preview:-1"},"canonical":"https:\/\/graziamagazine.com\/es\/articles\/asi-es-matthew-williams-el-nuevo-director-creativo-de-givenchy\/","og_locale":"es_ES","og_type":"article","og_title":"As\u00ed es Matthew Williams, el nuevo Director Creativo de Givenchy","og_description":"Tras un par de meses sin creativo a la cabeza de Givenchy, la maison anunci\u00f3 a Matthew Williams como su nuevo Director Creativo. Y si nunca has escuchado sobre \u00e9l, te decimos qui\u00e9n es.","og_url":"https:\/\/graziamagazine.com\/es\/articles\/asi-es-matthew-williams-el-nuevo-director-creativo-de-givenchy\/","og_site_name":"Grazia","article_modified_time":"2020-06-26T21:41:32+00:00","og_image":[{"width":765,"height":478,"url":"https:\/\/graziamagazine.com\/es\/wp-content\/uploads\/sites\/12\/2020\/06\/215230-e1592318153467.jpg?fit=765%2C478","type":"image\/jpeg"}],"twitter_card":"summary_large_image","twitter_misc":{"Est. reading time":"2 minutos"},"schema":{"@context":"https:\/\/schema.org","@graph":[{"@type":"WebPage","@id":"https:\/\/graziamagazine.com\/es\/articles\/asi-es-matthew-williams-el-nuevo-director-creativo-de-givenchy\/","url":"https:\/\/graziamagazine.com\/es\/articles\/asi-es-matthew-williams-el-nuevo-director-creativo-de-givenchy\/","name":"As\u00ed es Matthew Williams, el nuevo Director Creativo de Givenchy | Grazia","isPartOf":{"@id":"https:\/\/graziamagazine.com\/es\/#website"},"datePublished":"2020-06-16T13:57:22+00:00","dateModified":"2020-06-26T21:41:32+00:00","description":"Tras un par de meses sin creativo a la cabeza de Givenchy, la maison anunci\u00f3 a Matthew Williams como su nuevo Director Creativo. Y si nunca has escuchado sobre \u00e9l, te decimos qui\u00e9n es.","breadcrumb":{"@id":"https:\/\/graziamagazine.com\/es\/articles\/asi-es-matthew-williams-el-nuevo-director-creativo-de-givenchy\/#breadcrumb"},"inLanguage":"es","potentialAction":[{"@type":"ReadAction","target":["https:\/\/graziamagazine.com\/es\/articles\/asi-es-matthew-williams-el-nuevo-director-creativo-de-givenchy\/"]}]},{"@type":"BreadcrumbList","@id":"https:\/\/graziamagazine.com\/es\/articles\/asi-es-matthew-williams-el-nuevo-director-creativo-de-givenchy\/#breadcrumb","itemListElement":[{"@type":"ListItem","position":1,"name":"Portada","item":"https:\/\/graziamagazine.com\/es\/"},{"@type":"ListItem","position":2,"name":"As\u00ed es Matthew Williams, el nuevo Director Creativo de Givenchy"}]},{"@type":"WebSite","@id":"https:\/\/graziamagazine.com\/es\/#website","url":"https:\/\/graziamagazine.com\/es\/","name":"Grazia","description":"Moda, belleza, celebrities, estilo de vida...","potentialAction":[{"@type":"SearchAction","target":{"@type":"EntryPoint","urlTemplate":"https:\/\/graziamagazine.com\/es\/?s={search_term_string}"},"query-input":"required name=search_term_string"}],"inLanguage":"es"}]}},"jetpack_sharing_enabled":true,"distributor_meta":false,"distributor_terms":false,"distributor_media":false,"distributor_original_site_name":"Grazia","distributor_original_site_url":"https:\/\/graziamagazine.com\/es","push-errors":false,"_links":{"self":[{"href":"https:\/\/graziamagazine.com\/es\/wp-json\/wp\/v2\/articles\/154637"}],"collection":[{"href":"https:\/\/graziamagazine.com\/es\/wp-json\/wp\/v2\/articles"}],"about":[{"href":"https:\/\/graziamagazine.com\/es\/wp-json\/wp\/v2\/types\/articles"}],"author":[{"embeddable":true,"href":"https:\/\/graziamagazine.com\/es\/wp-json\/wp\/v2\/users\/11641"}],"wp:featuredmedia":[{"embeddable":true,"href":"https:\/\/graziamagazine.com\/es\/wp-json\/wp\/v2\/media\/154638"}],"wp:attachment":[{"href":"https:\/\/graziamagazine.com\/es\/wp-json\/wp\/v2\/media?parent=154637"}],"wp:term":[{"taxonomy":"category","embeddable":true,"href":"https:\/\/graziamagazine.com\/es\/wp-json\/wp\/v2\/categories?post=154637"}],"curies":[{"name":"wp","href":"https:\/\/api.w.org\/{rel}","templated":true}]}}